{"id":33053,"date":"2022-10-01T15:08:22","date_gmt":"2022-10-01T13:08:22","guid":{"rendered":"https:\/\/www.forum-soegel.de\/information\/?p=33053"},"modified":"2022-11-06T15:10:28","modified_gmt":"2022-11-06T14:10:28","slug":"ehrungen-befoerderungen-und-ernennungen-bei-der-feuerwehr-boerger","status":"publish","type":"post","link":"https:\/\/www.forum-soegel.de\/information\/2022\/10\/ehrungen-befoerderungen-und-ernennungen-bei-der-feuerwehr-boerger\/","title":{"rendered":"Ehrungen, Bef\u00f6rderungen und Ernennungen bei der Feuerwehr B\u00f6rger"},"content":{"rendered":"\n<p>B\u00f6rger &#8211; Nach l\u00e4ngerer durch Corona bedingten Pause feierte die Feuerwehr B\u00f6rger wieder einen Kameradschaftsabend.<\/p>\n\n\n\n<p>Der neu gew\u00e4hlte Ortsbrandmeister Martin Klaas dankte nicht nur den Kameraden f\u00fcr Ihre stetige Einsatzbereitschaft, sondern auch den Partnerinnen. Dank galt auch der Gemeinde und Samtgemeinde f\u00fcr die gute Zusammenarbeit.<\/p>\n\n\n\n<p>In Ihren Gru\u00dfworten betonten sowohl der Samtgemeindeb\u00fcrgermeister Frank Kla\u00df als auch B\u00fcrgermeister J\u00fcrgen Ermes die Bedeutung der Feuerwehr B\u00f6rger f\u00fcr die Sicherheit in der Gemeinde.<\/p>\n\n\n\n<p>Aufgrund der langen Pause standen viele Ehrungen und Bef\u00f6rderungen im Mittelpunkt des Abends. Ortsbrandmeister Martin Klaas konnte die Kameraden Johannes Temmen zum Feuerwehrmann sowie Johannes Glander zum Oberfeuerwehrmann bef\u00f6rdern. Gemeindebrandmeister Heinz L\u00fcckenjans bef\u00f6rderte den Kameraden Sebastian Schr\u00f6er zum L\u00f6schmeister, Andreas Albers und Jens Poltrock zu Oberl\u00f6schmeistern sowie Martin Klaas zum Hauptl\u00f6schmeister. Auch er zeigte sich angetan vom Engagement der Wehr.<\/p>\n\n\n\n<p>L\u00fcckenjans selber wurde dann vom Kreisbrandmeister Holger Dyckhoff zum 1. Hauptbrandmeister bef\u00f6rdert.<\/p>\n\n\n\n<p>Ebenfalls verlieh Holger Dyckhoff mehreren langj\u00e4hrig t\u00e4tigen Feuerwehrleuten Ehrenzeichen. F\u00fcr 40 Jahre aktiven Dienst erhielten mit Gemeindebrandmeister Heinz L\u00fcckenjans sowie Johannes M\u00fcller, Johannes M\u00f6ring, Albert Hemken und Hans-Ulrich L\u00fcckenjans gleich f\u00fcnf Kameraden das Nieders\u00e4chsische Feuerwehrehrenzeichen in Gold. Klaus-Dieter Rolfes, Thomas Terhalle sowie J\u00fcrgen Ker\u00dfens konnten sich \u00fcber eine Ehrung mit dem Nieders\u00e4chsischen Feuerwehrehrenzeichen in Silber f\u00fcr 25 Jahre aktiven Dienst freuen.<\/p>\n\n\n\n<p>Dem Sicherheitsbeauftragten Ralf Schiering wurde am Abend aufgrund einer mehr als 15-j\u00e4hrigen T\u00e4tigkeit, die Ehrennadel der Feuerwehrunfallkasse in Gold zuteil.<\/p>\n\n\n\n<p>Ein weiterer H\u00f6hepunkt des Abends stellte die offizielle Ernennung der neuen Wehrf\u00fchrung dar. Ortsbrandmeister Martin Klaas sowie sein Stellvertreter Jens Poltrock wurden durch den Samtgemeindeb\u00fcrgermeister Frank Kla\u00df offiziell in das Ehrenbeamtenverh\u00e4ltnis berufen und erhielten Ihre Ernennungsurkunden.<\/p>\n\n\n\n<p>Text\/Foto: Feuerwehr B\u00f6rger<\/p>\n\n\n\n<figure class=\"wp-block-image size-full\"><a href=\"https:\/\/www.forum-soegel.de\/information\/wp-content\/uploads\/2022\/11\/Ehrungen-Befi\u2560erderungen-und-Ernennungen-bei-der-Feuerwehr-Bi\u2560erger-1.jpg\"><img loading=\"lazy\" decoding=\"async\" width=\"1024\" height=\"522\" src=\"https:\/\/www.forum-soegel.de\/information\/wp-content\/uploads\/2022\/11\/Ehrungen-Befi\u2560erderungen-und-Ernennungen-bei-der-Feuerwehr-Bi\u2560erger-1.jpg\" alt=\"\" class=\"wp-image-33054\" srcset=\"https:\/\/www.forum-soegel.de\/information\/wp-content\/uploads\/2022\/11\/Ehrungen-Befi\u2560erderungen-und-Ernennungen-bei-der-Feuerwehr-Bi\u2560erger-1.jpg 1024w, https:\/\/www.forum-soegel.de\/information\/wp-content\/uploads\/2022\/11\/Ehrungen-Befi\u2560erderungen-und-Ernennungen-bei-der-Feuerwehr-Bi\u2560erger-1-300x153.jpg 300w, https:\/\/www.forum-soegel.de\/information\/wp-content\/uploads\/2022\/11\/Ehrungen-Befi\u2560erderungen-und-Ernennungen-bei-der-Feuerwehr-Bi\u2560erger-1-768x392.jpg 768w\" sizes=\"auto, (max-width: 1024px) 100vw, 1024px\" \/><\/a><figcaption class=\"wp-element-caption\">Ehrungen, Bef\u00f6rderungen und Ernennungen bei der Feuerwehr B\u00f6rger: Unser Bild zeigt Ortsbrandmeister Martin Klaas und seinen Stellvertreter Jens Poltrock, Kreisbrandmeister Holger Dyckhoff, Gemeindebrandmeister Heinz L\u00fcckenjans, Samtgemeindeb\u00fcrgermeister Frank Kla\u00df und B\u00fcrgermeister J\u00fcrgen Ermes zusammen mit den bef\u00f6rderten und geehrten Kameraden der Freiwilligen Feuerwehr B\u00f6rger.<\/figcaption><\/figure>\n","protected":false},"excerpt":{"rendered":"B\u00f6rger &#8211; Nach l\u00e4ngerer durch Corona bedingten Pause feierte die Feuerwehr B\u00f6rger wieder einen Kameradschaftsabend. Der neu gew\u00e4hlte Ortsbrandmeister Martin Klaas dankte nicht nur den Kameraden f\u00fcr Ihre stetige Einsatzbereitschaft, sondern auch den Partnerinnen. Dank galt auch der Gemeinde und Samtgemeinde f\u00fcr die gute Zusammenarbeit. In Ihren Gru\u00dfworten betonten sowohl der Samtgemeindeb\u00fcrgermeister Frank Kla\u00df als [&hellip;]\n","protected":false},"author":2,"featured_media":0,"comment_status":"closed","ping_status":"closed","sticky":false,"template":"","format":"standard","meta":{"ngg_post_thumbnail":0,"footnotes":""},"categories":[5],"tags":[],"class_list":["post-33053","post","type-post","status-publish","format-standard","hentry","category-was-machen-die-vereine"],"_links":{"self":[{"href":"https:\/\/www.forum-soegel.de\/information\/wp-json\/wp\/v2\/posts\/33053","targetHints":{"allow":["GET"]}}],"collection":[{"href":"https:\/\/www.forum-soegel.de\/information\/wp-json\/wp\/v2\/posts"}],"about":[{"href":"https:\/\/www.forum-soegel.de\/information\/wp-json\/wp\/v2\/types\/post"}],"author":[{"embeddable":true,"href":"https:\/\/www.forum-soegel.de\/information\/wp-json\/wp\/v2\/users\/2"}],"replies":[{"embeddable":true,"href":"https:\/\/www.forum-soegel.de\/information\/wp-json\/wp\/v2\/comments?post=33053"}],"version-history":[{"count":1,"href":"https:\/\/www.forum-soegel.de\/information\/wp-json\/wp\/v2\/posts\/33053\/revisions"}],"predecessor-version":[{"id":33055,"href":"https:\/\/www.forum-soegel.de\/information\/wp-json\/wp\/v2\/posts\/33053\/revisions\/33055"}],"wp:attachment":[{"href":"https:\/\/www.forum-soegel.de\/information\/wp-json\/wp\/v2\/media?parent=33053"}],"wp:term":[{"taxonomy":"category","embeddable":true,"href":"https:\/\/www.forum-soegel.de\/information\/wp-json\/wp\/v2\/categories?post=33053"},{"taxonomy":"post_tag","embeddable":true,"href":"https:\/\/www.forum-soegel.de\/information\/wp-json\/wp\/v2\/tags?post=33053"}],"curies":[{"name":"wp","href":"https:\/\/api.w.org\/{rel}","templated":true}]}}