{"id":33050,"date":"2022-10-01T15:06:53","date_gmt":"2022-10-01T13:06:53","guid":{"rendered":"https:\/\/www.forum-soegel.de\/information\/?p=33050"},"modified":"2022-11-06T15:08:19","modified_gmt":"2022-11-06T14:08:19","slug":"30-jahre-tennisabteilung-sv-stavern","status":"publish","type":"post","link":"https:\/\/www.forum-soegel.de\/information\/2022\/10\/30-jahre-tennisabteilung-sv-stavern\/","title":{"rendered":"30 Jahre Tennisabteilung SV Stavern"},"content":{"rendered":"\n<p>Stavern &#8211; Mit einem gro\u00dfen Fest feierte die Tennisabteilung des SV Stavern ihr 30-j\u00e4hriges Jubil\u00e4um. Das Organisationsteam hatte f\u00fcr den Tag einiges vorbereitet. Im Mittelpunkt stand ein Schleifchenturnier, das \u00fcber den ganzen Tag stattfand.<\/p>\n\n\n\n<p>W\u00e4hrend des Vormittages spielten zun\u00e4chst die Kinder gegeneinander. Hier siegten Lana Tangen und Matteo Wobben und erhielten entsprechende Pokale. Das Turnier f\u00fcr Erwachsene er\u00f6ffneten die Mitglieder des Vorstandes. Bei spannenden Spielen setzten sich am Ende Leni Klune und Ludger Schuckenbrock durch. Auch sie erhielten von den Organisatoren Pokale \u00fcberreicht.<\/p>\n\n\n\n<p>Zwischen den Spielen konnten die Tennisspieler die Geschwindigkeit ihres Aufschlages mit einem entsprechenden Ger\u00e4t messen. Neben Tennis wurde ein buntes Rahmenprogramm mit vielen \u00dcberraschungen f\u00fcr Klein und Gro\u00df geboten. Bei einem Quiz mussten die Teilnehmer einige Fragen rund um Tennis und \u00fcber die Tennisabteilung beantworten. Die Gewinnerin, Sina Rolfes, erhielt einen Gutschein vom S\u00f6geler Restaurant Montenegro.<\/p>\n\n\n\n<p>F\u00fcr das leibliche Wohl wurde ebenfalls gesorgt. Die \u00fcber 60 Teilnehmer und G\u00e4ste waren schlie\u00dflich rundum zufrieden.<\/p>\n\n\n\n<p>Text: Gerd Rode<\/p>\n\n\n\n<p>Foto: Tennisabteilung<\/p>\n\n\n\n<figure class=\"wp-block-image size-full\"><a href=\"https:\/\/www.forum-soegel.de\/information\/wp-content\/uploads\/2022\/11\/30-Jahre-Tennisabteilung-SV-Stavern.jpg\"><img loading=\"lazy\" decoding=\"async\" width=\"1024\" height=\"718\" src=\"https:\/\/www.forum-soegel.de\/information\/wp-content\/uploads\/2022\/11\/30-Jahre-Tennisabteilung-SV-Stavern.jpg\" alt=\"\" class=\"wp-image-33051\" srcset=\"https:\/\/www.forum-soegel.de\/information\/wp-content\/uploads\/2022\/11\/30-Jahre-Tennisabteilung-SV-Stavern.jpg 1024w, https:\/\/www.forum-soegel.de\/information\/wp-content\/uploads\/2022\/11\/30-Jahre-Tennisabteilung-SV-Stavern-300x210.jpg 300w, https:\/\/www.forum-soegel.de\/information\/wp-content\/uploads\/2022\/11\/30-Jahre-Tennisabteilung-SV-Stavern-768x539.jpg 768w\" sizes=\"auto, (max-width: 1024px) 100vw, 1024px\" \/><\/a><figcaption class=\"wp-element-caption\">Der Vorstand und die Organisatoren waren sichtlich zufrieden.<\/figcaption><\/figure>\n","protected":false},"excerpt":{"rendered":"Stavern &#8211; Mit einem gro\u00dfen Fest feierte die Tennisabteilung des SV Stavern ihr 30-j\u00e4hriges Jubil\u00e4um. Das Organisationsteam hatte f\u00fcr den Tag einiges vorbereitet. Im Mittelpunkt stand ein Schleifchenturnier, das \u00fcber den ganzen Tag stattfand. W\u00e4hrend des Vormittages spielten zun\u00e4chst die Kinder gegeneinander. Hier siegten Lana Tangen und Matteo Wobben und erhielten entsprechende Pokale. Das Turnier [&hellip;]\n","protected":false},"author":2,"featured_media":0,"comment_status":"closed","ping_status":"closed","sticky":false,"template":"","format":"standard","meta":{"ngg_post_thumbnail":0,"footnotes":""},"categories":[5],"tags":[],"class_list":["post-33050","post","type-post","status-publish","format-standard","hentry","category-was-machen-die-vereine"],"_links":{"self":[{"href":"https:\/\/www.forum-soegel.de\/information\/wp-json\/wp\/v2\/posts\/33050","targetHints":{"allow":["GET"]}}],"collection":[{"href":"https:\/\/www.forum-soegel.de\/information\/wp-json\/wp\/v2\/posts"}],"about":[{"href":"https:\/\/www.forum-soegel.de\/information\/wp-json\/wp\/v2\/types\/post"}],"author":[{"embeddable":true,"href":"https:\/\/www.forum-soegel.de\/information\/wp-json\/wp\/v2\/users\/2"}],"replies":[{"embeddable":true,"href":"https:\/\/www.forum-soegel.de\/information\/wp-json\/wp\/v2\/comments?post=33050"}],"version-history":[{"count":1,"href":"https:\/\/www.forum-soegel.de\/information\/wp-json\/wp\/v2\/posts\/33050\/revisions"}],"predecessor-version":[{"id":33052,"href":"https:\/\/www.forum-soegel.de\/information\/wp-json\/wp\/v2\/posts\/33050\/revisions\/33052"}],"wp:attachment":[{"href":"https:\/\/www.forum-soegel.de\/information\/wp-json\/wp\/v2\/media?parent=33050"}],"wp:term":[{"taxonomy":"category","embeddable":true,"href":"https:\/\/www.forum-soegel.de\/information\/wp-json\/wp\/v2\/categories?post=33050"},{"taxonomy":"post_tag","embeddable":true,"href":"https:\/\/www.forum-soegel.de\/information\/wp-json\/wp\/v2\/tags?post=33050"}],"curies":[{"name":"wp","href":"https:\/\/api.w.org\/{rel}","templated":true}]}}