{"id":32909,"date":"2022-08-01T18:04:00","date_gmt":"2022-08-01T16:04:00","guid":{"rendered":"https:\/\/www.forum-soegel.de\/information\/?p=32909"},"modified":"2022-09-29T18:06:48","modified_gmt":"2022-09-29T16:06:48","slug":"kunstmarkt-parkart-am-13-und-14-august-mit-75-ausstellenden-kuenstlern-musik-von-music-connexts-sowie-essen-trinken","status":"publish","type":"post","link":"https:\/\/www.forum-soegel.de\/information\/2022\/08\/kunstmarkt-parkart-am-13-und-14-august-mit-75-ausstellenden-kuenstlern-musik-von-music-connexts-sowie-essen-trinken\/","title":{"rendered":"Kunstmarkt ParkArt am 13. und 14. August \u2013 mit 75 ausstellenden K\u00fcnstlern, Musik von MUSIC CONNExTS sowie Essen &amp; Trinken"},"content":{"rendered":"<div class=\"wp-block-image\">\n<figure class=\"alignleft size-full is-resized\"><a href=\"https:\/\/www.forum-soegel.de\/information\/wp-content\/uploads\/2022\/09\/Kunstmarkt-ParkArt.jpg\"><img loading=\"lazy\" decoding=\"async\" src=\"https:\/\/www.forum-soegel.de\/information\/wp-content\/uploads\/2022\/09\/Kunstmarkt-ParkArt.jpg\" alt=\"\" class=\"wp-image-32910\" width=\"385\" height=\"288\" srcset=\"https:\/\/www.forum-soegel.de\/information\/wp-content\/uploads\/2022\/09\/Kunstmarkt-ParkArt.jpg 1024w, https:\/\/www.forum-soegel.de\/information\/wp-content\/uploads\/2022\/09\/Kunstmarkt-ParkArt-300x225.jpg 300w, https:\/\/www.forum-soegel.de\/information\/wp-content\/uploads\/2022\/09\/Kunstmarkt-ParkArt-768x576.jpg 768w\" sizes=\"auto, (max-width: 385px) 100vw, 385px\" \/><\/a><\/figure>\n<\/div>\n\n\n<p>S\u00f6gel &#8211; Am 2. Augustwochenende (13.\/14. August) findet am Emslandmuseum Schloss Clemenswerth der Kunstmarkt ParkArt statt. Auch in 2022 wird Besuchern mit \u00fcber 75 ausstellenden K\u00fcnstlern aus der gesamten Bundesrepublik sowie den benachbarten Niederlanden wieder zwei Tage Kunstgenuss pur geboten. \u201eSchloss Clemenswerth pr\u00e4sentiert sich zur ParkArt wieder als besonders lebendiger Ort der Kultur und \u00f6ffnet seine T\u00fcren f\u00fcr eine Veranstaltung mit viel Atmosph\u00e4re, Kunst, Musik und kulinarischen Angeboten, deren Besuch sich lohnt!\u201c, sagt Museumsdirektor Oliver Fok.<\/p>\n\n\n\n<p>Gezeigt werden Malerei und Grafik, Bildhauerei, Keramik und Glas sowie Fotografie, Mixed-Media und Performances.<\/p>\n\n\n\n<p>Zu den Ausstellenden aus der Samtgemeinde S\u00f6gel geh\u00f6ren die Keramikerin Anne Behnen sowie die Maler Wolfgang Konaschewski und Paul Molenaar. Auch mit dabei ist die aus Klein Ber\u00dfen stammende junge K\u00fcnstlerin Anna Oeldig.<\/p>\n\n\n\n<p>Eben dieses geballte Zusammentreffen von regionalen und \u00fcberregionalen Kunstschaffenden, von jungen Kunststudenten und etablierten K\u00fcnstlern sowie verschiedener K\u00fcnste vor barocker Kulisse macht seit 2009 das Besondere an ParkArt aus.<\/p>\n\n\n\n<p>Besucher k\u00f6nnen zudem mit den K\u00fcnstlern, die teilweise vor Ort arbeiten und ihre Kunsttechniken vorf\u00fchren, ins Gespr\u00e4ch kommen und \u201eLieblingsst\u00fccke\u201c k\u00f6nnen sofort erworben und mit nach Hause genommen werden. Gern werden von vielen K\u00fcnstlern auch Auftragsarbeiten angenommen.<\/p>\n\n\n\n<p>Zu Gast sind wieder die K\u00fcnstler Wolfgang Pohl und Thomas Otto, die beide eine besondere Beziehung zu Schloss Clemenswerth haben. Pohl f\u00fchrt an beiden Veranstaltungs-Tagen (15 Uhr) durch die Glasausstellung mit seinen Werken, die seit 2013 im Pavillon Coellen zu sehen sind. Otto, der Bildhauer des \u201ePlatzhirschen\u201c, zeigt dem ParkArt-Publikum seine aktuellsten z.T. raumgreifenden Werke. Auch Carmen Oberst aus Hamburg ist wieder mit einem Team von ihrem PHOTO.KUNST.RAUM. vor Ort und l\u00e4dt zu \u201eInszenierungen des Augenblicks\u201c ein und der Fotograf Michael Schildmann l\u00e4dt an beiden Tagen (14 Uhr) zum Bildervortrag \u00fcber den Pilgerweg \u201eOlavsweg\u201c an seinem Stand ein. \u2013 ParkArt l\u00e4dt also auch in seiner 13. Auflage dazu ein, hautnah an Kunst und K\u00fcnstlern zur sein und geh\u00f6rt daher nicht ohne Grund zu den fest etablierten Sommerfesten am Schloss.<\/p>\n\n\n\n<p>Er\u00f6ffnet wird der Markt am Samstag um 13 Uhr durch den Ersten Kreisrat Martin Gerenkamp sowie Museumsdirektor Oliver Fok.<\/p>\n\n\n\n<p>F\u00fcr die Musik sorgt Stanley von Sprang mit den Jugendlichen um MUSIC CONNExTS. Die Bewirtung \u00fcbernehmen die H\u00fcmmlinger Hofspezialit\u00e4ten und das Restaurant Schlosskeller Clemenswerth.<\/p>\n\n\n\n<p>F\u00fcr ParkArt gilt der regul\u00e4re Eintritt (Erw. 7 \u20ac, Erm. 3 \u20ac, Familien 16 \u20ac). Saisonkartenbesitzer haben freien Zutritt. Alle Informationen zu K\u00fcnstlern, Programm und Anreise: www.clemenswerth.de<\/p>\n\n\n\n<p>Text\/Foto: Ramona Krons<\/p>\n","protected":false},"excerpt":{"rendered":"S\u00f6gel &#8211; Am 2. Augustwochenende (13.\/14. August) findet am Emslandmuseum Schloss Clemenswerth der Kunstmarkt ParkArt statt. Auch in 2022 wird Besuchern mit \u00fcber 75 ausstellenden K\u00fcnstlern aus der gesamten Bundesrepublik sowie den benachbarten Niederlanden wieder zwei Tage Kunstgenuss pur geboten. \u201eSchloss Clemenswerth pr\u00e4sentiert sich zur ParkArt wieder als besonders lebendiger Ort der Kultur und \u00f6ffnet [&hellip;]\n","protected":false},"author":2,"featured_media":0,"comment_status":"closed","ping_status":"closed","sticky":false,"template":"","format":"standard","meta":{"ngg_post_thumbnail":0,"footnotes":""},"categories":[11],"tags":[],"class_list":["post-32909","post","type-post","status-publish","format-standard","hentry","category-termine"],"_links":{"self":[{"href":"https:\/\/www.forum-soegel.de\/information\/wp-json\/wp\/v2\/posts\/32909","targetHints":{"allow":["GET"]}}],"collection":[{"href":"https:\/\/www.forum-soegel.de\/information\/wp-json\/wp\/v2\/posts"}],"about":[{"href":"https:\/\/www.forum-soegel.de\/information\/wp-json\/wp\/v2\/types\/post"}],"author":[{"embeddable":true,"href":"https:\/\/www.forum-soegel.de\/information\/wp-json\/wp\/v2\/users\/2"}],"replies":[{"embeddable":true,"href":"https:\/\/www.forum-soegel.de\/information\/wp-json\/wp\/v2\/comments?post=32909"}],"version-history":[{"count":1,"href":"https:\/\/www.forum-soegel.de\/information\/wp-json\/wp\/v2\/posts\/32909\/revisions"}],"predecessor-version":[{"id":32911,"href":"https:\/\/www.forum-soegel.de\/information\/wp-json\/wp\/v2\/posts\/32909\/revisions\/32911"}],"wp:attachment":[{"href":"https:\/\/www.forum-soegel.de\/information\/wp-json\/wp\/v2\/media?parent=32909"}],"wp:term":[{"taxonomy":"category","embeddable":true,"href":"https:\/\/www.forum-soegel.de\/information\/wp-json\/wp\/v2\/categories?post=32909"},{"taxonomy":"post_tag","embeddable":true,"href":"https:\/\/www.forum-soegel.de\/information\/wp-json\/wp\/v2\/tags?post=32909"}],"curies":[{"name":"wp","href":"https:\/\/api.w.org\/{rel}","templated":true}]}}