{"id":32906,"date":"2022-08-01T18:03:00","date_gmt":"2022-08-01T16:03:00","guid":{"rendered":"https:\/\/www.forum-soegel.de\/information\/?p=32906"},"modified":"2022-09-29T18:04:55","modified_gmt":"2022-09-29T16:04:55","slug":"281-mariae-himmelfahrtswallfahrt-in-soegel-am-21-august","status":"publish","type":"post","link":"https:\/\/www.forum-soegel.de\/information\/2022\/08\/281-mariae-himmelfahrtswallfahrt-in-soegel-am-21-august\/","title":{"rendered":"281. Mari\u00e4-Himmelfahrtswallfahrt in S\u00f6gel am 21. August"},"content":{"rendered":"\n<p>S\u00f6gel &#8211; Es ist eine lange Tradition. In jedem Jahr stellt der liturgische Einzug sowie die Prozession mit der Wahner Tragemadonna und Monstranz unter einem Baldachin um das Jagschloss Clemenswerth auf der S\u00f6geler Mari\u00e4-Himmelfahrts-Messe mit 40 Fahnen und Bannerabordnungen, Kommunionkindern des Dekanats, Messdienern, Kommunionhelfern, Diakonen und Priestern, Kapuziner, Zelebranten und dem Bischof bzw. dem Weihbischof ein besonders feierlicher Moment des Gottesdienstes dar. In den vergangenen beiden Jahren konnte diese Zeremonie aufgrund der Pandemie nur in sehr eingeschr\u00e4nkten Rahmen im Klostergarten stattfinden.<\/p>\n\n\n\n<p>Pater Edmund vom Kapuzinerkloster Clemenswerth freut sich umso mehr, als dass die Wallfahrt nach jetzigem Kenntnisstand wieder in altbew\u00e4hrter Form stattfinden kann. \u201eAm Sonntag, dem 21. August ist es endlich wieder soweit \u2013 die traditionelle gro\u00dfe Wallfahrt zum Schloss Clemenswerth in S\u00f6gel beginnt um 10 Uhr.\u201c Es werden viele junge und \u00e4ltere Menschen erwartet, die ein gro\u00dfes Miteinander im Glauben feiern wollen und dies anschlie\u00dfend mit einem Besuch der Kirmes in S\u00f6gel verbinden. Die einzigartige sternf\u00f6rmige Anlage ist seit 281 Jahren Ziel f\u00fcr viele Menschen anl\u00e4sslich des Hochfestes \u201eMari\u00e4 Aufnahme in den Himmel\u201c, das die Kirche am 15. August begeht.<\/p>\n\n\n\n<p>Ganz besonders m\u00f6chte das Organisationsteam in diesem Jahr den Kindern und Jugendlichen dieses Ausflugsziel am Wallfahrtstag ans Herz legen. F\u00fcr die J\u00fcngsten wird es auf dem Schlossplatz einen eigenen Kindergottesdienst geben. Eine pers\u00f6nliche Segnung der Kinder wird im Gottesdienst eingebunden.<\/p>\n\n\n\n<p>Das Fest beginnt mit einem Gottesdienst unter freiem Himmel auf dem Schlossplatz am Sonntag um 10 Uhr unter der Leitung von Weihbischof Johannes W\u00fcbbe. Thema der Predigt wird der Aufruf sein: \u201eMaria, K\u00f6nigin des Friedens \u2013 lenke unsere Schritte in eine hoffnungsvolle Zukunft\u201c. Im Anschluss an den Gottesdienst k\u00f6nnen sich die G\u00e4ste bei einem Platzkonzert der Kolpingkapelle S\u00f6gel mit einem Getr\u00e4nk und einer Bratwurst st\u00e4rken und anschlie\u00dfend direkt zum Marktplatz zur Mari\u00e4-Himmelfahrtskirmes gehen. Einen Stuhl zum Sitzen w\u00e4hrend des Gottesdienstes k\u00f6nnen G\u00e4ste sich auf dem Schlossplatz gegen einen Obolus von der Jugendabteilung der Freiwilligen Feuerwehr S\u00f6gel ausleihen.<\/p>\n\n\n\n<p>In S\u00f6gel ist ein verkaufsoffener Sontag geplant.<\/p>\n\n\n\n<p>Text: Ingrid Cloppenburg<\/p>\n\n\n\n<p>Foto: Gemeinde S\u00f6gel<\/p>\n\n\n\n<figure class=\"wp-block-image size-full\"><a href=\"https:\/\/www.forum-soegel.de\/information\/wp-content\/uploads\/2022\/09\/281.-Mariae-Himmelfahrtswallfahrt-in-Soegel-am-21.-August.jpg\"><img loading=\"lazy\" decoding=\"async\" width=\"1024\" height=\"768\" src=\"https:\/\/www.forum-soegel.de\/information\/wp-content\/uploads\/2022\/09\/281.-Mariae-Himmelfahrtswallfahrt-in-Soegel-am-21.-August.jpg\" alt=\"\" class=\"wp-image-32907\" srcset=\"https:\/\/www.forum-soegel.de\/information\/wp-content\/uploads\/2022\/09\/281.-Mariae-Himmelfahrtswallfahrt-in-Soegel-am-21.-August.jpg 1024w, https:\/\/www.forum-soegel.de\/information\/wp-content\/uploads\/2022\/09\/281.-Mariae-Himmelfahrtswallfahrt-in-Soegel-am-21.-August-300x225.jpg 300w, https:\/\/www.forum-soegel.de\/information\/wp-content\/uploads\/2022\/09\/281.-Mariae-Himmelfahrtswallfahrt-in-Soegel-am-21.-August-768x576.jpg 768w\" sizes=\"auto, (max-width: 1024px) 100vw, 1024px\" \/><\/a><figcaption>Der Arbeitskreis \u201eMari\u00e4-Himmelfahrts-Wallfahrt\u201c bereitet sich auf die kommende Wallfahrt auf Schloss Clemenswerth vor. In diesem Jahr soll die Wallfahrt wieder auf dem Schlossplatz stattfinden;<br>v.l.: Oliver Fok (Museumsdirektor), J\u00fcrgen Krallmann (Pfarrer), Pater Edmund, Pater Romuald (Kapuzinerkloster Clemenswerth), Sabine Jansen (Dekanatsreferentin Emsland Nord), Michael Engbers (Marstall Clemenswerth) und G\u00fcnther Wucherpfennig (B\u00fcrgermeister der Gemeinde S\u00f6gel).<\/figcaption><\/figure>\n","protected":false},"excerpt":{"rendered":"S\u00f6gel &#8211; Es ist eine lange Tradition. In jedem Jahr stellt der liturgische Einzug sowie die Prozession mit der Wahner Tragemadonna und Monstranz unter einem Baldachin um das Jagschloss Clemenswerth auf der S\u00f6geler Mari\u00e4-Himmelfahrts-Messe mit 40 Fahnen und Bannerabordnungen, Kommunionkindern des Dekanats, Messdienern, Kommunionhelfern, Diakonen und Priestern, Kapuziner, Zelebranten und dem Bischof bzw. dem Weihbischof [&hellip;]\n","protected":false},"author":2,"featured_media":0,"comment_status":"closed","ping_status":"closed","sticky":false,"template":"","format":"standard","meta":{"ngg_post_thumbnail":0,"footnotes":""},"categories":[11],"tags":[],"class_list":["post-32906","post","type-post","status-publish","format-standard","hentry","category-termine"],"_links":{"self":[{"href":"https:\/\/www.forum-soegel.de\/information\/wp-json\/wp\/v2\/posts\/32906","targetHints":{"allow":["GET"]}}],"collection":[{"href":"https:\/\/www.forum-soegel.de\/information\/wp-json\/wp\/v2\/posts"}],"about":[{"href":"https:\/\/www.forum-soegel.de\/information\/wp-json\/wp\/v2\/types\/post"}],"author":[{"embeddable":true,"href":"https:\/\/www.forum-soegel.de\/information\/wp-json\/wp\/v2\/users\/2"}],"replies":[{"embeddable":true,"href":"https:\/\/www.forum-soegel.de\/information\/wp-json\/wp\/v2\/comments?post=32906"}],"version-history":[{"count":1,"href":"https:\/\/www.forum-soegel.de\/information\/wp-json\/wp\/v2\/posts\/32906\/revisions"}],"predecessor-version":[{"id":32908,"href":"https:\/\/www.forum-soegel.de\/information\/wp-json\/wp\/v2\/posts\/32906\/revisions\/32908"}],"wp:attachment":[{"href":"https:\/\/www.forum-soegel.de\/information\/wp-json\/wp\/v2\/media?parent=32906"}],"wp:term":[{"taxonomy":"category","embeddable":true,"href":"https:\/\/www.forum-soegel.de\/information\/wp-json\/wp\/v2\/categories?post=32906"},{"taxonomy":"post_tag","embeddable":true,"href":"https:\/\/www.forum-soegel.de\/information\/wp-json\/wp\/v2\/tags?post=32906"}],"curies":[{"name":"wp","href":"https:\/\/api.w.org\/{rel}","templated":true}]}}