{"id":32893,"date":"2022-08-29T17:53:00","date_gmt":"2022-08-29T15:53:00","guid":{"rendered":"https:\/\/www.forum-soegel.de\/information\/?p=32893"},"modified":"2022-09-29T17:54:19","modified_gmt":"2022-09-29T15:54:19","slug":"eine-reise-in-die-vergangenheit-vortrag-vor-senioren-im-drk-tagestreff","status":"publish","type":"post","link":"https:\/\/www.forum-soegel.de\/information\/2022\/08\/eine-reise-in-die-vergangenheit-vortrag-vor-senioren-im-drk-tagestreff\/","title":{"rendered":"Eine Reise in die Vergangenheit \u2013 Vortrag vor Senioren im DRK-Tagestreff"},"content":{"rendered":"\n<p>S\u00f6gel &#8211; Wie lebte es sich wohl vor fast 300 Jahren auf Schloss Clemenswerth?<\/p>\n\n\n\n<p>Einen spannenden Einblick in die Geschichte des Jagdschlosses erhielten Seniorinnen und Senioren vom DRK-Tagestreff bei einem Vortrag von Miriam Heidemann, die seit Juni als Museumsp\u00e4dagogin am Emslandmuseum Schloss Clemenswerth t\u00e4tig ist.<\/p>\n\n\n\n<p>Mit einem Koffer voller Bilder und einer Hand voll Objekte f\u00fchrte sie die Tagestreff-G\u00e4ste auf eine Reise in die Vergangenheit. Also in die Zeit, als der Erbauer des Schlosses, Kurf\u00fcrst Clemens August von Bayern (1700\u20131761), immer wieder mal in S\u00f6gel weilte. Jagen, Feiern, Schlemmen \u2013 im Barock lebte der Adel im Luxus und genoss scheinbar das Leben in vollen Z\u00fcgen.<\/p>\n\n\n\n<p>Bei dem ca. einst\u00fcndigen Vortrag lernten die Zuh\u00f6renden nicht nur die Schlossanlage kennen, sondern erfuhren auch einiges aus dem \u201eN\u00e4hk\u00e4stchen\u201c. Gezeigt wurden u.a. eine historische schwarz-wei\u00df Fotografie, die ein Himmelbett im kurf\u00fcrstlichen Schlafzimmer zeigt, sowie ein Portrait von Clemens August mit grau-wei\u00dfer Per\u00fccke und Rouge auf den Wangen.<\/p>\n\n\n\n<p>Die Zuh\u00f6rer erfuhren auch, wie wahrscheinlich die Morgentoilette des f\u00fcnffachen Bischofs aussah und durften seinen Duft Probe riechen, das Eau de Cologne \u201eFarina\u201c. Angeregt lauschten die Seniorinnen und Senioren den geschichtlichen Hintergr\u00fcnden und Anekdoten vom Leben auf Schloss Clemenswerth. So manch ein Teilnehmer konnte auch selbst \u00fcber Erlebnisse und von Besuchen auf Schloss Clemenswerth berichten. Kurzum: Die Resonanz war durchweg positiv.<\/p>\n\n\n\n<p>Der Vortrag war Teil des Programms \u201eSchlossgefl\u00fcster\u201c, das Katharina Pranger vom DRK-Kreisverband Emsland e.V. f\u00fcr die Seniorinnen und Senioren im S\u00f6geler Tagestreff zusammengestellt hat. Die Aktionen und Vortr\u00e4gen zu verschiedenen Themen rund um Schloss Clemenswerth halten f\u00fcr die Tagestreff-Besucher unterhaltsame Stunden bereit.<\/p>\n\n\n\n<p>Text: Miriam Heidemann<\/p>\n\n\n\n<p>Foto: Katharina Pranger<\/p>\n\n\n\n<figure class=\"wp-block-image size-full\"><a href=\"https:\/\/www.forum-soegel.de\/information\/wp-content\/uploads\/2022\/09\/Eine-Reise-in-die-Vergangenheit-_-Vortrag-vor-Senioren-im-DRK-Tagestreff.jpg\"><img loading=\"lazy\" decoding=\"async\" width=\"576\" height=\"768\" src=\"https:\/\/www.forum-soegel.de\/information\/wp-content\/uploads\/2022\/09\/Eine-Reise-in-die-Vergangenheit-_-Vortrag-vor-Senioren-im-DRK-Tagestreff.jpg\" alt=\"\" class=\"wp-image-32894\" srcset=\"https:\/\/www.forum-soegel.de\/information\/wp-content\/uploads\/2022\/09\/Eine-Reise-in-die-Vergangenheit-_-Vortrag-vor-Senioren-im-DRK-Tagestreff.jpg 576w, https:\/\/www.forum-soegel.de\/information\/wp-content\/uploads\/2022\/09\/Eine-Reise-in-die-Vergangenheit-_-Vortrag-vor-Senioren-im-DRK-Tagestreff-225x300.jpg 225w\" sizes=\"auto, (max-width: 576px) 100vw, 576px\" \/><\/a><figcaption>Miriam Heidemann erz\u00e4hlt im DRK-Tagestreff vom Leben auf Schloss Clemenswerth.<\/figcaption><\/figure>\n","protected":false},"excerpt":{"rendered":"S\u00f6gel &#8211; Wie lebte es sich wohl vor fast 300 Jahren auf Schloss Clemenswerth? Einen spannenden Einblick in die Geschichte des Jagdschlosses erhielten Seniorinnen und Senioren vom DRK-Tagestreff bei einem Vortrag von Miriam Heidemann, die seit Juni als Museumsp\u00e4dagogin am Emslandmuseum Schloss Clemenswerth t\u00e4tig ist. Mit einem Koffer voller Bilder und einer Hand voll Objekte [&hellip;]\n","protected":false},"author":2,"featured_media":0,"comment_status":"closed","ping_status":"closed","sticky":false,"template":"","format":"standard","meta":{"ngg_post_thumbnail":0,"footnotes":""},"categories":[25],"tags":[],"class_list":["post-32893","post","type-post","status-publish","format-standard","hentry","category-hauptsache-gesund"],"_links":{"self":[{"href":"https:\/\/www.forum-soegel.de\/information\/wp-json\/wp\/v2\/posts\/32893","targetHints":{"allow":["GET"]}}],"collection":[{"href":"https:\/\/www.forum-soegel.de\/information\/wp-json\/wp\/v2\/posts"}],"about":[{"href":"https:\/\/www.forum-soegel.de\/information\/wp-json\/wp\/v2\/types\/post"}],"author":[{"embeddable":true,"href":"https:\/\/www.forum-soegel.de\/information\/wp-json\/wp\/v2\/users\/2"}],"replies":[{"embeddable":true,"href":"https:\/\/www.forum-soegel.de\/information\/wp-json\/wp\/v2\/comments?post=32893"}],"version-history":[{"count":1,"href":"https:\/\/www.forum-soegel.de\/information\/wp-json\/wp\/v2\/posts\/32893\/revisions"}],"predecessor-version":[{"id":32895,"href":"https:\/\/www.forum-soegel.de\/information\/wp-json\/wp\/v2\/posts\/32893\/revisions\/32895"}],"wp:attachment":[{"href":"https:\/\/www.forum-soegel.de\/information\/wp-json\/wp\/v2\/media?parent=32893"}],"wp:term":[{"taxonomy":"category","embeddable":true,"href":"https:\/\/www.forum-soegel.de\/information\/wp-json\/wp\/v2\/categories?post=32893"},{"taxonomy":"post_tag","embeddable":true,"href":"https:\/\/www.forum-soegel.de\/information\/wp-json\/wp\/v2\/tags?post=32893"}],"curies":[{"name":"wp","href":"https:\/\/api.w.org\/{rel}","templated":true}]}}