{"id":32837,"date":"2022-08-29T17:21:00","date_gmt":"2022-08-29T15:21:00","guid":{"rendered":"https:\/\/www.forum-soegel.de\/information\/?p=32837"},"modified":"2022-09-29T17:23:23","modified_gmt":"2022-09-29T15:23:23","slug":"der-staverner-schuetzenverein-hat-einen-neuen-koenig","status":"publish","type":"post","link":"https:\/\/www.forum-soegel.de\/information\/2022\/08\/der-staverner-schuetzenverein-hat-einen-neuen-koenig\/","title":{"rendered":"Der Staverner Sch\u00fctzenverein hat einen neuen K\u00f6nig"},"content":{"rendered":"\n<p><strong>Martin Eikens l\u00f6ste nach drei Jahren Marc Zielke ab<\/strong><\/p>\n\n\n\n<p>Stavern &#8211; Drei Jahren regierte Marc Zielke mit seiner K\u00f6nigin Mareike Schulte das Staverner Sch\u00fctzenvolk und wird mit der l\u00e4ngsten Amtszeit in die Geschichte des Vereins eingehen.<\/p>\n\n\n\n<p>Aufgrund der Corona-Pandemie konnte, wie in allen Orten des Emslandes, auch in Stavern kein Sch\u00fctzenfest gefeiert werden. Am vergangenen Wochenende war damit Schluss. Die Staverner feierten drei Tage ihr Sch\u00fctzenfest.<\/p>\n\n\n\n<p>Beim K\u00f6nigsschie\u00dfen setzte sich Martin Eikens im Stechen gegen zwei Sch\u00fctzenbr\u00fcder durch. Zu seiner Mitregentin erkor er seine Ehefrau Rita.<\/p>\n\n\n\n<p>Dem Throngefolge geh\u00f6ren Henrika und Heiner Lammers, Doris und Helmut Gerdes, Petra und Norbert Wotte, Christel und Andreas Stahlhut, Petra und Norbert Brunen, Angelika und Friedhelm B\u00fcter an.<\/p>\n\n\n\n<p>Text\/Foto: Gerd Rode<\/p>\n\n\n\n<figure class=\"wp-block-image size-full\"><a href=\"https:\/\/www.forum-soegel.de\/information\/wp-content\/uploads\/2022\/09\/Der-Staverner-Schuetzenverein-hat-einen-neuen-Koenig.jpg\"><img loading=\"lazy\" decoding=\"async\" width=\"1024\" height=\"683\" src=\"https:\/\/www.forum-soegel.de\/information\/wp-content\/uploads\/2022\/09\/Der-Staverner-Schuetzenverein-hat-einen-neuen-Koenig.jpg\" alt=\"\" class=\"wp-image-32838\" srcset=\"https:\/\/www.forum-soegel.de\/information\/wp-content\/uploads\/2022\/09\/Der-Staverner-Schuetzenverein-hat-einen-neuen-Koenig.jpg 1024w, https:\/\/www.forum-soegel.de\/information\/wp-content\/uploads\/2022\/09\/Der-Staverner-Schuetzenverein-hat-einen-neuen-Koenig-300x200.jpg 300w, https:\/\/www.forum-soegel.de\/information\/wp-content\/uploads\/2022\/09\/Der-Staverner-Schuetzenverein-hat-einen-neuen-Koenig-768x512.jpg 768w\" sizes=\"auto, (max-width: 1024px) 100vw, 1024px\" \/><\/a><figcaption>Das Foto zeigt v.l.: Norbert und Petra Wotte, Andreas und Christel Stahlhut, Norbert und Petra Brunen, K\u00f6nigin Rita und K\u00f6nig Martin Eikens, Henrika und Heiner Lammers, Angelika und Friedhelm B\u00fcter, Doris und Helmut Gerdes<\/figcaption><\/figure>\n","protected":false},"excerpt":{"rendered":"Martin Eikens l\u00f6ste nach drei Jahren Marc Zielke ab Stavern &#8211; Drei Jahren regierte Marc Zielke mit seiner K\u00f6nigin Mareike Schulte das Staverner Sch\u00fctzenvolk und wird mit der l\u00e4ngsten Amtszeit in die Geschichte des Vereins eingehen. Aufgrund der Corona-Pandemie konnte, wie in allen Orten des Emslandes, auch in Stavern kein Sch\u00fctzenfest gefeiert werden. Am vergangenen [&hellip;]\n","protected":false},"author":2,"featured_media":0,"comment_status":"closed","ping_status":"closed","sticky":false,"template":"","format":"standard","meta":{"ngg_post_thumbnail":0,"footnotes":""},"categories":[5],"tags":[],"class_list":["post-32837","post","type-post","status-publish","format-standard","hentry","category-was-machen-die-vereine"],"_links":{"self":[{"href":"https:\/\/www.forum-soegel.de\/information\/wp-json\/wp\/v2\/posts\/32837","targetHints":{"allow":["GET"]}}],"collection":[{"href":"https:\/\/www.forum-soegel.de\/information\/wp-json\/wp\/v2\/posts"}],"about":[{"href":"https:\/\/www.forum-soegel.de\/information\/wp-json\/wp\/v2\/types\/post"}],"author":[{"embeddable":true,"href":"https:\/\/www.forum-soegel.de\/information\/wp-json\/wp\/v2\/users\/2"}],"replies":[{"embeddable":true,"href":"https:\/\/www.forum-soegel.de\/information\/wp-json\/wp\/v2\/comments?post=32837"}],"version-history":[{"count":1,"href":"https:\/\/www.forum-soegel.de\/information\/wp-json\/wp\/v2\/posts\/32837\/revisions"}],"predecessor-version":[{"id":32839,"href":"https:\/\/www.forum-soegel.de\/information\/wp-json\/wp\/v2\/posts\/32837\/revisions\/32839"}],"wp:attachment":[{"href":"https:\/\/www.forum-soegel.de\/information\/wp-json\/wp\/v2\/media?parent=32837"}],"wp:term":[{"taxonomy":"category","embeddable":true,"href":"https:\/\/www.forum-soegel.de\/information\/wp-json\/wp\/v2\/categories?post=32837"},{"taxonomy":"post_tag","embeddable":true,"href":"https:\/\/www.forum-soegel.de\/information\/wp-json\/wp\/v2\/tags?post=32837"}],"curies":[{"name":"wp","href":"https:\/\/api.w.org\/{rel}","templated":true}]}}