{"id":32834,"date":"2022-08-29T17:20:00","date_gmt":"2022-08-29T15:20:00","guid":{"rendered":"https:\/\/www.forum-soegel.de\/information\/?p=32834"},"modified":"2022-09-29T17:21:38","modified_gmt":"2022-09-29T15:21:38","slug":"abenteuer-freizeitpark","status":"publish","type":"post","link":"https:\/\/www.forum-soegel.de\/information\/2022\/08\/abenteuer-freizeitpark\/","title":{"rendered":"Abenteuer Freizeitpark"},"content":{"rendered":"\n<p>Spahnharrenst\u00e4tte &#8211; \u201eDass wir aus Spahnharrenst\u00e4tte sind -hallihallo- das wei\u00df ein jedes Kind\u201c erklang bestimmt f\u00fcnfmal auf der Fahrt von Spahnharrenst\u00e4tte nach Slagharen.<\/p>\n\n\n\n<p>Die Sch\u00fctzenkapelle Spahnharrenst\u00e4tte fuhr mit den Kids aus der instrumentalen Ausbildung, der Kleinen Kapelle und nat\u00fcrlich allen SKSler:innen, die Lust hatten, in den Freizeitpark Slagharen.<\/p>\n\n\n\n<p>Gef\u00f6rdert wurde unser Tagesausflug durch das Aktionsprogramm \u201eAufholen nach Corona f\u00fcr Kinder und Jugendliche\u201c des Bundes. Als Mitglied der Deutschen Bl\u00e4serjugend hatten wir die M\u00f6glichkeit, uns f\u00fcr das Programm anzumelden, um dadurch Zusch\u00fcsse f\u00fcr unseren Ausflug zu erhalten. Das Programm f\u00f6rdert gezielt Begegnungs- und Freizeitangebote von Vereinen, damit diese nach der langen und z\u00e4hen Coronazeit vers\u00e4umte Gemeinschaftszeit nachholen k\u00f6nnen.<\/p>\n\n\n\n<p>Treffen war morgens um 9:30Uhr beim L\u00fcnsHus. Einige waren wohl noch ziemlich m\u00fcde, denn als wir versuchten ein Foto mit begeisterten, Arme in die H\u00f6he werfenden Kids zu schie\u00dfen, hat das nicht so geklappt wie wir es uns erhofft hatten. Es sah etwas mehr aus wie die Freude vor Klassenarbeiten&#8230;<\/p>\n\n\n\n<p>Das hie\u00df f\u00fcr uns: Wir mussten nicht nur gucken, dass die Kids uns nicht aus den Achterbahnen fallen, sondern erst einmal musste Stimmung ins Haus. Und womit bekommt man eine Sch\u00fctzenkapelle und ihre Zukunftstr\u00e4ger:innen in Stimmung? Nat\u00fcrlich mit Musik. Als wir dann merkten, dass niemand eine Musikbox mitgebracht hatte, mussten wir selbst einstimmen. So verging die Busfahrt auch wie im Flug und -zack- Stimmung war da!<\/p>\n\n\n\n<p>Die legte sich nat\u00fcrlich auch nicht, denn nach einer kurzen Wartezeit, in der unsere Tickets organisiert wurden, ging es in Kleingruppen auch schon los. Keine Achterbahn, Wasserrutsche oder andere Freizeitpark-Attraktionen waren vor den fast 40 SKSler:innen sicher. Egal ob mit dem Riesenrad \u00fcber den ganzen Park gucken (und viel weiter) oder beim GoldRush (sehr schnelle Achterbahn) Loopings drehen \u2013 kaum begegnete man einer anderen Gruppe, wurde direkt gesagt wie \u201ekrass schnell und cool\u201c hier alles ist.<\/p>\n\n\n\n<p>Auf einmal war es dann auch schon 16:45 Uhr und wir mussten uns zur\u00fcck auf den Weg ins Emsland machen.<\/p>\n\n\n\n<p>Das Gruppenfoto vor den Toren des Freizeitparks war im Gegensatz zum Foto-Versuch morgens ein wahrer Traum was das Stimmungslevel anging! Alle gl\u00fccklich, alle froh.<\/p>\n\n\n\n<p>Nach so viel Action gingen wir davon aus, dass alle die gesamte Busfahrt \u00fcber tief und fest schlummern w\u00fcrden. Anzeichen von M\u00fcdigkeit? Nicht in diesem Bus!<\/p>\n\n\n\n<p>Auch auf der R\u00fcckfahrt wurde viel gequatscht, gelacht und alle 15 Minuten gefragt:<\/p>\n\n\n\n<p>\u201eWann fahren wir wieder nach Slagharen?\u201c<\/p>\n\n\n\n<p>Text\/Foto: Antonia Dopp<\/p>\n\n\n\n<figure class=\"wp-block-gallery has-nested-images columns-default is-cropped wp-block-gallery-1 is-layout-flex wp-block-gallery-is-layout-flex\">\n<figure class=\"wp-block-image size-large\"><a href=\"https:\/\/www.forum-soegel.de\/information\/wp-content\/uploads\/2022\/09\/Abenteuer-Freizeitpark.jpg\"><img loading=\"lazy\" decoding=\"async\" width=\"760\" height=\"768\" data-id=\"32835\" src=\"https:\/\/www.forum-soegel.de\/information\/wp-content\/uploads\/2022\/09\/Abenteuer-Freizeitpark.jpg\" alt=\"\" class=\"wp-image-32835\" srcset=\"https:\/\/www.forum-soegel.de\/information\/wp-content\/uploads\/2022\/09\/Abenteuer-Freizeitpark.jpg 760w, https:\/\/www.forum-soegel.de\/information\/wp-content\/uploads\/2022\/09\/Abenteuer-Freizeitpark-297x300.jpg 297w\" sizes=\"auto, (max-width: 760px) 100vw, 760px\" \/><\/a><\/figure>\n<\/figure>\n","protected":false},"excerpt":{"rendered":"Spahnharrenst\u00e4tte &#8211; \u201eDass wir aus Spahnharrenst\u00e4tte sind -hallihallo- das wei\u00df ein jedes Kind\u201c erklang bestimmt f\u00fcnfmal auf der Fahrt von Spahnharrenst\u00e4tte nach Slagharen. Die Sch\u00fctzenkapelle Spahnharrenst\u00e4tte fuhr mit den Kids aus der instrumentalen Ausbildung, der Kleinen Kapelle und nat\u00fcrlich allen SKSler:innen, die Lust hatten, in den Freizeitpark Slagharen. Gef\u00f6rdert wurde unser Tagesausflug durch das Aktionsprogramm [&hellip;]\n","protected":false},"author":2,"featured_media":0,"comment_status":"closed","ping_status":"closed","sticky":false,"template":"","format":"standard","meta":{"ngg_post_thumbnail":0,"footnotes":""},"categories":[5],"tags":[],"class_list":["post-32834","post","type-post","status-publish","format-standard","hentry","category-was-machen-die-vereine"],"_links":{"self":[{"href":"https:\/\/www.forum-soegel.de\/information\/wp-json\/wp\/v2\/posts\/32834","targetHints":{"allow":["GET"]}}],"collection":[{"href":"https:\/\/www.forum-soegel.de\/information\/wp-json\/wp\/v2\/posts"}],"about":[{"href":"https:\/\/www.forum-soegel.de\/information\/wp-json\/wp\/v2\/types\/post"}],"author":[{"embeddable":true,"href":"https:\/\/www.forum-soegel.de\/information\/wp-json\/wp\/v2\/users\/2"}],"replies":[{"embeddable":true,"href":"https:\/\/www.forum-soegel.de\/information\/wp-json\/wp\/v2\/comments?post=32834"}],"version-history":[{"count":1,"href":"https:\/\/www.forum-soegel.de\/information\/wp-json\/wp\/v2\/posts\/32834\/revisions"}],"predecessor-version":[{"id":32836,"href":"https:\/\/www.forum-soegel.de\/information\/wp-json\/wp\/v2\/posts\/32834\/revisions\/32836"}],"wp:attachment":[{"href":"https:\/\/www.forum-soegel.de\/information\/wp-json\/wp\/v2\/media?parent=32834"}],"wp:term":[{"taxonomy":"category","embeddable":true,"href":"https:\/\/www.forum-soegel.de\/information\/wp-json\/wp\/v2\/categories?post=32834"},{"taxonomy":"post_tag","embeddable":true,"href":"https:\/\/www.forum-soegel.de\/information\/wp-json\/wp\/v2\/tags?post=32834"}],"curies":[{"name":"wp","href":"https:\/\/api.w.org\/{rel}","templated":true}]}}