{"id":32828,"date":"2022-08-29T17:18:00","date_gmt":"2022-08-29T15:18:00","guid":{"rendered":"https:\/\/www.forum-soegel.de\/information\/?p=32828"},"modified":"2022-09-29T17:19:51","modified_gmt":"2022-09-29T15:19:51","slug":"schuetzenfestfeeling-im-haus-simeon","status":"publish","type":"post","link":"https:\/\/www.forum-soegel.de\/information\/2022\/08\/schuetzenfestfeeling-im-haus-simeon\/","title":{"rendered":"Sch\u00fctzenfestfeeling im Haus Simeon"},"content":{"rendered":"\n<p>Endlich wieder Aktionen im Haus Simeon nach langer Zeit der Corona-Beschr\u00e4nkungen<\/p>\n\n\n\n<p>S\u00f6gel &#8211; Anl\u00e4sslich des gro\u00dfen Jubelsch\u00fctzenfestes in S\u00f6gel (275 Jahre) traten in diesem Jahr die 4. Kompanie des S\u00f6geler Sch\u00fctzenvereins mit Kompanief\u00fchrer Theo Krallmann und Unteroffizier Jan Terhorst, Sch\u00fctzenschwester Maria Robbers und Pfarrer J\u00fcrgen Krallmann beim Haus Simeon an. Vom Combi-Parkplatz aus waren sie unter den Marschkl\u00e4ngen der Musikkapelle Wachtum und in Begleitung des Sch\u00fctzenvereins Neub\u00f6rger zum Haus Simeon marschiert. Leider konnten die Bewohner aufgrund des regnerischen Wetters nicht, wie geplant, drau\u00dfen im Innenhof sitzen, hatten aber dennoch beste Sicht und gute Akustik durch die weit ge\u00f6ffneten Fenster und T\u00fcren des Foyers.<\/p>\n\n\n\n<p>Heimleiterin Christiane K\u00e4mmerling begr\u00fc\u00dfte die gro\u00dfe Sch\u00fctzenfest-Truppe aufs Herzlichste und zeigte sich hoch erfreut dar\u00fcber, \u201edass die Bewohner nun auch live etwas mitbekommen von dem gro\u00dfen S\u00f6geler Jubel-Sch\u00fctzenfest\u201c. Nach einer gef\u00fchlten Ewigkeit endlich mal wieder bekannte Melodien live von einer Blaskapelle zu h\u00f6ren und einen Kommandeur zu sehen, der seinen Sch\u00fctzenbr\u00fcdern Befehle erteilt, sorgte bei den Heimbewohnern endlich wieder f\u00fcr echtes Sch\u00fctzenfestfeeling, das sie auch sichtlich genossen. Leider konnten sie wetterbedingt den gro\u00dfen Umzug an der Wahner Strasse nicht mit verfolgen und wurden auch vorsichtshalber wegen der noch anhaltenden Corona-Pandemie nicht zum Sch\u00fctzenplatz gefahren. Dennoch gab es f\u00fcr sie reichlich Abwechslung bei leckeren Kuchen und Kaffee im neugestalteten gro\u00dfen Raum der Tagespflege im Haus Simeon. Heinz M\u00e4chler, ein bei den Bewohnern inzwischen bekannter und beliebter Musiker, sorgte mit seinen sch\u00f6nen Melodien auf dem Keyboard und gesungenen Oldies f\u00fcr ausgelassene Stimmung, so dass dieser besondere Tag einen sch\u00f6nen Ausklang fand.<\/p>\n\n\n\n<p>Dass im Haus Simeon seit Beginn der Corona-Pandemie so langsam wieder etwas Normalit\u00e4t einkehrt, zeigen auch andere Aktionen. So gab es bereits im Juni, ebenfalls mit dem Musiker Heinz M\u00e4chler, eine sch\u00f6ne musikalische Veranstaltung. Bei Kaltgetr\u00e4nken und Knabbereien animierte er die Bewohner zum Mitsingen, Mitschunkeln und Mitklatschen, was auch sehr gut angenommen wurde. \u201eEndlich wieder Gemeinschaft, einfach sch\u00f6n\u201c, so das Res\u00fcmee der Bewohner.<\/p>\n\n\n\n<p>\u201eEbenfalls f\u00fcr Abwechslung seit Corona hat am 31. Mai ein gemeinsames Spargelessen im Speisesaal unseres Hauses gesorgt\u201c, teilt Petra Kr\u00f6ger vom Pflegeteam mit. Die Bewohner h\u00e4tten es genossen, mal wieder gemeinsam essen zu d\u00fcrfen und dazu noch \u201eso einen leckeren Spargel\u201c. Es sind laut Heimleiterin Christiane K\u00e4mmerling zur gro\u00dfen Freude der Bewohner verschiedene Aktionen wieder m\u00f6glich und weitere bereits in Planung.<\/p>\n\n\n\n<p>Text\/Fotos: Gisela Arling<\/p>\n\n\n\n<figure class=\"wp-block-gallery has-nested-images columns-default is-cropped wp-block-gallery-1 is-layout-flex wp-block-gallery-is-layout-flex\">\n<figure class=\"wp-block-image size-large\"><a href=\"https:\/\/www.forum-soegel.de\/information\/wp-content\/uploads\/2022\/09\/Schuetzenfestfeeling-im-Haus-Simeon-4.jpg\"><img loading=\"lazy\" decoding=\"async\" width=\"1024\" height=\"739\" data-id=\"32831\" src=\"https:\/\/www.forum-soegel.de\/information\/wp-content\/uploads\/2022\/09\/Schuetzenfestfeeling-im-Haus-Simeon-4.jpg\" alt=\"\" class=\"wp-image-32831\" srcset=\"https:\/\/www.forum-soegel.de\/information\/wp-content\/uploads\/2022\/09\/Schuetzenfestfeeling-im-Haus-Simeon-4.jpg 1024w, https:\/\/www.forum-soegel.de\/information\/wp-content\/uploads\/2022\/09\/Schuetzenfestfeeling-im-Haus-Simeon-4-300x217.jpg 300w, https:\/\/www.forum-soegel.de\/information\/wp-content\/uploads\/2022\/09\/Schuetzenfestfeeling-im-Haus-Simeon-4-768x554.jpg 768w\" sizes=\"auto, (max-width: 1024px) 100vw, 1024px\" \/><\/a><\/figure>\n\n\n\n<figure class=\"wp-block-image size-large\"><a href=\"https:\/\/www.forum-soegel.de\/information\/wp-content\/uploads\/2022\/09\/Schuetzenfestfeeling-im-Haus-Simeon-1.jpg\"><img loading=\"lazy\" decoding=\"async\" width=\"1024\" height=\"571\" data-id=\"32829\" src=\"https:\/\/www.forum-soegel.de\/information\/wp-content\/uploads\/2022\/09\/Schuetzenfestfeeling-im-Haus-Simeon-1.jpg\" alt=\"\" class=\"wp-image-32829\" srcset=\"https:\/\/www.forum-soegel.de\/information\/wp-content\/uploads\/2022\/09\/Schuetzenfestfeeling-im-Haus-Simeon-1.jpg 1024w, https:\/\/www.forum-soegel.de\/information\/wp-content\/uploads\/2022\/09\/Schuetzenfestfeeling-im-Haus-Simeon-1-300x167.jpg 300w, https:\/\/www.forum-soegel.de\/information\/wp-content\/uploads\/2022\/09\/Schuetzenfestfeeling-im-Haus-Simeon-1-768x428.jpg 768w\" sizes=\"auto, (max-width: 1024px) 100vw, 1024px\" \/><\/a><\/figure>\n\n\n\n<figure class=\"wp-block-image size-large\"><a href=\"https:\/\/www.forum-soegel.de\/information\/wp-content\/uploads\/2022\/09\/Schuetzenfestfeeling-im-Haus-Simeon-2.jpg\"><img loading=\"lazy\" decoding=\"async\" width=\"1024\" height=\"768\" data-id=\"32832\" src=\"https:\/\/www.forum-soegel.de\/information\/wp-content\/uploads\/2022\/09\/Schuetzenfestfeeling-im-Haus-Simeon-2.jpg\" alt=\"\" class=\"wp-image-32832\" srcset=\"https:\/\/www.forum-soegel.de\/information\/wp-content\/uploads\/2022\/09\/Schuetzenfestfeeling-im-Haus-Simeon-2.jpg 1024w, https:\/\/www.forum-soegel.de\/information\/wp-content\/uploads\/2022\/09\/Schuetzenfestfeeling-im-Haus-Simeon-2-300x225.jpg 300w, https:\/\/www.forum-soegel.de\/information\/wp-content\/uploads\/2022\/09\/Schuetzenfestfeeling-im-Haus-Simeon-2-768x576.jpg 768w\" sizes=\"auto, (max-width: 1024px) 100vw, 1024px\" \/><\/a><\/figure>\n\n\n\n<figure class=\"wp-block-image size-large\"><a href=\"https:\/\/www.forum-soegel.de\/information\/wp-content\/uploads\/2022\/09\/Schuetzenfestfeeling-im-Haus-Simeon-3.jpg\"><img loading=\"lazy\" decoding=\"async\" width=\"1024\" height=\"667\" data-id=\"32830\" src=\"https:\/\/www.forum-soegel.de\/information\/wp-content\/uploads\/2022\/09\/Schuetzenfestfeeling-im-Haus-Simeon-3.jpg\" alt=\"\" class=\"wp-image-32830\" srcset=\"https:\/\/www.forum-soegel.de\/information\/wp-content\/uploads\/2022\/09\/Schuetzenfestfeeling-im-Haus-Simeon-3.jpg 1024w, https:\/\/www.forum-soegel.de\/information\/wp-content\/uploads\/2022\/09\/Schuetzenfestfeeling-im-Haus-Simeon-3-300x195.jpg 300w, https:\/\/www.forum-soegel.de\/information\/wp-content\/uploads\/2022\/09\/Schuetzenfestfeeling-im-Haus-Simeon-3-768x500.jpg 768w\" sizes=\"auto, (max-width: 1024px) 100vw, 1024px\" \/><\/a><\/figure>\n<\/figure>\n","protected":false},"excerpt":{"rendered":"Endlich wieder Aktionen im Haus Simeon nach langer Zeit der Corona-Beschr\u00e4nkungen S\u00f6gel &#8211; Anl\u00e4sslich des gro\u00dfen Jubelsch\u00fctzenfestes in S\u00f6gel (275 Jahre) traten in diesem Jahr die 4. Kompanie des S\u00f6geler Sch\u00fctzenvereins mit Kompanief\u00fchrer Theo Krallmann und Unteroffizier Jan Terhorst, Sch\u00fctzenschwester Maria Robbers und Pfarrer J\u00fcrgen Krallmann beim Haus Simeon an. Vom Combi-Parkplatz aus waren sie [&hellip;]\n","protected":false},"author":2,"featured_media":0,"comment_status":"closed","ping_status":"closed","sticky":false,"template":"","format":"standard","meta":{"ngg_post_thumbnail":0,"footnotes":""},"categories":[5],"tags":[],"class_list":["post-32828","post","type-post","status-publish","format-standard","hentry","category-was-machen-die-vereine"],"_links":{"self":[{"href":"https:\/\/www.forum-soegel.de\/information\/wp-json\/wp\/v2\/posts\/32828","targetHints":{"allow":["GET"]}}],"collection":[{"href":"https:\/\/www.forum-soegel.de\/information\/wp-json\/wp\/v2\/posts"}],"about":[{"href":"https:\/\/www.forum-soegel.de\/information\/wp-json\/wp\/v2\/types\/post"}],"author":[{"embeddable":true,"href":"https:\/\/www.forum-soegel.de\/information\/wp-json\/wp\/v2\/users\/2"}],"replies":[{"embeddable":true,"href":"https:\/\/www.forum-soegel.de\/information\/wp-json\/wp\/v2\/comments?post=32828"}],"version-history":[{"count":1,"href":"https:\/\/www.forum-soegel.de\/information\/wp-json\/wp\/v2\/posts\/32828\/revisions"}],"predecessor-version":[{"id":32833,"href":"https:\/\/www.forum-soegel.de\/information\/wp-json\/wp\/v2\/posts\/32828\/revisions\/32833"}],"wp:attachment":[{"href":"https:\/\/www.forum-soegel.de\/information\/wp-json\/wp\/v2\/media?parent=32828"}],"wp:term":[{"taxonomy":"category","embeddable":true,"href":"https:\/\/www.forum-soegel.de\/information\/wp-json\/wp\/v2\/categories?post=32828"},{"taxonomy":"post_tag","embeddable":true,"href":"https:\/\/www.forum-soegel.de\/information\/wp-json\/wp\/v2\/tags?post=32828"}],"curies":[{"name":"wp","href":"https:\/\/api.w.org\/{rel}","templated":true}]}}