{"id":32822,"date":"2022-08-29T17:16:00","date_gmt":"2022-08-29T15:16:00","guid":{"rendered":"https:\/\/www.forum-soegel.de\/information\/?p=32822"},"modified":"2022-09-29T17:18:02","modified_gmt":"2022-09-29T15:18:02","slug":"vorschulkinder-bei-der-feuerwehr","status":"publish","type":"post","link":"https:\/\/www.forum-soegel.de\/information\/2022\/08\/vorschulkinder-bei-der-feuerwehr\/","title":{"rendered":"Vorschulkinder bei der Feuerwehr"},"content":{"rendered":"\n<p>Spahnharrenst\u00e4tte &#8211; Die Vorschulkinder unseres Kindergartens machten sich zu Fu\u00df auf den Weg, die Freiwillige Feuerwehr im Ort zu besuchen.<\/p>\n\n\n\n<p>Beginnend mit einer Schnitzeljagd durch das Dorf war die \u00dcberraschung gro\u00df, als wir am Ende beim Feuerwehrhaus angekommen sind.<\/p>\n\n\n\n<p>Ortsbrandmeister Dieter Steenken, Sabine Gebkenjans und Klaus Kreuzhermes begr\u00fc\u00dften uns ganz herzlich im Feuerwehrhaus Spahnharrenst\u00e4tte.<\/p>\n\n\n\n<p>Uns wurden die Feuerwehrfahrzeuge mit der technischen Ausr\u00fcstung gezeigt, eine kleine L\u00f6sch\u00fcbung wurde durchgef\u00fchrt und der Spa\u00df kam dabei nat\u00fcrlich nicht zu kurz!. Es war ein sehr interessanter Vormittag und hat allen Kindern und Erwachsenen viel Freude bereitet.<\/p>\n\n\n\n<p>Vielen Dank an die Freiwillige Feuerwehr Spahnharrenst\u00e4tte f\u00fcr den tollen Einsatz!!<\/p>\n\n\n\n<p>Text\/Fotos: KITA Spahnharrenst\u00e4tte<\/p>\n\n\n\n<p>(Marie Sandmann)<\/p>\n\n\n\n<figure class=\"wp-block-gallery has-nested-images columns-default is-cropped wp-block-gallery-1 is-layout-flex wp-block-gallery-is-layout-flex\">\n<figure class=\"wp-block-image size-large\"><a href=\"https:\/\/www.forum-soegel.de\/information\/wp-content\/uploads\/2022\/09\/Vorschulkinder-bei-der-Feuerwehr-4.jpg\"><img loading=\"lazy\" decoding=\"async\" width=\"576\" height=\"768\" data-id=\"32824\" src=\"https:\/\/www.forum-soegel.de\/information\/wp-content\/uploads\/2022\/09\/Vorschulkinder-bei-der-Feuerwehr-4.jpg\" alt=\"\" class=\"wp-image-32824\" srcset=\"https:\/\/www.forum-soegel.de\/information\/wp-content\/uploads\/2022\/09\/Vorschulkinder-bei-der-Feuerwehr-4.jpg 576w, https:\/\/www.forum-soegel.de\/information\/wp-content\/uploads\/2022\/09\/Vorschulkinder-bei-der-Feuerwehr-4-225x300.jpg 225w\" sizes=\"auto, (max-width: 576px) 100vw, 576px\" \/><\/a><\/figure>\n\n\n\n<figure class=\"wp-block-image size-large\"><a href=\"https:\/\/www.forum-soegel.de\/information\/wp-content\/uploads\/2022\/09\/Vorschulkinder-bei-der-Feuerwehr-1.jpg\"><img loading=\"lazy\" decoding=\"async\" width=\"576\" height=\"768\" data-id=\"32823\" src=\"https:\/\/www.forum-soegel.de\/information\/wp-content\/uploads\/2022\/09\/Vorschulkinder-bei-der-Feuerwehr-1.jpg\" alt=\"\" class=\"wp-image-32823\" srcset=\"https:\/\/www.forum-soegel.de\/information\/wp-content\/uploads\/2022\/09\/Vorschulkinder-bei-der-Feuerwehr-1.jpg 576w, https:\/\/www.forum-soegel.de\/information\/wp-content\/uploads\/2022\/09\/Vorschulkinder-bei-der-Feuerwehr-1-225x300.jpg 225w\" sizes=\"auto, (max-width: 576px) 100vw, 576px\" \/><\/a><\/figure>\n\n\n\n<figure class=\"wp-block-image size-large\"><a href=\"https:\/\/www.forum-soegel.de\/information\/wp-content\/uploads\/2022\/09\/Vorschulkinder-bei-der-Feuerwehr-2.jpg\"><img loading=\"lazy\" decoding=\"async\" width=\"576\" height=\"768\" data-id=\"32826\" src=\"https:\/\/www.forum-soegel.de\/information\/wp-content\/uploads\/2022\/09\/Vorschulkinder-bei-der-Feuerwehr-2.jpg\" alt=\"\" class=\"wp-image-32826\" srcset=\"https:\/\/www.forum-soegel.de\/information\/wp-content\/uploads\/2022\/09\/Vorschulkinder-bei-der-Feuerwehr-2.jpg 576w, https:\/\/www.forum-soegel.de\/information\/wp-content\/uploads\/2022\/09\/Vorschulkinder-bei-der-Feuerwehr-2-225x300.jpg 225w\" sizes=\"auto, (max-width: 576px) 100vw, 576px\" \/><\/a><\/figure>\n\n\n\n<figure class=\"wp-block-image size-large\"><a href=\"https:\/\/www.forum-soegel.de\/information\/wp-content\/uploads\/2022\/09\/Vorschulkinder-bei-der-Feuerwehr-3.jpg\"><img loading=\"lazy\" decoding=\"async\" width=\"576\" height=\"768\" data-id=\"32825\" src=\"https:\/\/www.forum-soegel.de\/information\/wp-content\/uploads\/2022\/09\/Vorschulkinder-bei-der-Feuerwehr-3.jpg\" alt=\"\" class=\"wp-image-32825\" srcset=\"https:\/\/www.forum-soegel.de\/information\/wp-content\/uploads\/2022\/09\/Vorschulkinder-bei-der-Feuerwehr-3.jpg 576w, https:\/\/www.forum-soegel.de\/information\/wp-content\/uploads\/2022\/09\/Vorschulkinder-bei-der-Feuerwehr-3-225x300.jpg 225w\" sizes=\"auto, (max-width: 576px) 100vw, 576px\" \/><\/a><\/figure>\n<\/figure>\n","protected":false},"excerpt":{"rendered":"Spahnharrenst\u00e4tte &#8211; Die Vorschulkinder unseres Kindergartens machten sich zu Fu\u00df auf den Weg, die Freiwillige Feuerwehr im Ort zu besuchen. Beginnend mit einer Schnitzeljagd durch das Dorf war die \u00dcberraschung gro\u00df, als wir am Ende beim Feuerwehrhaus angekommen sind. Ortsbrandmeister Dieter Steenken, Sabine Gebkenjans und Klaus Kreuzhermes begr\u00fc\u00dften uns ganz herzlich im Feuerwehrhaus Spahnharrenst\u00e4tte. Uns [&hellip;]\n","protected":false},"author":2,"featured_media":0,"comment_status":"closed","ping_status":"closed","sticky":false,"template":"","format":"standard","meta":{"ngg_post_thumbnail":0,"footnotes":""},"categories":[5],"tags":[],"class_list":["post-32822","post","type-post","status-publish","format-standard","hentry","category-was-machen-die-vereine"],"_links":{"self":[{"href":"https:\/\/www.forum-soegel.de\/information\/wp-json\/wp\/v2\/posts\/32822","targetHints":{"allow":["GET"]}}],"collection":[{"href":"https:\/\/www.forum-soegel.de\/information\/wp-json\/wp\/v2\/posts"}],"about":[{"href":"https:\/\/www.forum-soegel.de\/information\/wp-json\/wp\/v2\/types\/post"}],"author":[{"embeddable":true,"href":"https:\/\/www.forum-soegel.de\/information\/wp-json\/wp\/v2\/users\/2"}],"replies":[{"embeddable":true,"href":"https:\/\/www.forum-soegel.de\/information\/wp-json\/wp\/v2\/comments?post=32822"}],"version-history":[{"count":1,"href":"https:\/\/www.forum-soegel.de\/information\/wp-json\/wp\/v2\/posts\/32822\/revisions"}],"predecessor-version":[{"id":32827,"href":"https:\/\/www.forum-soegel.de\/information\/wp-json\/wp\/v2\/posts\/32822\/revisions\/32827"}],"wp:attachment":[{"href":"https:\/\/www.forum-soegel.de\/information\/wp-json\/wp\/v2\/media?parent=32822"}],"wp:term":[{"taxonomy":"category","embeddable":true,"href":"https:\/\/www.forum-soegel.de\/information\/wp-json\/wp\/v2\/categories?post=32822"},{"taxonomy":"post_tag","embeddable":true,"href":"https:\/\/www.forum-soegel.de\/information\/wp-json\/wp\/v2\/tags?post=32822"}],"curies":[{"name":"wp","href":"https:\/\/api.w.org\/{rel}","templated":true}]}}