{"id":32819,"date":"2022-08-29T17:14:00","date_gmt":"2022-08-29T15:14:00","guid":{"rendered":"https:\/\/www.forum-soegel.de\/information\/?p=32819"},"modified":"2022-09-29T17:16:21","modified_gmt":"2022-09-29T15:16:21","slug":"sterbende-begleiten-hospizverein-und-keb-bieten-kurs-fuer-neue-ehrenamtliche","status":"publish","type":"post","link":"https:\/\/www.forum-soegel.de\/information\/2022\/08\/sterbende-begleiten-hospizverein-und-keb-bieten-kurs-fuer-neue-ehrenamtliche\/","title":{"rendered":"Sterbende begleiten \u2013 Hospizverein und KEB bieten Kurs f\u00fcr neue Ehrenamtliche"},"content":{"rendered":"\n<p>S\u00f6gel &#8211; Obwohl nur wenige Meter neben dem Krankenhaus in S\u00f6gel gelegen ist der kleine, mit heimischen und bienenfreundlichen Blumen und duftenden Str\u00e4uchern versehene&nbsp; Hospizgarten eine kleine Oase der Stille und l\u00e4dt zum Verweilen ein \u2013 insbesondere die Patienten der nahen Hospizstation.<\/p>\n\n\n\n<p>\u201eAuch den Hospizgarten haben wir mit der Hilfe einiger Ehrenamtlicher angelegt\u201c, sagt nicht ohne Stolz Steffi Olliges, die Koordinatorin des S\u00f6geler Hospizvereins.<\/p>\n\n\n\n<p>Dabei ist die wesentliche, selbst gesteckte&nbsp; Aufgabe der Ehrenamtlichen des Vereins die Begleitung von Menschen auf ihrem letzten Lebensweg. \u201eGerade die Pandemie hat uns gezeigt, wie wichtig es ist, dass eine Gesellschaft Menschen hat, die sich um andere k\u00fcmmern\u201c, wei\u00df Michael Strodt, Krankenhausseelsorger und Vorsitzender des Vereins. Er verweist auf die 60 Begleitungen Sterbender durch Ehrenamtliche trotz Pandemie im vergangenen Jahr, die zeigten, wie wichtig die Haltung des sich K\u00fcmmerns und Daseins in schweren Zeiten ist. Eine hospizliche Haltung, die die Auseinandersetzung mit dem Thema Krankheit, Tod und Sterben erfordere.<\/p>\n\n\n\n<p>Das Ziel ehrenamtlicher Hospizarbeit sei es, \u201aden Tagen mehr Leben zu geben\u2018 (Cicely Saunders). Das Wohlbefinden der Betroffenen und die ganzheitliche Betreuung stehen an erster Stelle.<\/p>\n\n\n\n<p>Ein sehr passendes Beispiel daf\u00fcr ist ein Barbecue, das ein Hospizhelfer kurzerhand aufgrund des Herzenswunsches eines jungen schwererkrankten Mannes auf der Palliativstation f\u00fcr den Betroffenen und dessen Familie auf die Beine gestellt hat.<\/p>\n\n\n\n<p>Um der wachsenden Nachfrage nach Begleitungen auf dem letzten Weg des Lebens auch weiterhin entsprechen zu k\u00f6nnen bietet der Verein S\u00f6geler Hospiz e.V. und die Katholische Erwachsenenbildung ab dem 09. September einen neuen 110 Unterrichtsstunden umfassenden Zertifikatskurs \u201eFortbildung zum\/zur ehrenamtlichen Hospizhelfer\/in\u201c in S\u00f6gel an.<\/p>\n\n\n\n<p>\u201eDer Kurs beinhaltet ein umfassendes Spektrum hospizlich&nbsp; bedeutsamer Themen, die eine breite Auseinandersetzung mit der T\u00e4tigkeit ehrenamtlicher Hospizarbeit erm\u00f6glichen und darauf vorbereiten\u201c, so Stefan Varel, p\u00e4dagogischer Leiter der KEB. An zwei Wochenenden, vier Tagesseminaren und elf Abendterminen geht es bis Anfang Februar 2023 um die pers\u00f6nliche Auseinandersetzung mit Krankheit und Sterben, Fragen der Gespr\u00e4chsf\u00fchrung, Palliative Care und Validation sowie Sterbephasen.<\/p>\n\n\n\n<p>Aber auch Informationen zu Pflege- und Krankenbeobachtung, religi\u00f6se und rechtliche Aspekte und das Bestattungswesen finden ihren Platz sowie ein kleines, kursbegleitendes Praktikum.<\/p>\n\n\n\n<p>Ziel des Kurses ist es, eine palliative und hospizliche Versorgung eines Betroffenen und dessen Zugeh\u00f6rigen als gemeinsame Aufgabe zu verstehen, bei der der Mensch mit seinen \u00c4ngsten und Sorgen, aber nat\u00fcrlich auch mit seinen W\u00fcnschen und Bed\u00fcrfnissen im Vordergrund steht.<\/p>\n\n\n\n<p>Der Kurs wird von einem ausgewiesenen Fachreferententeam durchgef\u00fchrt.<\/p>\n\n\n\n<p>Interessierte Personen erhalten weitere Informationen beim S\u00f6geler Hospiz e.V. in S\u00f6gel (Michael Strodt) unter: 05952 209-2542 oder bei der KEB unter 05952 1556 sowie unter www.keb-aschendorf-huemmling.de<\/p>\n\n\n\n<p>Text\/Foto: Stefan Varel<\/p>\n\n\n\n<figure class=\"wp-block-image size-full\"><a href=\"https:\/\/www.forum-soegel.de\/information\/wp-content\/uploads\/2022\/09\/Sterbende-begleiten-Hospizverein-und-KEB-bieten-Kurs-fuer-neue-Ehrenamtliche.jpg\"><img loading=\"lazy\" decoding=\"async\" width=\"1024\" height=\"683\" src=\"https:\/\/www.forum-soegel.de\/information\/wp-content\/uploads\/2022\/09\/Sterbende-begleiten-Hospizverein-und-KEB-bieten-Kurs-fuer-neue-Ehrenamtliche.jpg\" alt=\"\" class=\"wp-image-32820\" srcset=\"https:\/\/www.forum-soegel.de\/information\/wp-content\/uploads\/2022\/09\/Sterbende-begleiten-Hospizverein-und-KEB-bieten-Kurs-fuer-neue-Ehrenamtliche.jpg 1024w, https:\/\/www.forum-soegel.de\/information\/wp-content\/uploads\/2022\/09\/Sterbende-begleiten-Hospizverein-und-KEB-bieten-Kurs-fuer-neue-Ehrenamtliche-300x200.jpg 300w, https:\/\/www.forum-soegel.de\/information\/wp-content\/uploads\/2022\/09\/Sterbende-begleiten-Hospizverein-und-KEB-bieten-Kurs-fuer-neue-Ehrenamtliche-768x512.jpg 768w\" sizes=\"auto, (max-width: 1024px) 100vw, 1024px\" \/><\/a><figcaption>v.l.: Steffi Olliges, Koordinatorin Hospizverein, Michael Strodt Vorsitzender S\u00f6geler Hospiz e.V., Stefan Varel, Leiter der KEB)<\/figcaption><\/figure>\n","protected":false},"excerpt":{"rendered":"S\u00f6gel &#8211; Obwohl nur wenige Meter neben dem Krankenhaus in S\u00f6gel gelegen ist der kleine, mit heimischen und bienenfreundlichen Blumen und duftenden Str\u00e4uchern versehene&nbsp; Hospizgarten eine kleine Oase der Stille und l\u00e4dt zum Verweilen ein \u2013 insbesondere die Patienten der nahen Hospizstation. \u201eAuch den Hospizgarten haben wir mit der Hilfe einiger Ehrenamtlicher angelegt\u201c, sagt nicht [&hellip;]\n","protected":false},"author":2,"featured_media":0,"comment_status":"closed","ping_status":"closed","sticky":false,"template":"","format":"standard","meta":{"ngg_post_thumbnail":0,"footnotes":""},"categories":[5],"tags":[],"class_list":["post-32819","post","type-post","status-publish","format-standard","hentry","category-was-machen-die-vereine"],"_links":{"self":[{"href":"https:\/\/www.forum-soegel.de\/information\/wp-json\/wp\/v2\/posts\/32819","targetHints":{"allow":["GET"]}}],"collection":[{"href":"https:\/\/www.forum-soegel.de\/information\/wp-json\/wp\/v2\/posts"}],"about":[{"href":"https:\/\/www.forum-soegel.de\/information\/wp-json\/wp\/v2\/types\/post"}],"author":[{"embeddable":true,"href":"https:\/\/www.forum-soegel.de\/information\/wp-json\/wp\/v2\/users\/2"}],"replies":[{"embeddable":true,"href":"https:\/\/www.forum-soegel.de\/information\/wp-json\/wp\/v2\/comments?post=32819"}],"version-history":[{"count":1,"href":"https:\/\/www.forum-soegel.de\/information\/wp-json\/wp\/v2\/posts\/32819\/revisions"}],"predecessor-version":[{"id":32821,"href":"https:\/\/www.forum-soegel.de\/information\/wp-json\/wp\/v2\/posts\/32819\/revisions\/32821"}],"wp:attachment":[{"href":"https:\/\/www.forum-soegel.de\/information\/wp-json\/wp\/v2\/media?parent=32819"}],"wp:term":[{"taxonomy":"category","embeddable":true,"href":"https:\/\/www.forum-soegel.de\/information\/wp-json\/wp\/v2\/categories?post=32819"},{"taxonomy":"post_tag","embeddable":true,"href":"https:\/\/www.forum-soegel.de\/information\/wp-json\/wp\/v2\/tags?post=32819"}],"curies":[{"name":"wp","href":"https:\/\/api.w.org\/{rel}","templated":true}]}}