{"id":328,"date":"2010-02-07T15:47:56","date_gmt":"2010-02-07T13:47:56","guid":{"rendered":"https:\/\/www.forum-soegel.de\/information\/?p=328"},"modified":"2010-02-07T15:47:56","modified_gmt":"2010-02-07T13:47:56","slug":"dendrochronologie-in-sogel","status":"publish","type":"post","link":"https:\/\/www.forum-soegel.de\/information\/2010\/02\/dendrochronologie-in-sogel\/","title":{"rendered":"Dendrochronologie in S\u00f6gel"},"content":{"rendered":"<p>Ist das eine fern\u00f6stliche Zahnheilkunde oder eine historische Hilfswissenschaft zur Altersbestimmung von Holz und damit verbunden von z. B. Geb\u00e4uden, in denen das Holz verbaut wurde? Nicht diese, aber andere Fragen wurden in der letzten Woche vor Weihnachten in der Geschichtswerkstatt vielen Schulklassen gestellt, die sich an einem Wettbewerb zur Erkundung der Geschichtswerkstatt mit Feuereifer beteiligt haben.<br \/>\nDie dendrochronologische Methode zeigt im Raum 2 der Werkstatt z. B auf, wann das Gymnasium er\u00f6ffnet wurde, wann man Kirchen baute und renovierte, aber auch wann Ereignisse stattfanden, die \u00fcber den H\u00fcmmling hinaus hohen Bekanntheitsgrad erlangten (z. B. die erste Landung eines Menschen auf dem Mond). &#8211; Wenn Sie mehr wissen wollen, sind Sie herzlich zu einem Besuch der Geschichtswerkstatt eingeladen.<br \/>\nIm Raum 2 werden noch andere interessante Teile der H\u00fcmmlinger Geschichte mit Schautafeln, R\u00e4tseln und Mitmachelementen sowie Produkten h\u00fcmmlingschen Flei\u00dfes vor Augen und Ohren gef\u00fchrt. Wussten Sie, dass der H\u00fcmmling sozusagen die (\u00fcberwiegend menschliche) Strickmaschine f\u00fcr Wollsocken und -handschuhe war? Dies h\u00e4ngt mit der Entwaldung und Versteppung des H\u00fcmmlings bis ins sp\u00e4te 19. Jahrhundert zusammen. &#8211; Bei einem Besuch der Geschichtswerkstatt erfahren Sie N\u00e4heres!<\/p>\n<p>M\u00f6gen Sie Buchweizenpfannkuchen? Vermutlich essen Sie sie wie die meisten Menschen gerne mit gebratenem Speck oder Heidelbeerkompott. Wissen Sie, welche Spur vom Buchweizen zur fr\u00fcheren Ver\u00f6dung des H\u00fcmmlings f\u00fchrt? Die Werkstatt gibt Antwort. Sie beantwortet noch viel mehr Fragen zum H\u00fcmmling, zu seiner Verkn\u00fcpfung mit Deutschland und Europa.<br \/>\nNur zur Erinnerung: Die Geschichtswerkstatt befindet sich in S\u00f6gel auf der Sigiltrastr. 10A (fr\u00fcherer Lidl-Markt), Tel. 05952\/9699834 oder 1362 oder 9681452, ge\u00f6ffnet dienstags und mittwochs 16.00 bis 18.00 Uhr, donnerstags 9.00 bis 12.00 sowie freitags 16.00 bis 18.30 Uhr, Gruppen nach Voranmeldung auch zu anderen Zeiten.<\/p>\n<p>Text\/Fotos: Uwe M\u00fcller Forum S\u00f6gel<br \/>\n<a href=\"https:\/\/www.forum-soegel.de\/information\/wp-content\/uploads\/2010\/02\/Damen-und-Herren-der-Ringe-Geschichtswerkstatt.jpg\"><img loading=\"lazy\" decoding=\"async\" class=\"alignnone size-thumbnail wp-image-329\" title=\"Damen und Herren der Ringe - Geschichtswerkstatt\" src=\"https:\/\/www.forum-soegel.de\/information\/wp-content\/uploads\/2010\/02\/Damen-und-Herren-der-Ringe-Geschichtswerkstatt-150x150.jpg\" alt=\"\" width=\"150\" height=\"150\" \/><\/a>\u00a0\u00a0\u00a0 <a href=\"https:\/\/www.forum-soegel.de\/information\/wp-content\/uploads\/2010\/02\/Dendrochtonologie-in-S\u00f6gel2.jpg\"><img loading=\"lazy\" decoding=\"async\" class=\"alignnone size-thumbnail wp-image-333\" title=\"Dendrochtonologie in S\u00f6gel\" src=\"https:\/\/www.forum-soegel.de\/information\/wp-content\/uploads\/2010\/02\/Dendrochtonologie-in-S\u00f6gel2-150x150.jpg\" alt=\"\" width=\"150\" height=\"150\" \/><\/a><\/p>\n","protected":false},"excerpt":{"rendered":"Ist das eine fern\u00f6stliche Zahnheilkunde oder eine historische Hilfswissenschaft zur Altersbestimmung von Holz und damit verbunden von z. B. Geb\u00e4uden, in denen das Holz verbaut wurde? Nicht diese, aber andere Fragen wurden in der letzten Woche vor Weihnachten in der Geschichtswerkstatt vielen Schulklassen gestellt, die sich an einem Wettbewerb zur Erkundung der Geschichtswerkstatt mit Feuereifer [&hellip;]\n","protected":false},"author":2,"featured_media":0,"comment_status":"closed","ping_status":"closed","sticky":false,"template":"","format":"standard","meta":{"ngg_post_thumbnail":0,"footnotes":""},"categories":[5],"tags":[61],"class_list":["post-328","post","type-post","status-publish","format-standard","hentry","category-was-machen-die-vereine","tag-dendrochronologie"],"_links":{"self":[{"href":"https:\/\/www.forum-soegel.de\/information\/wp-json\/wp\/v2\/posts\/328","targetHints":{"allow":["GET"]}}],"collection":[{"href":"https:\/\/www.forum-soegel.de\/information\/wp-json\/wp\/v2\/posts"}],"about":[{"href":"https:\/\/www.forum-soegel.de\/information\/wp-json\/wp\/v2\/types\/post"}],"author":[{"embeddable":true,"href":"https:\/\/www.forum-soegel.de\/information\/wp-json\/wp\/v2\/users\/2"}],"replies":[{"embeddable":true,"href":"https:\/\/www.forum-soegel.de\/information\/wp-json\/wp\/v2\/comments?post=328"}],"version-history":[{"count":3,"href":"https:\/\/www.forum-soegel.de\/information\/wp-json\/wp\/v2\/posts\/328\/revisions"}],"predecessor-version":[{"id":335,"href":"https:\/\/www.forum-soegel.de\/information\/wp-json\/wp\/v2\/posts\/328\/revisions\/335"}],"wp:attachment":[{"href":"https:\/\/www.forum-soegel.de\/information\/wp-json\/wp\/v2\/media?parent=328"}],"wp:term":[{"taxonomy":"category","embeddable":true,"href":"https:\/\/www.forum-soegel.de\/information\/wp-json\/wp\/v2\/categories?post=328"},{"taxonomy":"post_tag","embeddable":true,"href":"https:\/\/www.forum-soegel.de\/information\/wp-json\/wp\/v2\/tags?post=328"}],"curies":[{"name":"wp","href":"https:\/\/api.w.org\/{rel}","templated":true}]}}