{"id":32775,"date":"2022-08-29T16:38:00","date_gmt":"2022-08-29T14:38:00","guid":{"rendered":"https:\/\/www.forum-soegel.de\/information\/?p=32775"},"modified":"2022-09-29T16:40:35","modified_gmt":"2022-09-29T14:40:35","slug":"uwe-herbers-als-stellvertretender-ortsbrandmeister-bestaetigt","status":"publish","type":"post","link":"https:\/\/www.forum-soegel.de\/information\/2022\/08\/uwe-herbers-als-stellvertretender-ortsbrandmeister-bestaetigt\/","title":{"rendered":"Uwe Herbers als stellvertretender Ortsbrandmeister best\u00e4tigt"},"content":{"rendered":"\n<p>S\u00f6gel &#8211; Nach Ablauf der sechsj\u00e4hrigen Wahlperiode hat der Rat der Samtgemeinde S\u00f6gel den Oberbrandmeister Uwe Herbers f\u00fcr weitere sechs Jahre zum stellvertretenden Ortsbrandmeister der Freiwilligen Feuerwehr Klein Ber\u00dfen zu ernannt. In der Mitgliederversammlung der Wehr wurde der bisherigen Amtsinhaber wiederum f\u00fcr die Ernennung zum stellvertretenden Ortsbrandmeister vorgeschlagen. Herbers tritt damit seine dritte Amtsperiode an. Zudem ist Herbers auf Samtgemeindeebene als stellvertretender Gemeindebrandmeister f\u00fcr die Ortsfeuerwehren S\u00f6gel, Ber\u00dfen, B\u00f6rger, Spahnharrenst\u00e4tte und Werpeloh t\u00e4tig.<\/p>\n\n\n\n<p>Text\/Foto: Lambert Brand<\/p>\n\n\n\n<figure class=\"wp-block-image size-full\"><a href=\"https:\/\/www.forum-soegel.de\/information\/wp-content\/uploads\/2022\/09\/Uwe-Herbers-als-stellvertretender-Ortsbrandmeister-bestaetigt.jpg\"><img loading=\"lazy\" decoding=\"async\" width=\"430\" height=\"768\" src=\"https:\/\/www.forum-soegel.de\/information\/wp-content\/uploads\/2022\/09\/Uwe-Herbers-als-stellvertretender-Ortsbrandmeister-bestaetigt.jpg\" alt=\"\" class=\"wp-image-32776\" srcset=\"https:\/\/www.forum-soegel.de\/information\/wp-content\/uploads\/2022\/09\/Uwe-Herbers-als-stellvertretender-Ortsbrandmeister-bestaetigt.jpg 430w, https:\/\/www.forum-soegel.de\/information\/wp-content\/uploads\/2022\/09\/Uwe-Herbers-als-stellvertretender-Ortsbrandmeister-bestaetigt-168x300.jpg 168w\" sizes=\"auto, (max-width: 430px) 100vw, 430px\" \/><\/a><figcaption>Uwe Herbers wurde zum stellvertretenden Ortsbrandmeister in Ber\u00dfen ernannt.<\/figcaption><\/figure>\n","protected":false},"excerpt":{"rendered":"S\u00f6gel &#8211; Nach Ablauf der sechsj\u00e4hrigen Wahlperiode hat der Rat der Samtgemeinde S\u00f6gel den Oberbrandmeister Uwe Herbers f\u00fcr weitere sechs Jahre zum stellvertretenden Ortsbrandmeister der Freiwilligen Feuerwehr Klein Ber\u00dfen zu ernannt. In der Mitgliederversammlung der Wehr wurde der bisherigen Amtsinhaber wiederum f\u00fcr die Ernennung zum stellvertretenden Ortsbrandmeister vorgeschlagen. Herbers tritt damit seine dritte Amtsperiode an. [&hellip;]\n","protected":false},"author":2,"featured_media":0,"comment_status":"closed","ping_status":"closed","sticky":false,"template":"","format":"standard","meta":{"ngg_post_thumbnail":0,"footnotes":""},"categories":[3],"tags":[],"class_list":["post-32775","post","type-post","status-publish","format-standard","hentry","category-aktuelles-aus-der-region"],"_links":{"self":[{"href":"https:\/\/www.forum-soegel.de\/information\/wp-json\/wp\/v2\/posts\/32775","targetHints":{"allow":["GET"]}}],"collection":[{"href":"https:\/\/www.forum-soegel.de\/information\/wp-json\/wp\/v2\/posts"}],"about":[{"href":"https:\/\/www.forum-soegel.de\/information\/wp-json\/wp\/v2\/types\/post"}],"author":[{"embeddable":true,"href":"https:\/\/www.forum-soegel.de\/information\/wp-json\/wp\/v2\/users\/2"}],"replies":[{"embeddable":true,"href":"https:\/\/www.forum-soegel.de\/information\/wp-json\/wp\/v2\/comments?post=32775"}],"version-history":[{"count":1,"href":"https:\/\/www.forum-soegel.de\/information\/wp-json\/wp\/v2\/posts\/32775\/revisions"}],"predecessor-version":[{"id":32777,"href":"https:\/\/www.forum-soegel.de\/information\/wp-json\/wp\/v2\/posts\/32775\/revisions\/32777"}],"wp:attachment":[{"href":"https:\/\/www.forum-soegel.de\/information\/wp-json\/wp\/v2\/media?parent=32775"}],"wp:term":[{"taxonomy":"category","embeddable":true,"href":"https:\/\/www.forum-soegel.de\/information\/wp-json\/wp\/v2\/categories?post=32775"},{"taxonomy":"post_tag","embeddable":true,"href":"https:\/\/www.forum-soegel.de\/information\/wp-json\/wp\/v2\/tags?post=32775"}],"curies":[{"name":"wp","href":"https:\/\/api.w.org\/{rel}","templated":true}]}}