{"id":32769,"date":"2022-08-29T16:35:00","date_gmt":"2022-08-29T14:35:00","guid":{"rendered":"https:\/\/www.forum-soegel.de\/information\/?p=32769"},"modified":"2022-09-29T16:36:27","modified_gmt":"2022-09-29T14:36:27","slug":"koloss-von-hueven-eingeweiht","status":"publish","type":"post","link":"https:\/\/www.forum-soegel.de\/information\/2022\/08\/koloss-von-hueven-eingeweiht\/","title":{"rendered":"Koloss von H\u00fcven eingeweiht"},"content":{"rendered":"\n<p>H\u00fcven &#8211; Der Koloss von H\u00fcven im Emsland ist jetzt auch offiziell ein Naturdenkmal. Der rund 103 Tonnen schwere Findling wurde nun eingeweiht.<\/p>\n\n\n\n<p>Vor anderthalb Jahren war der Stein aus einem Acker bei H\u00fcven geborgen worden und hat inzwischen einen Ehrenplatz auf einem neu gepflasterten Steinplatz inmitten einer kleinen Rasenfl\u00e4che unweit der Kirche in der Gemeinde bekommen. Mit rund sechs Metern L\u00e4nge und drei Metern H\u00f6he ist der Granitstein ein Naturdenkmal. Das zust\u00e4ndige Landesamt sch\u00e4tzt sein Alter auf 1,8\u20132,1 Milliarden Jahre. Er wurde vor ca. 200.000 Jahren durch Gletscher in der Saaleeiszeit aus Skandinavien zu uns verfrachtet.<\/p>\n\n\n\n<p>Mit einer von Pfarrer J\u00fcrgen Krallmann geleiteten Andacht vor Ort und der Segnung wurde die Einweihung des Ehrenplatzes f\u00fcr den Koloss von H\u00fcven feierlich begangen. B\u00fcrgermeister Alois Ull dankte in seiner Ansprache allen, die von der Bergung des Steins bis zur Gestaltung des neuen Standortes beigetragen hatten. Einen besonderen Dank richtete er dabei an die vorherige B\u00fcrgermeisterin Simone Borgmann, an Alfons Kohne (Initiator der Bergung) und an die Eigent\u00fcmer des Grundst\u00fccks des ehemaligen Standortes des Steines, die Familie D\u00f6rtelmann. Ihnen allen sei es zu verdanken, dass die Gemeinde H\u00fcven nun neben der mit gro\u00dfer Strahlkraft ausgestatteten H\u00fcvener M\u00fchle einen zweiten touristischen Anziehungspunkt habe, dem H\u00fcvener Koloss. Frank Kla\u00df, Samtgemeindeb\u00fcrgermeister, nahm seine Worte auf: \u201eHeute k\u00f6nnen wir mit einem kolossalen Ereignis ein neues Highlight f\u00fcr unsere Einheimischen und unsere G\u00e4ste einweihen!\u201c<\/p>\n\n\n\n<p>Ein noch zu schaffender Wanderweg soll k\u00fcnftig die beiden Sehensw\u00fcrdigkeiten in H\u00fcven verbinden. Der Ehrenplatz wurde indes bis zur Einweihung fertiggestellt.<\/p>\n\n\n\n<p>An den Ausgaben hat sich das Amt f\u00fcr Regionale Landesentwicklung mit 50 Prozent gerne beteiligt, sagte Dezernatsleiterin Sylvia Backers.<\/p>\n\n\n\n<p>Ebensolche Lobesworte fand auch Landrat Marc-Andr\u00e9 Burgdorf: \u201eDer Koloss von H\u00fcven ist ein Musterbeispiel f\u00fcr unser Emsland: Hier wurde gemeinsam angepackt und es entstand daraus etwas Gutes.\u201c<\/p>\n\n\n\n<p>Landwirt Franz D\u00f6rtelmann freut sich \u00fcber den neuen Standort. \u201eHier hat der Stein eine viel bessere Funktion als am vorherigen Standort. Im Acker verborgen verursachte der Stein durch seine Unw\u00e4gbarkeit regelm\u00e4\u00dfig beim Pfl\u00fcgen Sch\u00e4den an den landwirtschaftlichen Maschinen.\u201c<\/p>\n\n\n\n<p>F\u00fcr die Besucherinnen und Besucher hat die Gemeinde neben dem Stein eine Schutzh\u00fctte aufgestellt. Alfons Kohne informierte die G\u00e4ste, dass demn\u00e4chst die Geschichte des Findlings dort auf einem Bildschirm zu sehen sei: die Bergung, der Schwertransport von Ende 2020 und die Neugestaltung des Platzes.<\/p>\n\n\n\n<p>F\u00fcr die musikalische Umrahmung der Veranstaltung sorgte die Musikkapelle H\u00fcven.<\/p>\n\n\n\n<p>Text\/Foto: Samtgemeinde S\u00f6gel<\/p>\n\n\n\n<figure class=\"wp-block-image size-full\"><img loading=\"lazy\" decoding=\"async\" width=\"897\" height=\"768\" src=\"https:\/\/www.forum-soegel.de\/information\/wp-content\/uploads\/2022\/09\/Koloss-von-Hueven-eingeweiht.jpg\" alt=\"\" class=\"wp-image-32770\" srcset=\"https:\/\/www.forum-soegel.de\/information\/wp-content\/uploads\/2022\/09\/Koloss-von-Hueven-eingeweiht.jpg 897w, https:\/\/www.forum-soegel.de\/information\/wp-content\/uploads\/2022\/09\/Koloss-von-Hueven-eingeweiht-300x257.jpg 300w, https:\/\/www.forum-soegel.de\/information\/wp-content\/uploads\/2022\/09\/Koloss-von-Hueven-eingeweiht-768x658.jpg 768w\" sizes=\"auto, (max-width: 897px) 100vw, 897px\" \/><figcaption>v.l.: B\u00fcrgermeister Aloys Ull, Sylvia Backers (Amt f\u00fcr Regionale Landesentwicklung), Pfarrer J\u00fcrgen Krallmann, Landrat Marc-Andr\u00e9 Burgdorf und Samtgemeindeb\u00fcrgermeister Frank Kla\u00df h\u00f6ren den Worten vom Landwirt Franz D\u00f6rtelmann zur Einweihung des Kolosses von H\u00fcven zu.<\/figcaption><\/figure>\n","protected":false},"excerpt":{"rendered":"H\u00fcven &#8211; Der Koloss von H\u00fcven im Emsland ist jetzt auch offiziell ein Naturdenkmal. Der rund 103 Tonnen schwere Findling wurde nun eingeweiht. Vor anderthalb Jahren war der Stein aus einem Acker bei H\u00fcven geborgen worden und hat inzwischen einen Ehrenplatz auf einem neu gepflasterten Steinplatz inmitten einer kleinen Rasenfl\u00e4che unweit der Kirche in der [&hellip;]\n","protected":false},"author":2,"featured_media":0,"comment_status":"closed","ping_status":"closed","sticky":false,"template":"","format":"standard","meta":{"ngg_post_thumbnail":0,"footnotes":""},"categories":[3],"tags":[],"class_list":["post-32769","post","type-post","status-publish","format-standard","hentry","category-aktuelles-aus-der-region"],"_links":{"self":[{"href":"https:\/\/www.forum-soegel.de\/information\/wp-json\/wp\/v2\/posts\/32769","targetHints":{"allow":["GET"]}}],"collection":[{"href":"https:\/\/www.forum-soegel.de\/information\/wp-json\/wp\/v2\/posts"}],"about":[{"href":"https:\/\/www.forum-soegel.de\/information\/wp-json\/wp\/v2\/types\/post"}],"author":[{"embeddable":true,"href":"https:\/\/www.forum-soegel.de\/information\/wp-json\/wp\/v2\/users\/2"}],"replies":[{"embeddable":true,"href":"https:\/\/www.forum-soegel.de\/information\/wp-json\/wp\/v2\/comments?post=32769"}],"version-history":[{"count":1,"href":"https:\/\/www.forum-soegel.de\/information\/wp-json\/wp\/v2\/posts\/32769\/revisions"}],"predecessor-version":[{"id":32771,"href":"https:\/\/www.forum-soegel.de\/information\/wp-json\/wp\/v2\/posts\/32769\/revisions\/32771"}],"wp:attachment":[{"href":"https:\/\/www.forum-soegel.de\/information\/wp-json\/wp\/v2\/media?parent=32769"}],"wp:term":[{"taxonomy":"category","embeddable":true,"href":"https:\/\/www.forum-soegel.de\/information\/wp-json\/wp\/v2\/categories?post=32769"},{"taxonomy":"post_tag","embeddable":true,"href":"https:\/\/www.forum-soegel.de\/information\/wp-json\/wp\/v2\/tags?post=32769"}],"curies":[{"name":"wp","href":"https:\/\/api.w.org\/{rel}","templated":true}]}}