{"id":32766,"date":"2022-08-29T16:32:00","date_gmt":"2022-08-29T14:32:00","guid":{"rendered":"https:\/\/www.forum-soegel.de\/information\/?p=32766"},"modified":"2022-09-29T16:34:29","modified_gmt":"2022-09-29T14:34:29","slug":"beschluesse-zur-erreichung-der-klimaziele-fortschreibung-klimaschutzkonzept-beteiligung-am-ladeinfrastrukturkonzept-ausbau-photovoltaik","status":"publish","type":"post","link":"https:\/\/www.forum-soegel.de\/information\/2022\/08\/beschluesse-zur-erreichung-der-klimaziele-fortschreibung-klimaschutzkonzept-beteiligung-am-ladeinfrastrukturkonzept-ausbau-photovoltaik\/","title":{"rendered":"Beschl\u00fcsse zur Erreichung der Klimaziele: Fortschreibung Klimaschutzkonzept \u2013 Beteiligung am Ladeinfrastrukturkonzept \u2013 Ausbau Photovoltaik"},"content":{"rendered":"\n<p>S\u00f6gel &#8211; Allein drei Beschl\u00fcsse des Samtgemeinderates S\u00f6gel sollen der Erreichung der Klimaziele dienen. Neben der Fortschreibung des Klimaschutzkonzeptes stand der Ausbau von Photovoltaikanlagen auf eigenen Geb\u00e4uden und die Ausweitung der Ladeinfrastruktur f\u00fcr E-Fahrzeuge auf der Agenda. F\u00fcr den angestrebten Breitbandausbau wird die Samtgemeinde 50 Prozent der Kosten (677.693 Euro) \u00fcbernehmen.<\/p>\n\n\n\n<p>Als \u201eEnergieregion H\u00fcmmling\u201c kooperieren die Samtgemeinden (SG) S\u00f6gel, Werlte, Lathen und Nordh\u00fcmmling seit 2013, um gemeinsam ein integriertes Klimaschutzkonzept zu erstellen. Anfang 2014 wurden qualitative und quantitative Ziele f\u00fcr sechs Handlungsfelder und 40 Ma\u00dfnahmen verabschiedet. Das Konzept hatte eine Bestandsaufnahme und einen Leitfaden f\u00fcr die zuk\u00fcnftigen Handlungsfelder zum Inhalt. Mit Unterst\u00fctzung der Klimamanagerin Katrin Klaffke wurden das Energiemanagement und die Energieberichterstattung eingef\u00fchrt. Au\u00dferdem wurden die Schulen bei Bildungsprojekten, die den Klimaschutz zum Inhalt hatten, begleitet. Weitere Aufgabenfelder waren die F\u00f6rdermittelberatung f\u00fcr die beteiligten Kommunen und die Betreuung von Machbarkeitsstudien zur Nahw\u00e4rmeversorgung.<\/p>\n\n\n\n<p>Wie Samtgemeindeb\u00fcrgermeister Frank Kla\u00df erl\u00e4uterte, haben sich die Rahmenbedingungen f\u00fcr den Klimaschutz ebenso wie die rechtlichen Anforderungen und die technischen M\u00f6glichkeiten massiv ver\u00e4ndert. Um die angestrebte Treibhausgasneutralit\u00e4t bis 2040 zu erreichen, sei eine Fortschreibung des Konzeptes notwendig. Diesem Vorschlag stimmte der Rat einstimmig zu. Er beschloss im Einvernehmen mit den beteiligten Kommunen zudem, F\u00f6rdermittel im Rahmen der Nationalen Klimaschutzinitiative f\u00fcr die Erstellung eines Vorreiterkonzeptes zu beantragen und die notwendigen Eigenmittel in H\u00f6he von 8.500 Euro bereitzustellen. Die Samtgemeinde Werlte wird die Antragstellung \u00fcbernehmen. Katrin Klaffke, die laut Kla\u00df ihre Aufgabe \u201ehochkompetent\u201c wahrnimmt, wird die anstehenden Projekte weiterhin begleiten. Neben einem externen Dienstleister sollen auch Vertreter aus Politik, Verwaltung und weitere Fachleuten die Konzepterstellung unterst\u00fctzen.<\/p>\n\n\n\n<p>Ebenfalls einstimmig genehmigte der Samtgemeinderat den Vorschlag, dass sich die SG S\u00f6gel am Lade-Infrastrukturkonzept im Modelllandkreis Emsland beteiligt. Die Konzeption sieht vor, dass zun\u00e4chst der Bedarf und das vorhandene Angebot an Ladestationen analysiert werden, um daraus die notwendige Zahl von zus\u00e4tzlichen Ladestationen, deren m\u00f6glichen Standorte, die technischen Voraussetzungen, die entstehenden Kosten und den Zeitplan f\u00fcr die Umsetzung zu ermitteln. Auch wenn in der l\u00e4ndlichen Region viele E-Fahrzeuge zuhause geladen werden, rechnet man im Bereich der Samtgemeinde S\u00f6gel damit, dass bis zu 200 weitere Landes\u00e4ulen installiert werden m\u00fcssen. Ratsherr Klaus Fleer empfahl, nicht auf die Konzeptergebnisse zu warten, wenn sich bei \u00f6ffentlichen Bauma\u00dfnahmen die Installation einer Ladestation m\u00f6glich sei. F\u00fcr Gewerbetreibende stehe zurzeit eine finanzielle F\u00f6rderung von 900 Euro zur Verf\u00fcgung. Laut SG-B\u00fcrgermeister Kla\u00df werde dieser Ansatz bereits verfolgt. So ist beispielsweise an der neuen Gro\u00dfraumturnhalle eine Ladestation in Betrieb genommen worden.<\/p>\n\n\n\n<p>Die Standortanalyse der Samtgemeinde f\u00fcr die Errichtung von Photovoltaikanlagen auf eigenen Geb\u00e4uden ergab laut Analyse der Verwaltung, dass lediglich die Nebenstelle der Schule am Schloss in S\u00f6gel, die Grundschule B\u00f6rger und die Kl\u00e4ranlage S\u00f6gel, die das gr\u00f6\u00dfte Potential bietet, in Frage kommen. Die Grundschulen in Spahnharrenst\u00e4tte und Werpeloh werden von gro\u00dfen B\u00e4umen umgeben, die eine Verschattung der Dachfl\u00e4chen verursachen. An der Grundschule S\u00fcd-H\u00fcmmling in Klein Ber\u00dfen ist die Dachkonstruktion nicht ausreichend tragf\u00e4hig. In den Haushaltspl\u00e4nen der letzten drei Jahre hatte die Samtgemeinden bereits jeweils 80.000 Euro f\u00fcr die Investition in Photovoltaikanlagen vorgesehen. Die Ertr\u00e4ge aus den Anlagen, die bis zu 60 Kilowatt-Peak (kWp) leisten k\u00f6nnen, sollen dem Eigenverbrauch dienen.<\/p>\n\n\n\n<p>Eine B\u00fcrgerbeteiligung sei bei Anlagen dieser Gr\u00f6\u00dfenordnung nicht umsetzbar, antwortete Kla\u00df aufgrund auf eine entsprechende Anfrage einer Zuh\u00f6rerin.<\/p>\n\n\n\n<p>Um die Mitgliedsgemeinden von den hohen Kosten f\u00fcr den Gigabitausbau zur Erschlie\u00dfung der sogenannten \u201eGrauen Flecken\u201c zu entlasten, wird die Samtgemeinde S\u00f6gel, verteilt auf drei Haushaltsjahre, 50 Prozent der Gesamtkosten, das sind 677.693 Euro, \u00fcbernehmen. Der Beschluss wurde ohne Gegenstimmen bei zwei Enthaltungen gefasst. (Graue Flecken sind Bereiche ohne Glasfaseranschluss mit einer aktuellen Breitbandversorgung von nur 30 Mbit\/s).<\/p>\n\n\n\n<p>In den vorangegangenen Diskussionen in den Aussch\u00fcssen und Fraktionen war nach Angaben von SG-B\u00fcrgermeister Kla\u00df deutlich geworden, dass der fl\u00e4chendeckende Breitbandausbau f\u00fcr die Gemeinden mit sehr hohen Kosten verbunden sei. Andererseits sei das Vorhandensein einer Versorgung mit mindestens 100 Mbit\/s bedeutsam f\u00fcr die Konkurrenzf\u00e4higkeit und Voraussetzung f\u00fcr die Ansiedlung neuer Betriebe. Allerdings soll noch gepr\u00fcft werden, ob die Breitbandversorgung wirklich f\u00fcr alle zurzeit grau ausgewiesen Fl\u00e4chen notwendig ist.<\/p>\n\n\n\n<p>In dem Bericht der Verwaltung hatte B\u00fcrgermeister Kla\u00df darauf hingewiesen, dass in der Samtgemeinde S\u00f6gel derzeit 281 Asylbewerber und Fl\u00fcchtlinge, darunter 216 Personen aus der Ukraine in 30 Wohnungen und im Jugendg\u00e4stehaus B\u00f6rger unterbracht sind. Mit einer \u201eKraftanstrengung der Verwaltung und weiterer Helfer\u201c sei es gelungen, die Quote der Aufnahmeverpflichtung mit 83 Prozent zu erf\u00fcllen. Damit liege die Kommune im Emsland weit \u00fcber dem Durchschnitt von 73 Prozent. Weiterhin wurde berichtet, dass die Schwimmausbildung in der SG mit einem Fahrtkostenzuschuss unterst\u00fctzt werde. Der Neu- und Ausbau der Bernhardschule liege voll im Planungssoll.<\/p>\n\n\n\n<p>Text\/Foto: Lambert Brand<\/p>\n\n\n\n<figure class=\"wp-block-image size-large\"><a href=\"https:\/\/www.forum-soegel.de\/information\/wp-content\/uploads\/2022\/09\/Beschluesse-zur-Erreichung-der-Klimaziele.jpeg\"><img loading=\"lazy\" decoding=\"async\" width=\"1024\" height=\"768\" src=\"https:\/\/www.forum-soegel.de\/information\/wp-content\/uploads\/2022\/09\/Beschluesse-zur-Erreichung-der-Klimaziele-1024x768.jpeg\" alt=\"\" class=\"wp-image-32767\" srcset=\"https:\/\/www.forum-soegel.de\/information\/wp-content\/uploads\/2022\/09\/Beschluesse-zur-Erreichung-der-Klimaziele-1024x768.jpeg 1024w, https:\/\/www.forum-soegel.de\/information\/wp-content\/uploads\/2022\/09\/Beschluesse-zur-Erreichung-der-Klimaziele-300x225.jpeg 300w, https:\/\/www.forum-soegel.de\/information\/wp-content\/uploads\/2022\/09\/Beschluesse-zur-Erreichung-der-Klimaziele-768x576.jpeg 768w, https:\/\/www.forum-soegel.de\/information\/wp-content\/uploads\/2022\/09\/Beschluesse-zur-Erreichung-der-Klimaziele.jpeg 1280w\" sizes=\"auto, (max-width: 1024px) 100vw, 1024px\" \/><\/a><figcaption>Die Geb\u00e4ude der samtgemeindeeigenen Kl\u00e4ranlage in S\u00f6gel bieten die beste Voraussetzung f\u00fcr die Installation von Photovoltaikanlagen<\/figcaption><\/figure>\n","protected":false},"excerpt":{"rendered":"S\u00f6gel &#8211; Allein drei Beschl\u00fcsse des Samtgemeinderates S\u00f6gel sollen der Erreichung der Klimaziele dienen. Neben der Fortschreibung des Klimaschutzkonzeptes stand der Ausbau von Photovoltaikanlagen auf eigenen Geb\u00e4uden und die Ausweitung der Ladeinfrastruktur f\u00fcr E-Fahrzeuge auf der Agenda. F\u00fcr den angestrebten Breitbandausbau wird die Samtgemeinde 50 Prozent der Kosten (677.693 Euro) \u00fcbernehmen. Als \u201eEnergieregion H\u00fcmmling\u201c kooperieren [&hellip;]\n","protected":false},"author":2,"featured_media":0,"comment_status":"closed","ping_status":"closed","sticky":false,"template":"","format":"standard","meta":{"ngg_post_thumbnail":0,"footnotes":""},"categories":[3],"tags":[],"class_list":["post-32766","post","type-post","status-publish","format-standard","hentry","category-aktuelles-aus-der-region"],"_links":{"self":[{"href":"https:\/\/www.forum-soegel.de\/information\/wp-json\/wp\/v2\/posts\/32766","targetHints":{"allow":["GET"]}}],"collection":[{"href":"https:\/\/www.forum-soegel.de\/information\/wp-json\/wp\/v2\/posts"}],"about":[{"href":"https:\/\/www.forum-soegel.de\/information\/wp-json\/wp\/v2\/types\/post"}],"author":[{"embeddable":true,"href":"https:\/\/www.forum-soegel.de\/information\/wp-json\/wp\/v2\/users\/2"}],"replies":[{"embeddable":true,"href":"https:\/\/www.forum-soegel.de\/information\/wp-json\/wp\/v2\/comments?post=32766"}],"version-history":[{"count":1,"href":"https:\/\/www.forum-soegel.de\/information\/wp-json\/wp\/v2\/posts\/32766\/revisions"}],"predecessor-version":[{"id":32768,"href":"https:\/\/www.forum-soegel.de\/information\/wp-json\/wp\/v2\/posts\/32766\/revisions\/32768"}],"wp:attachment":[{"href":"https:\/\/www.forum-soegel.de\/information\/wp-json\/wp\/v2\/media?parent=32766"}],"wp:term":[{"taxonomy":"category","embeddable":true,"href":"https:\/\/www.forum-soegel.de\/information\/wp-json\/wp\/v2\/categories?post=32766"},{"taxonomy":"post_tag","embeddable":true,"href":"https:\/\/www.forum-soegel.de\/information\/wp-json\/wp\/v2\/tags?post=32766"}],"curies":[{"name":"wp","href":"https:\/\/api.w.org\/{rel}","templated":true}]}}