{"id":32761,"date":"2022-08-29T16:26:00","date_gmt":"2022-08-29T14:26:00","guid":{"rendered":"https:\/\/www.forum-soegel.de\/information\/?p=32761"},"modified":"2022-09-29T16:31:46","modified_gmt":"2022-09-29T14:31:46","slug":"palliativpatienten-geniessen-eigenen-garten","status":"publish","type":"post","link":"https:\/\/www.forum-soegel.de\/information\/2022\/08\/palliativpatienten-geniessen-eigenen-garten\/","title":{"rendered":"Palliativpatienten genie\u00dfen eigenen Garten"},"content":{"rendered":"\n<p>S\u00f6gel &#8211; Das Angebot einer station\u00e4ren Palliativeinheit hielten das H\u00fcmmling Hospital S\u00f6gel als auch die Samtgemeinden rund um das H\u00fcmmling Hospital f\u00fcr so bedeutsam, dass Geld f\u00fcr die bauliche Neuorganisation im Jahre 2020 zur Verf\u00fcgung gestellt wurde. Die Betreuung, Pflege und Behandlung der Patienten ist somit sichergestellt. Und doch wollte der Hospizverein S\u00f6gel e.V. mehr tun. Seit diesem Sommer k\u00f6nnen Patienten und Besucher den Palliativgarten nutzen. An einem Tag haben Mitglieder des Hospizvereins und freiwillige Helfer den bienenfreundlichen Garten angelegt. \u201eDie bl\u00fchenden Blumen sind ein Gewinn f\u00fcr den Au\u00dfenbereich der Palliativstation im H\u00fcmmling Hospital S\u00f6gel und laden zur Besinnung und Entspannung ein\u201c, betont Thomas Kock, stellv. Gesch\u00e4ftsf\u00fchrer im H\u00fcmmling Hospital S\u00f6gel. Patienten, Besucher und Mitarbeiter erfreuen sich an dem Garten. Wir sagen DANKE an den Hospizverein!<\/p>\n\n\n\n<p>Text\/Fotos: Linda Robbers<\/p>\n\n\n\n<figure class=\"wp-block-gallery has-nested-images columns-2 is-cropped wp-block-gallery-1 is-layout-flex wp-block-gallery-is-layout-flex\">\n<figure class=\"wp-block-image size-large\"><a href=\"https:\/\/www.forum-soegel.de\/information\/wp-content\/uploads\/2022\/09\/Palliativpatienten-geniessen-eigenen-Garten-3-scaled.jpeg\"><img loading=\"lazy\" decoding=\"async\" width=\"768\" height=\"1024\" data-id=\"32762\" src=\"https:\/\/www.forum-soegel.de\/information\/wp-content\/uploads\/2022\/09\/Palliativpatienten-geniessen-eigenen-Garten-3-768x1024.jpeg\" alt=\"\" class=\"wp-image-32762\" srcset=\"https:\/\/www.forum-soegel.de\/information\/wp-content\/uploads\/2022\/09\/Palliativpatienten-geniessen-eigenen-Garten-3-768x1024.jpeg 768w, https:\/\/www.forum-soegel.de\/information\/wp-content\/uploads\/2022\/09\/Palliativpatienten-geniessen-eigenen-Garten-3-225x300.jpeg 225w, https:\/\/www.forum-soegel.de\/information\/wp-content\/uploads\/2022\/09\/Palliativpatienten-geniessen-eigenen-Garten-3-1152x1536.jpeg 1152w, https:\/\/www.forum-soegel.de\/information\/wp-content\/uploads\/2022\/09\/Palliativpatienten-geniessen-eigenen-Garten-3-1536x2048.jpeg 1536w, https:\/\/www.forum-soegel.de\/information\/wp-content\/uploads\/2022\/09\/Palliativpatienten-geniessen-eigenen-Garten-3-scaled.jpeg 1920w\" sizes=\"auto, (max-width: 768px) 100vw, 768px\" \/><\/a><\/figure>\n\n\n\n<figure class=\"wp-block-image size-large\"><a href=\"https:\/\/www.forum-soegel.de\/information\/wp-content\/uploads\/2022\/09\/Palliativpatienten-geniessen-eigenen-Garten-1-scaled.jpeg\"><img loading=\"lazy\" decoding=\"async\" width=\"1024\" height=\"768\" data-id=\"32764\" src=\"https:\/\/www.forum-soegel.de\/information\/wp-content\/uploads\/2022\/09\/Palliativpatienten-geniessen-eigenen-Garten-1-1024x768.jpeg\" alt=\"\" class=\"wp-image-32764\" srcset=\"https:\/\/www.forum-soegel.de\/information\/wp-content\/uploads\/2022\/09\/Palliativpatienten-geniessen-eigenen-Garten-1-1024x768.jpeg 1024w, https:\/\/www.forum-soegel.de\/information\/wp-content\/uploads\/2022\/09\/Palliativpatienten-geniessen-eigenen-Garten-1-300x225.jpeg 300w, https:\/\/www.forum-soegel.de\/information\/wp-content\/uploads\/2022\/09\/Palliativpatienten-geniessen-eigenen-Garten-1-768x576.jpeg 768w, https:\/\/www.forum-soegel.de\/information\/wp-content\/uploads\/2022\/09\/Palliativpatienten-geniessen-eigenen-Garten-1-1536x1152.jpeg 1536w, https:\/\/www.forum-soegel.de\/information\/wp-content\/uploads\/2022\/09\/Palliativpatienten-geniessen-eigenen-Garten-1-2048x1536.jpeg 2048w\" sizes=\"auto, (max-width: 1024px) 100vw, 1024px\" \/><\/a><\/figure>\n\n\n\n<figure class=\"wp-block-image size-large\"><a href=\"https:\/\/www.forum-soegel.de\/information\/wp-content\/uploads\/2022\/09\/Palliativpatienten-geniessen-eigenen-Garten-2-scaled.jpeg\"><img loading=\"lazy\" decoding=\"async\" width=\"1024\" height=\"768\" data-id=\"32763\" src=\"https:\/\/www.forum-soegel.de\/information\/wp-content\/uploads\/2022\/09\/Palliativpatienten-geniessen-eigenen-Garten-2-1024x768.jpeg\" alt=\"\" class=\"wp-image-32763\" srcset=\"https:\/\/www.forum-soegel.de\/information\/wp-content\/uploads\/2022\/09\/Palliativpatienten-geniessen-eigenen-Garten-2-1024x768.jpeg 1024w, https:\/\/www.forum-soegel.de\/information\/wp-content\/uploads\/2022\/09\/Palliativpatienten-geniessen-eigenen-Garten-2-300x225.jpeg 300w, https:\/\/www.forum-soegel.de\/information\/wp-content\/uploads\/2022\/09\/Palliativpatienten-geniessen-eigenen-Garten-2-768x576.jpeg 768w, https:\/\/www.forum-soegel.de\/information\/wp-content\/uploads\/2022\/09\/Palliativpatienten-geniessen-eigenen-Garten-2-1536x1152.jpeg 1536w, https:\/\/www.forum-soegel.de\/information\/wp-content\/uploads\/2022\/09\/Palliativpatienten-geniessen-eigenen-Garten-2-2048x1536.jpeg 2048w\" sizes=\"auto, (max-width: 1024px) 100vw, 1024px\" \/><\/a><\/figure>\n<figcaption class=\"blocks-gallery-caption\">Das H\u00fcmmling Hospital S\u00f6gel bedankt sich bei dem Hospizverein S\u00f6gel e.V. f\u00fcr den Palliativgarten.<\/figcaption><\/figure>\n","protected":false},"excerpt":{"rendered":"S\u00f6gel &#8211; Das Angebot einer station\u00e4ren Palliativeinheit hielten das H\u00fcmmling Hospital S\u00f6gel als auch die Samtgemeinden rund um das H\u00fcmmling Hospital f\u00fcr so bedeutsam, dass Geld f\u00fcr die bauliche Neuorganisation im Jahre 2020 zur Verf\u00fcgung gestellt wurde. Die Betreuung, Pflege und Behandlung der Patienten ist somit sichergestellt. Und doch wollte der Hospizverein S\u00f6gel e.V. mehr [&hellip;]\n","protected":false},"author":2,"featured_media":0,"comment_status":"closed","ping_status":"closed","sticky":false,"template":"","format":"standard","meta":{"ngg_post_thumbnail":0,"footnotes":""},"categories":[3],"tags":[],"class_list":["post-32761","post","type-post","status-publish","format-standard","hentry","category-aktuelles-aus-der-region"],"_links":{"self":[{"href":"https:\/\/www.forum-soegel.de\/information\/wp-json\/wp\/v2\/posts\/32761","targetHints":{"allow":["GET"]}}],"collection":[{"href":"https:\/\/www.forum-soegel.de\/information\/wp-json\/wp\/v2\/posts"}],"about":[{"href":"https:\/\/www.forum-soegel.de\/information\/wp-json\/wp\/v2\/types\/post"}],"author":[{"embeddable":true,"href":"https:\/\/www.forum-soegel.de\/information\/wp-json\/wp\/v2\/users\/2"}],"replies":[{"embeddable":true,"href":"https:\/\/www.forum-soegel.de\/information\/wp-json\/wp\/v2\/comments?post=32761"}],"version-history":[{"count":1,"href":"https:\/\/www.forum-soegel.de\/information\/wp-json\/wp\/v2\/posts\/32761\/revisions"}],"predecessor-version":[{"id":32765,"href":"https:\/\/www.forum-soegel.de\/information\/wp-json\/wp\/v2\/posts\/32761\/revisions\/32765"}],"wp:attachment":[{"href":"https:\/\/www.forum-soegel.de\/information\/wp-json\/wp\/v2\/media?parent=32761"}],"wp:term":[{"taxonomy":"category","embeddable":true,"href":"https:\/\/www.forum-soegel.de\/information\/wp-json\/wp\/v2\/categories?post=32761"},{"taxonomy":"post_tag","embeddable":true,"href":"https:\/\/www.forum-soegel.de\/information\/wp-json\/wp\/v2\/tags?post=32761"}],"curies":[{"name":"wp","href":"https:\/\/api.w.org\/{rel}","templated":true}]}}