{"id":32758,"date":"2022-08-29T16:23:00","date_gmt":"2022-08-29T14:23:00","guid":{"rendered":"https:\/\/www.forum-soegel.de\/information\/?p=32758"},"modified":"2022-09-29T16:25:58","modified_gmt":"2022-09-29T14:25:58","slug":"projekt-gegen-vorurteile-und-diskriminierung","status":"publish","type":"post","link":"https:\/\/www.forum-soegel.de\/information\/2022\/08\/projekt-gegen-vorurteile-und-diskriminierung\/","title":{"rendered":"Projekt gegen Vorurteile und Diskriminierung"},"content":{"rendered":"\n<p>S\u00f6gel &#8211; Es h\u00e4ngt neuerdings ein gro\u00dfes Schild mit einer Vielzahl von bunten Handabdr\u00fccken an der Au\u00dfenfassade des Jugendzentrums Alte Post in S\u00f6gel. Gestaltet wurde das Schild bereits im letzten Jahr gemeinsam mit den Kindern und Jugendlichen im JUZ. Die Idee kam Jugendpfleger Wolfgang Knese, als er ein \u00e4hnliches Bild im Internet entdeckte. \u201eDiese Darstellung zeigt auf sehr einfache Art und Weise, dass es nicht m\u00f6glich ist, anhand der Handabdr\u00fccke die Herkunft, das Geschlecht oder anderes zu erkennen. Im Grunde sagt es aus, dass wir als Menschen alle gleich sind und Rassismus, Diskriminierung und Benachteiligung aufgrund gewisser individueller Aspekte vollkommen bl\u00f6dsinnig, regelrecht dumm ist.\u201c<\/p>\n\n\n\n<p>Das Team des JUZ hatte zun\u00e4chst eine digitale Vorschau erstellt und diese den Kindern und Jugendlichen gezeigt. Die Kinder und Jugendlichen h\u00e4tten sehr schnell die Botschaft und den Sinn erkannt.<\/p>\n\n\n\n<p>Die mit Tusche erstellten Handabdr\u00fccke wurden eingescannt, digital bearbeitet und auf Kunststoffplatten gedruckt. So entstand ein gleichsam farbenfrohes wie auch kraftvolles Statement f\u00fcr das Einhalten eines respektvollen Miteinanders und gegen Rassismus und Intoleranz.<\/p>\n\n\n\n<p>Die Gemeinde und die Jugendbildungsst\u00e4tte Marstall Clemenswerth waren von der Idee sehr angetan und w\u00fcnschten sich jeweils ebenfalls ein gedrucktes Exemplar. Der Marstall bat sogar um zwei Schilder, sodass auch im Jugendkloster Ahmsen ein Exemplar ausgestellt wird.<\/p>\n\n\n\n<p>Zur offiziellen Abnahme des ersten Schildes kamen Samtgemeindeb\u00fcrgermeister Frank Kla\u00df, B\u00fcrgermeister G\u00fcnther Wucherpfennig, der Leiter der Jugendbildungsst\u00e4tte Michael Engbers, sowie Knese und Julius Schmitz (JUZ Bundesfreiwilligendienstler) beim Jugendzentrum zusammen. Im Gespr\u00e4ch wurde der Wunsch ge\u00e4u\u00dfert, dass dieses Projekt gerne multipliziert werden solle und sich wom\u00f6glich weitere Firmen, Einrichtungen und Personen daran beteiligen. \u201eWir haben uns bei dem Schild thematisch zwar auf Hautfarbe, Geschlecht und Religion beschr\u00e4nkt, aber im Prinzip ist die Aussagekraft auf viele weitere Bereiche \u00fcbertragbar, wie etwa Homophobie und anderem,\u201c erg\u00e4nzt Knese abschlie\u00dfend. Das Team des Jugendzentrums w\u00fcrde sich nach eigenen Aussagen sehr dar\u00fcber freuen, wenn Interessierte Kontakt zu ihnen aufnehmen und die Botschaft hinter dem Projekt weitere Ausbreitung erfahre.<\/p>\n\n\n\n<p>Weitere Informationen zum Jugendzentrum oder der Packhalle erhalten Sie auf der folgenden Internetseite:<\/p>\n\n\n\n<p>www.altepost-soegel.de<\/p>\n\n\n\n<p>Text: Ingrid Cloppenburg<\/p>\n\n\n\n<p>Foto: Gemeinde S\u00f6gel<\/p>\n\n\n\n<figure class=\"wp-block-image size-full\"><a href=\"https:\/\/www.forum-soegel.de\/information\/wp-content\/uploads\/2022\/09\/Projekt-gegen-Vorurteile-und-Diskriminierung.jpg\"><img loading=\"lazy\" decoding=\"async\" width=\"1024\" height=\"768\" src=\"https:\/\/www.forum-soegel.de\/information\/wp-content\/uploads\/2022\/09\/Projekt-gegen-Vorurteile-und-Diskriminierung.jpg\" alt=\"\" class=\"wp-image-32759\" srcset=\"https:\/\/www.forum-soegel.de\/information\/wp-content\/uploads\/2022\/09\/Projekt-gegen-Vorurteile-und-Diskriminierung.jpg 1024w, https:\/\/www.forum-soegel.de\/information\/wp-content\/uploads\/2022\/09\/Projekt-gegen-Vorurteile-und-Diskriminierung-300x225.jpg 300w, https:\/\/www.forum-soegel.de\/information\/wp-content\/uploads\/2022\/09\/Projekt-gegen-Vorurteile-und-Diskriminierung-768x576.jpg 768w\" sizes=\"auto, (max-width: 1024px) 100vw, 1024px\" \/><\/a><figcaption>v.l.: Julius Schmitz, Frank Kla\u00df, Wolfgang Knese, Michael Engbers, G\u00fcnther Wucherpfennig<\/figcaption><\/figure>\n","protected":false},"excerpt":{"rendered":"S\u00f6gel &#8211; Es h\u00e4ngt neuerdings ein gro\u00dfes Schild mit einer Vielzahl von bunten Handabdr\u00fccken an der Au\u00dfenfassade des Jugendzentrums Alte Post in S\u00f6gel. Gestaltet wurde das Schild bereits im letzten Jahr gemeinsam mit den Kindern und Jugendlichen im JUZ. Die Idee kam Jugendpfleger Wolfgang Knese, als er ein \u00e4hnliches Bild im Internet entdeckte. \u201eDiese Darstellung [&hellip;]\n","protected":false},"author":2,"featured_media":0,"comment_status":"closed","ping_status":"closed","sticky":false,"template":"","format":"standard","meta":{"ngg_post_thumbnail":0,"footnotes":""},"categories":[3],"tags":[],"class_list":["post-32758","post","type-post","status-publish","format-standard","hentry","category-aktuelles-aus-der-region"],"_links":{"self":[{"href":"https:\/\/www.forum-soegel.de\/information\/wp-json\/wp\/v2\/posts\/32758","targetHints":{"allow":["GET"]}}],"collection":[{"href":"https:\/\/www.forum-soegel.de\/information\/wp-json\/wp\/v2\/posts"}],"about":[{"href":"https:\/\/www.forum-soegel.de\/information\/wp-json\/wp\/v2\/types\/post"}],"author":[{"embeddable":true,"href":"https:\/\/www.forum-soegel.de\/information\/wp-json\/wp\/v2\/users\/2"}],"replies":[{"embeddable":true,"href":"https:\/\/www.forum-soegel.de\/information\/wp-json\/wp\/v2\/comments?post=32758"}],"version-history":[{"count":1,"href":"https:\/\/www.forum-soegel.de\/information\/wp-json\/wp\/v2\/posts\/32758\/revisions"}],"predecessor-version":[{"id":32760,"href":"https:\/\/www.forum-soegel.de\/information\/wp-json\/wp\/v2\/posts\/32758\/revisions\/32760"}],"wp:attachment":[{"href":"https:\/\/www.forum-soegel.de\/information\/wp-json\/wp\/v2\/media?parent=32758"}],"wp:term":[{"taxonomy":"category","embeddable":true,"href":"https:\/\/www.forum-soegel.de\/information\/wp-json\/wp\/v2\/categories?post=32758"},{"taxonomy":"post_tag","embeddable":true,"href":"https:\/\/www.forum-soegel.de\/information\/wp-json\/wp\/v2\/tags?post=32758"}],"curies":[{"name":"wp","href":"https:\/\/api.w.org\/{rel}","templated":true}]}}