{"id":32753,"date":"2022-08-29T16:23:00","date_gmt":"2022-08-29T14:23:00","guid":{"rendered":"https:\/\/www.forum-soegel.de\/information\/?p=32753"},"modified":"2022-11-06T13:39:23","modified_gmt":"2022-11-06T12:39:23","slug":"gemeinde-soegel-investiert-63-millionen-euro-in-die-sanierung-des-waldbades","status":"publish","type":"post","link":"https:\/\/www.forum-soegel.de\/information\/2022\/08\/gemeinde-soegel-investiert-63-millionen-euro-in-die-sanierung-des-waldbades\/","title":{"rendered":"Gemeinde S\u00f6gel investiert 6,3 Millionen Euro in die Sanierung des Waldbades"},"content":{"rendered":"<div class=\"wp-block-image\">\n<figure class=\"alignleft size-large is-resized\"><a href=\"https:\/\/www.forum-soegel.de\/information\/wp-content\/uploads\/2022\/11\/Waldbad_Skizze.jpg\"><img loading=\"lazy\" decoding=\"async\" src=\"https:\/\/www.forum-soegel.de\/information\/wp-content\/uploads\/2022\/11\/Waldbad_Skizze-1024x569.jpg\" alt=\"\" class=\"wp-image-32951\" width=\"300\" height=\"166\" srcset=\"https:\/\/www.forum-soegel.de\/information\/wp-content\/uploads\/2022\/11\/Waldbad_Skizze-1024x569.jpg 1024w, https:\/\/www.forum-soegel.de\/information\/wp-content\/uploads\/2022\/11\/Waldbad_Skizze-300x167.jpg 300w, https:\/\/www.forum-soegel.de\/information\/wp-content\/uploads\/2022\/11\/Waldbad_Skizze-768x427.jpg 768w, https:\/\/www.forum-soegel.de\/information\/wp-content\/uploads\/2022\/11\/Waldbad_Skizze.jpg 1417w\" sizes=\"auto, (max-width: 300px) 100vw, 300px\" \/><\/a><figcaption class=\"wp-element-caption\">Die Skizze gibt einen Einblick in die Planungen.<\/figcaption><\/figure>\n<\/div>\n\n\n<p>S\u00f6gel. Bei einer Gegenstimme beschloss der Gemeinderat S\u00f6gel die Komplettsanierung des Waldbades. Nach Abschluss der Badesaison 2022 sollen rund 6,3 Millionen Euro in die Erneuerung des beheizten Freibades investiert werden. Der Eigenanteil der Gemeinde betr\u00e4gt 4,0 Millionen Euro. Mit der Wiederer\u00f6ffnung wird im Mai 2025 gerechnet.<\/p>\n\n\n\n<p>\u201eEs gibt kein sp\u00e4ter, die Alternative ist die endg\u00fcltige Schlie\u00dfung des Waldbades\u201c \u2013 Mit diesen deutlichen Worten machte S\u00f6gels Gemeindedirektor Frank Kla\u00df den Handlungsbedarf der Gemeinde deutlich. Er beschrieb den in einer Studie ermittelten maroden Zustand des 1958\/1959 erbauten und Ende der 1990er Jahr sanierten beheizten Freibades, das 1975 um das jetzige Umkleide- und Funktionalgeb\u00e4ude erweitert wurde. Die Schwimmbecken und vor allem die gesamte Technik seien veraltet, stark reparaturanf\u00e4llig und ausfallgef\u00e4hrdet. Zudem seien das Bad und die Zugangsm\u00f6glichkeiten der Anlage nicht barrierefrei nutzbar.<\/p>\n\n\n\n<p>Kla\u00df erl\u00e4uterte die vorgesehenen Ma\u00dfnahmen im Einzelnen und hob hervor, dass die bauliche Grundsubstanz so weit Ordnung sei, dass eine Sanierung aber kein kompletter Neubau notwendig werde. Ein wichtiges Ziel sei, dass Waldbad und die \u00e4u\u00dferen Zug\u00e4nge barrierefrei zu gestalteten. Badeg\u00e4ste mit einem Handicap wird es zuk\u00fcnftig erm\u00f6glicht, ohne Hilfsmittel ins Schwimmerbecken zu gelangen. Die Schwimmer- und Springerbeckenbekleidung wird zuk\u00fcnftig in Edelstahl ausgestaltet. Das Kinderbecken (\u201ePlanschbecken\u201c) im Eingangsbereich wird verlegt. Am bisherigen Standort entsteht eine m\u00f6blierte Terrasse. Geplant ist weiterhin, ein gastronomisches Angebot vorzuhalten.<\/p>\n\n\n\n<p>Das Funktionsgeb\u00e4ude soll nach den vorliegenden Entw\u00fcrfen kernsaniert werden und in Zukunft bedarfsgerecht R\u00e4ume f\u00fcr den Schwimm &#8211; und Tauchsport vorhalten. Die veraltete Geb\u00e4udetechnik wird grundlegend erneuert. F\u00fcr die Aufsicht entsteht eine neue Plattform, die einen Rundumblick auf alle Einrichtungen erm\u00f6glicht. Der vorhandene Technikkeller muss laut den Planungen komplett erneuert und den aktuellen technischen Herausforderungen angepasst werden. In diesem Zusammenhang wird die Heizungsanlage f\u00fcr die Badewassererw\u00e4rmung \u00fcberholt und energetisch optimiert. Da bei der Erzeugung der W\u00e4rme weitgehend erneuerbare Energien aus Solarthermie und einer W\u00e4rmepumpe verwendet werden, muss nur in Ausnahmef\u00e4llen auf die Gasheizung zur\u00fcckgegriffen werden. Die Geb\u00e4ude sollen auch optisch ansprechender gestaltet werden und durch ein noch zu entwerfendes Kunstobjekt attraktiver werden. Ein Wermutstropfen ist nach Angaben der Verwaltung die notwendige Bauzeit, die nach Ende der diesj\u00e4hrigen Badesaison bis zum Mai 2025 andauern wird.<\/p>\n\n\n\n<p>Bereits im Vorfeld der Ratssitzung hatten sich die Fraktionen gemeinsam mit dem Thema \u201eFinanzierung und Verschuldung\u201c auseinandergesetzt. Die geplante Sanierungskosten in H\u00f6he von 6,3 Millionen Euro werden durch einen Zuschuss in H\u00f6he von 2,3 Millionen Euro aus dem Bundesprogramm \u201eSanierung kommunaler Einrichtungen und den Bereichen Sport, Jugend und Kultur\u201c mitfinanziert. Der verbleibende Eigenanteil \u00fcber 4,0 Millionen Euro wird voraussichtlich \u00fcber Darlehen gedeckt werden m\u00fcssen.<\/p>\n\n\n\n<p>In den Diskussionsbeitr\u00e4gen wurde deutlich, dass die Investitionen f\u00fcr die Gemeinde S\u00f6gel eine gro\u00dfe Herausforderung bedeuten, wodurch die Umsetzung anderer Projekte eventuell verz\u00f6gert oder verhindert werden k\u00f6nnten. Mehrere Ratsherren darauf hin, dass die Schlie\u00dfung des Freibades f\u00fcr S\u00f6gel schwerwiegende Folgen habe. Kinder, Jugendliche und auch viele erwachsene Besucher sowie Familien, die nicht in Urlaub fahren k\u00f6nnten und die Ferieng\u00e4ste verl\u00f6ren ebenso wie die organisierten Schwimm- und Tauchsportvereine den Zugang zum nassen Element. Schwerwiegend sei auch, dass der Schwimmunterricht durch die Bademeister und die Schulen wegfallen m\u00fcsste. Ein eventuell geplanter Naturbadesee w\u00fcrde keinen gleichwertigen Ersatz bieten.<\/p>\n\n\n\n<p>Text \/ Fotos: Lambert Brand<\/p>\n\n\n\n<figure class=\"wp-block-gallery has-nested-images columns-2 is-cropped wp-block-gallery-1 is-layout-flex wp-block-gallery-is-layout-flex\">\n<figure class=\"wp-block-image size-large\"><img loading=\"lazy\" decoding=\"async\" width=\"1024\" height=\"768\" data-id=\"32755\" src=\"https:\/\/www.forum-soegel.de\/information\/wp-content\/uploads\/2022\/09\/Gemeinde-Soegel-investiert-63-Millionen-Euro-in-die-Sanierung-des-Waldbades-3-1024x768.jpeg\" alt=\"\" class=\"wp-image-32755\" srcset=\"https:\/\/www.forum-soegel.de\/information\/wp-content\/uploads\/2022\/09\/Gemeinde-Soegel-investiert-63-Millionen-Euro-in-die-Sanierung-des-Waldbades-3-1024x768.jpeg 1024w, https:\/\/www.forum-soegel.de\/information\/wp-content\/uploads\/2022\/09\/Gemeinde-Soegel-investiert-63-Millionen-Euro-in-die-Sanierung-des-Waldbades-3-300x225.jpeg 300w, https:\/\/www.forum-soegel.de\/information\/wp-content\/uploads\/2022\/09\/Gemeinde-Soegel-investiert-63-Millionen-Euro-in-die-Sanierung-des-Waldbades-3-768x576.jpeg 768w, https:\/\/www.forum-soegel.de\/information\/wp-content\/uploads\/2022\/09\/Gemeinde-Soegel-investiert-63-Millionen-Euro-in-die-Sanierung-des-Waldbades-3.jpeg 1280w\" sizes=\"auto, (max-width: 1024px) 100vw, 1024px\" \/><\/figure>\n\n\n\n<figure class=\"wp-block-image size-large\"><img loading=\"lazy\" decoding=\"async\" width=\"1024\" height=\"768\" data-id=\"32754\" src=\"https:\/\/www.forum-soegel.de\/information\/wp-content\/uploads\/2022\/09\/Gemeinde-Soegel-investiert-63-Millionen-Euro-in-die-Sanierung-des-Waldbades-1-1024x768.jpeg\" alt=\"\" class=\"wp-image-32754\" srcset=\"https:\/\/www.forum-soegel.de\/information\/wp-content\/uploads\/2022\/09\/Gemeinde-Soegel-investiert-63-Millionen-Euro-in-die-Sanierung-des-Waldbades-1-1024x768.jpeg 1024w, https:\/\/www.forum-soegel.de\/information\/wp-content\/uploads\/2022\/09\/Gemeinde-Soegel-investiert-63-Millionen-Euro-in-die-Sanierung-des-Waldbades-1-300x225.jpeg 300w, https:\/\/www.forum-soegel.de\/information\/wp-content\/uploads\/2022\/09\/Gemeinde-Soegel-investiert-63-Millionen-Euro-in-die-Sanierung-des-Waldbades-1-768x576.jpeg 768w, https:\/\/www.forum-soegel.de\/information\/wp-content\/uploads\/2022\/09\/Gemeinde-Soegel-investiert-63-Millionen-Euro-in-die-Sanierung-des-Waldbades-1.jpeg 1280w\" sizes=\"auto, (max-width: 1024px) 100vw, 1024px\" \/><\/figure>\n\n\n\n<figure class=\"wp-block-image size-large\"><img loading=\"lazy\" decoding=\"async\" width=\"1024\" height=\"768\" data-id=\"32756\" src=\"https:\/\/www.forum-soegel.de\/information\/wp-content\/uploads\/2022\/09\/Gemeinde-Soegel-investiert-63-Millionen-Euro-in-die-Sanierung-des-Waldbades-2-1024x768.jpeg\" alt=\"\" class=\"wp-image-32756\" srcset=\"https:\/\/www.forum-soegel.de\/information\/wp-content\/uploads\/2022\/09\/Gemeinde-Soegel-investiert-63-Millionen-Euro-in-die-Sanierung-des-Waldbades-2-1024x768.jpeg 1024w, https:\/\/www.forum-soegel.de\/information\/wp-content\/uploads\/2022\/09\/Gemeinde-Soegel-investiert-63-Millionen-Euro-in-die-Sanierung-des-Waldbades-2-300x225.jpeg 300w, https:\/\/www.forum-soegel.de\/information\/wp-content\/uploads\/2022\/09\/Gemeinde-Soegel-investiert-63-Millionen-Euro-in-die-Sanierung-des-Waldbades-2-768x576.jpeg 768w, https:\/\/www.forum-soegel.de\/information\/wp-content\/uploads\/2022\/09\/Gemeinde-Soegel-investiert-63-Millionen-Euro-in-die-Sanierung-des-Waldbades-2.jpeg 1280w\" sizes=\"auto, (max-width: 1024px) 100vw, 1024px\" \/><\/figure>\n<figcaption class=\"blocks-gallery-caption wp-element-caption\">Das beheizte Waldbad in S\u00f6gel wird ab dem kommenden Herbst einer grundlegenden Sanierung unterworfen. Das Schwimmbad und die Zug\u00e4nge werden barrierefrei gestaltet.<\/figcaption><\/figure>\n","protected":false},"excerpt":{"rendered":"S\u00f6gel. Bei einer Gegenstimme beschloss der Gemeinderat S\u00f6gel die Komplettsanierung des Waldbades. Nach Abschluss der Badesaison 2022 sollen rund 6,3 Millionen Euro in die Erneuerung des beheizten Freibades investiert werden. Der Eigenanteil der Gemeinde betr\u00e4gt 4,0 Millionen Euro. Mit der Wiederer\u00f6ffnung wird im Mai 2025 gerechnet. \u201eEs gibt kein sp\u00e4ter, die Alternative ist die endg\u00fcltige [&hellip;]\n","protected":false},"author":2,"featured_media":0,"comment_status":"closed","ping_status":"closed","sticky":false,"template":"","format":"standard","meta":{"ngg_post_thumbnail":0,"footnotes":""},"categories":[3],"tags":[],"class_list":["post-32753","post","type-post","status-publish","format-standard","hentry","category-aktuelles-aus-der-region"],"_links":{"self":[{"href":"https:\/\/www.forum-soegel.de\/information\/wp-json\/wp\/v2\/posts\/32753","targetHints":{"allow":["GET"]}}],"collection":[{"href":"https:\/\/www.forum-soegel.de\/information\/wp-json\/wp\/v2\/posts"}],"about":[{"href":"https:\/\/www.forum-soegel.de\/information\/wp-json\/wp\/v2\/types\/post"}],"author":[{"embeddable":true,"href":"https:\/\/www.forum-soegel.de\/information\/wp-json\/wp\/v2\/users\/2"}],"replies":[{"embeddable":true,"href":"https:\/\/www.forum-soegel.de\/information\/wp-json\/wp\/v2\/comments?post=32753"}],"version-history":[{"count":3,"href":"https:\/\/www.forum-soegel.de\/information\/wp-json\/wp\/v2\/posts\/32753\/revisions"}],"predecessor-version":[{"id":32953,"href":"https:\/\/www.forum-soegel.de\/information\/wp-json\/wp\/v2\/posts\/32753\/revisions\/32953"}],"wp:attachment":[{"href":"https:\/\/www.forum-soegel.de\/information\/wp-json\/wp\/v2\/media?parent=32753"}],"wp:term":[{"taxonomy":"category","embeddable":true,"href":"https:\/\/www.forum-soegel.de\/information\/wp-json\/wp\/v2\/categories?post=32753"},{"taxonomy":"post_tag","embeddable":true,"href":"https:\/\/www.forum-soegel.de\/information\/wp-json\/wp\/v2\/tags?post=32753"}],"curies":[{"name":"wp","href":"https:\/\/api.w.org\/{rel}","templated":true}]}}