{"id":32751,"date":"2022-08-29T16:16:00","date_gmt":"2022-08-29T14:16:00","guid":{"rendered":"https:\/\/www.forum-soegel.de\/information\/?p=32751"},"modified":"2022-09-29T16:18:05","modified_gmt":"2022-09-29T14:18:05","slug":"leser-umfrage","status":"publish","type":"post","link":"https:\/\/www.forum-soegel.de\/information\/2022\/08\/leser-umfrage\/","title":{"rendered":"Leser-Umfrage"},"content":{"rendered":"\n<p>Liebe Leserinnen und Leser,<\/p>\n\n\n\n<p>f\u00fcr uns als Herausgeber ist es ein st\u00e4ndiges Anliegen, die Attraktivit\u00e4t dieses Heftes zu hinterfragen. Was bislang in kleiner Runde erfolgte, soll nun auf eine breitere Basis gestellt werden. Hierzu m\u00f6chten wir Sie, liebe Leserinnen und Leser, aufrufen, sich mit konstruktiven Vorschl\u00e4gen an der Gestaltung des Heftes zu beteiligen.<\/p>\n\n\n\n<p>Wir sind in jeder Hinsicht offen f\u00fcr Ihre Ideen und Anregungen. Es kann sich also darum handeln, welche Schwerpunkte in der Berichterstattung gesetzt werden, z.B. mehr oder weniger Vereinsleben, Politik oder geschichtliche Hintergr\u00fcnde. Es kann sich ebenfalls handeln um die Gestaltung und Anzahl von Fotos oder insgesamt das Layout des Heftes.<\/p>\n\n\n\n<p>Ziel ist es, die Interessenlage unserer Leserschaft zu erkunden und \u2013 wo immer m\u00f6glich \u2013 auch umzusetzen. Zu bedenken gilt es allerdings, dass wir bestimmten Grenzen, z.B. Heftumfang, unterliegen, um weiterhin die kostenlose Zustellung an alle Haushalte zu gew\u00e4hrleisten. Wie berichtet, sind wir beginnend mit der Juni-Ausgabe mit einem neuen Team angetreten. Mit Ihren Beitr\u00e4gen unterst\u00fctzen Sie unser Team, dieses Heft attraktiv und interessant zu gestalten. Wir hoffen auf rege Teilnahme an dieser Umfrage.<\/p>\n\n\n\n<p>Schicken Sie bitte eine E-Mail an ifs@forum-soegel.de oder eine Nachricht per Post an FORUM S\u00f6gel e.V., Sigiltrastr. 10 a, 49751 S\u00f6gel oder benutzen Sie einfach den dortigen Briefkasten. Zu gegebener Zeit werden wir \u00fcber das Ergebnis der Umfrage berichten.<\/p>\n\n\n\n<p>Ein herzliches Dankesch\u00f6n sagen wir allen bisherigen Einsendern von Berichten und Fotos in der Hoffnung auf weiterhin fruchtbare Zusammenarbeit im Interesse der Leserschaft.<\/p>\n\n\n\n<p>Bernd Eggert<\/p>\n\n\n\n<p>Vorsitzender FORUM S\u00f6gel e.V.<\/p>\n","protected":false},"excerpt":{"rendered":"Liebe Leserinnen und Leser, f\u00fcr uns als Herausgeber ist es ein st\u00e4ndiges Anliegen, die Attraktivit\u00e4t dieses Heftes zu hinterfragen. Was bislang in kleiner Runde erfolgte, soll nun auf eine breitere Basis gestellt werden. Hierzu m\u00f6chten wir Sie, liebe Leserinnen und Leser, aufrufen, sich mit konstruktiven Vorschl\u00e4gen an der Gestaltung des Heftes zu beteiligen. Wir sind [&hellip;]\n","protected":false},"author":2,"featured_media":0,"comment_status":"closed","ping_status":"closed","sticky":false,"template":"","format":"standard","meta":{"ngg_post_thumbnail":0,"footnotes":""},"categories":[393],"tags":[],"class_list":["post-32751","post","type-post","status-publish","format-standard","hentry","category-vorwort"],"_links":{"self":[{"href":"https:\/\/www.forum-soegel.de\/information\/wp-json\/wp\/v2\/posts\/32751","targetHints":{"allow":["GET"]}}],"collection":[{"href":"https:\/\/www.forum-soegel.de\/information\/wp-json\/wp\/v2\/posts"}],"about":[{"href":"https:\/\/www.forum-soegel.de\/information\/wp-json\/wp\/v2\/types\/post"}],"author":[{"embeddable":true,"href":"https:\/\/www.forum-soegel.de\/information\/wp-json\/wp\/v2\/users\/2"}],"replies":[{"embeddable":true,"href":"https:\/\/www.forum-soegel.de\/information\/wp-json\/wp\/v2\/comments?post=32751"}],"version-history":[{"count":1,"href":"https:\/\/www.forum-soegel.de\/information\/wp-json\/wp\/v2\/posts\/32751\/revisions"}],"predecessor-version":[{"id":32752,"href":"https:\/\/www.forum-soegel.de\/information\/wp-json\/wp\/v2\/posts\/32751\/revisions\/32752"}],"wp:attachment":[{"href":"https:\/\/www.forum-soegel.de\/information\/wp-json\/wp\/v2\/media?parent=32751"}],"wp:term":[{"taxonomy":"category","embeddable":true,"href":"https:\/\/www.forum-soegel.de\/information\/wp-json\/wp\/v2\/categories?post=32751"},{"taxonomy":"post_tag","embeddable":true,"href":"https:\/\/www.forum-soegel.de\/information\/wp-json\/wp\/v2\/tags?post=32751"}],"curies":[{"name":"wp","href":"https:\/\/api.w.org\/{rel}","templated":true}]}}