{"id":3270,"date":"2010-09-01T08:58:45","date_gmt":"2010-09-01T06:58:45","guid":{"rendered":"https:\/\/www.forum-soegel.de\/information\/?p=3270"},"modified":"2010-09-06T19:44:53","modified_gmt":"2010-09-06T17:44:53","slug":"vierzig-jahre-im-schuldienst","status":"publish","type":"post","link":"https:\/\/www.forum-soegel.de\/information\/2010\/09\/vierzig-jahre-im-schuldienst\/","title":{"rendered":"Vierzig Jahre im Schuldienst"},"content":{"rendered":"<p><a href=\"https:\/\/www.forum-soegel.de\/information\/wp-content\/uploads\/2010\/08\/vierzig-Jahre-Schuldienst.jpg\"><\/a><\/p>\n<p>Schulleiter Lothar Schulz erh\u00e4lt Dankurkunde vom Land Niedersachsen<\/p>\n<p>Nicht in einer eigens anberaumten Feierstunde, sondern w\u00e4hrend einer Dienstbesprechung, allerdings mit Kaffee und Kuchen, feierte Schulleiter Lothar Schulz von der Haupt- und Realschule S\u00f6gel sein 40j\u00e4hriges Dienstjubil\u00e4um.<\/p>\n<p>\u201eMuss das sein?\u201c, sei die erste Reaktion von Lothar Schulz\u00a0 am Telefon gewesen, als man den\u00a0 Gratulationsbesuch der Landesschulbeh\u00f6rde angek\u00fcndigt habe, verriet Regierungsschuldirektor Ulrich Borsch dem Lehrerkollegium.<\/p>\n<p>\u201e40 Jahre im Schuldienst sind \u00a0\u00e4u\u00dferst selten und etwas ganz Besonderes, und das sollte auch \u00f6ffentlich gew\u00fcrdigt werden \u201c, meinte\u00a0 Borsch.<\/p>\n<p>Auf humorvolle Art hielt er R\u00fcckblick auf einzelne berufliche und private Ereignisse von Schulleiter Lothar Schulz in den letzten 40 Jahren.<\/p>\n<p>Lothar Schulz wurde 1948 in Belm geboren und begann 1963 \u00a0nach Abschluss der Volksschule eine Lehre als Dreher. W\u00e4hrenddessen und in seiner Zeit als Geselle besuchte er abends die\u00a0 Berufsaufbauschule, deren Abschluss ihm die Chance er\u00f6ffnete, 1968 ein Maschinenbaustudium in Osnabr\u00fcck zu beginnen, das er erfolgreich abschloss. Nach Wehrdienst und T\u00e4tigkeit in der Gewerbeaufsicht wurde Schulz Lehrer an der Realschule in Dissen. Im Anschluss begann er sein Lehramtsstudium an der Uni Osnabr\u00fcck in den F\u00e4chern Mathematik und Physik. 1976 wurde er Referendar an der Realschule in S\u00f6gel. Im Mai 1978 legte er die zweite Lehrerpr\u00fcfung ab und wurde im Jahr darauf Beamter.<\/p>\n<p>Nach einer T\u00e4tigkeit als Konrektor seit 1991 wurde Schulz 2003 kommissarisch mit der Schulleitung beauftragt, bis er 2007 endg\u00fcltig zum Schulleiter ernannt wurde.<\/p>\n<p>Zum 40j\u00e4hrigen Dienstjubil\u00e4um \u00fcberreichte ihm Ulrich \u00a0Borsch unter dem Applaus des Lehrerkollegiums die Dankurkunde des Landes Niedersachsen und w\u00fcnschte Schulz weiter viel Kraft und Freude f\u00fcr die noch verbleibenden Dienstjahre als Schulleiter.<\/p>\n<p>Text\/Foto: Gisela Arling<\/p>\n<p><a href=\"https:\/\/www.forum-soegel.de\/information\/wp-content\/uploads\/2010\/08\/vierzig-Jahre-Schuldienst1.jpg\"><img loading=\"lazy\" decoding=\"async\" class=\"alignnone size-medium wp-image-3274\" title=\"vierzig Jahre Schuldienst\" src=\"https:\/\/www.forum-soegel.de\/information\/wp-content\/uploads\/2010\/08\/vierzig-Jahre-Schuldienst1-300x225.jpg\" alt=\"\" width=\"300\" height=\"225\" srcset=\"https:\/\/www.forum-soegel.de\/information\/wp-content\/uploads\/2010\/08\/vierzig-Jahre-Schuldienst1-300x225.jpg 300w, https:\/\/www.forum-soegel.de\/information\/wp-content\/uploads\/2010\/08\/vierzig-Jahre-Schuldienst1.jpg 1024w\" sizes=\"auto, (max-width: 300px) 100vw, 300px\" \/><\/a><\/p>\n","protected":false},"excerpt":{"rendered":"Schulleiter Lothar Schulz erh\u00e4lt Dankurkunde vom Land Niedersachsen Nicht in einer eigens anberaumten Feierstunde, sondern w\u00e4hrend einer Dienstbesprechung, allerdings mit Kaffee und Kuchen, feierte Schulleiter Lothar Schulz von der Haupt- und Realschule S\u00f6gel sein 40j\u00e4hriges Dienstjubil\u00e4um. \u201eMuss das sein?\u201c, sei die erste Reaktion von Lothar Schulz\u00a0 am Telefon gewesen, als man den\u00a0 Gratulationsbesuch der Landesschulbeh\u00f6rde [&hellip;]\n","protected":false},"author":2,"featured_media":0,"comment_status":"closed","ping_status":"closed","sticky":false,"template":"","format":"standard","meta":{"ngg_post_thumbnail":0,"footnotes":""},"categories":[6],"tags":[],"class_list":["post-3270","post","type-post","status-publish","format-standard","hentry","category-aus-der-schule-geplaudert"],"_links":{"self":[{"href":"https:\/\/www.forum-soegel.de\/information\/wp-json\/wp\/v2\/posts\/3270","targetHints":{"allow":["GET"]}}],"collection":[{"href":"https:\/\/www.forum-soegel.de\/information\/wp-json\/wp\/v2\/posts"}],"about":[{"href":"https:\/\/www.forum-soegel.de\/information\/wp-json\/wp\/v2\/types\/post"}],"author":[{"embeddable":true,"href":"https:\/\/www.forum-soegel.de\/information\/wp-json\/wp\/v2\/users\/2"}],"replies":[{"embeddable":true,"href":"https:\/\/www.forum-soegel.de\/information\/wp-json\/wp\/v2\/comments?post=3270"}],"version-history":[{"count":4,"href":"https:\/\/www.forum-soegel.de\/information\/wp-json\/wp\/v2\/posts\/3270\/revisions"}],"predecessor-version":[{"id":3276,"href":"https:\/\/www.forum-soegel.de\/information\/wp-json\/wp\/v2\/posts\/3270\/revisions\/3276"}],"wp:attachment":[{"href":"https:\/\/www.forum-soegel.de\/information\/wp-json\/wp\/v2\/media?parent=3270"}],"wp:term":[{"taxonomy":"category","embeddable":true,"href":"https:\/\/www.forum-soegel.de\/information\/wp-json\/wp\/v2\/categories?post=3270"},{"taxonomy":"post_tag","embeddable":true,"href":"https:\/\/www.forum-soegel.de\/information\/wp-json\/wp\/v2\/tags?post=3270"}],"curies":[{"name":"wp","href":"https:\/\/api.w.org\/{rel}","templated":true}]}}