{"id":3266,"date":"2010-09-01T08:51:59","date_gmt":"2010-09-01T06:51:59","guid":{"rendered":"https:\/\/www.forum-soegel.de\/information\/?p=3266"},"modified":"2010-09-06T19:45:35","modified_gmt":"2010-09-06T17:45:35","slug":"die-angst-vor-der-ersten-hilfe-verlieren","status":"publish","type":"post","link":"https:\/\/www.forum-soegel.de\/information\/2010\/09\/die-angst-vor-der-ersten-hilfe-verlieren\/","title":{"rendered":"Die Angst vor der Ersten Hilfe verlieren"},"content":{"rendered":"<p>Eine Situation, die jederzeit vorkommen kann: Bei einer Rangelei auf dem Schulhof, st\u00fcrzt eine Mitsch\u00fclerin auf den Kopf und ist bewusstlos. Im Schulalltag wurde fr\u00fcher die Sekret\u00e4rin gerufen oder ein Lehrer alarmiert. \u201eDas dauerte oft zu lange und der helfende Lehrer musste seine Klasse allein lassen\u201c, berichtet Schulleiter Manfred Rojahn.<\/p>\n<p>29 Sch\u00fclerinnen und Sch\u00fcler des H\u00fcmmling Gymnasiums sind jetzt auf derartige Situationen vom Malteser H\u00fcmmling vorbereitet worden und in der Lage, die richtigen Erstma\u00dfnahmen einzuleiten. Sie wurden von den Ausbilderinnen der Malteser, Sonja Kruithoff und Marianne Migura in &#8222;Lebensrettenden Sofortma\u00dfnahmen mit Selbstschutzinhalten&#8220; geschult.<br \/>\nDieser Kurs ist Teil einer bundesweiten Initiative des Bundesinnenministeriums, die junge Menschen bef\u00e4higen soll, in medizinischen Notf\u00e4llen Erste Hilfe zu leisten. Dar\u00fcber hinaus sollen die Jugendlichen f\u00fcr Nachbarschaftshilfe und Vorsorge f\u00fcr Katastrophen sensibilisiert werden. \u00a0<\/p>\n<p>Zu diesem Anlass wurde der regul\u00e4re Kurs &#8222;Lebensrettende Sofortma\u00dfnahmen&#8220; um vier Unterrichtseinheiten erweitert, in denen diese Themen zus\u00e4tzlich behandelt werden. &#8222;Das hat die Jugendlichen f\u00fcr diese Thematik schon ein wenig sensibler gemacht.&#8220; Der Projektleiter des H\u00fcmmling-Gymnasiums Herr Henze zeigte sich sehr erfreut \u00fcber das Engagement der \u00a0Sch\u00fcler: \u201eSie werden fr\u00fch auf m\u00f6gliche Notf\u00e4lle vorbereitet und lernen, in Notsituationen Verantwortung zu \u00fcbernehmen.&#8220;<\/p>\n<p>Besonders erfreut war Schulleiter Manfred Rojahn, als er zum Abschluss einen gef\u00fcllten Schulsanit\u00e4tsrucksack von Mechthild Sandker, der Firma Sandker Metallbau GmbH in S\u00f6gel, \u00fcberreicht bekam. Dieser soll in Zukunft im Schulsanit\u00e4tsdienst seinen Einsatz finden.<\/p>\n","protected":false},"excerpt":{"rendered":"Eine Situation, die jederzeit vorkommen kann: Bei einer Rangelei auf dem Schulhof, st\u00fcrzt eine Mitsch\u00fclerin auf den Kopf und ist bewusstlos. Im Schulalltag wurde fr\u00fcher die Sekret\u00e4rin gerufen oder ein Lehrer alarmiert. \u201eDas dauerte oft zu lange und der helfende Lehrer musste seine Klasse allein lassen\u201c, berichtet Schulleiter Manfred Rojahn. 29 Sch\u00fclerinnen und Sch\u00fcler des [&hellip;]\n","protected":false},"author":2,"featured_media":0,"comment_status":"closed","ping_status":"closed","sticky":false,"template":"","format":"standard","meta":{"ngg_post_thumbnail":0,"footnotes":""},"categories":[6],"tags":[],"class_list":["post-3266","post","type-post","status-publish","format-standard","hentry","category-aus-der-schule-geplaudert"],"_links":{"self":[{"href":"https:\/\/www.forum-soegel.de\/information\/wp-json\/wp\/v2\/posts\/3266","targetHints":{"allow":["GET"]}}],"collection":[{"href":"https:\/\/www.forum-soegel.de\/information\/wp-json\/wp\/v2\/posts"}],"about":[{"href":"https:\/\/www.forum-soegel.de\/information\/wp-json\/wp\/v2\/types\/post"}],"author":[{"embeddable":true,"href":"https:\/\/www.forum-soegel.de\/information\/wp-json\/wp\/v2\/users\/2"}],"replies":[{"embeddable":true,"href":"https:\/\/www.forum-soegel.de\/information\/wp-json\/wp\/v2\/comments?post=3266"}],"version-history":[{"count":4,"href":"https:\/\/www.forum-soegel.de\/information\/wp-json\/wp\/v2\/posts\/3266\/revisions"}],"predecessor-version":[{"id":3269,"href":"https:\/\/www.forum-soegel.de\/information\/wp-json\/wp\/v2\/posts\/3266\/revisions\/3269"}],"wp:attachment":[{"href":"https:\/\/www.forum-soegel.de\/information\/wp-json\/wp\/v2\/media?parent=3266"}],"wp:term":[{"taxonomy":"category","embeddable":true,"href":"https:\/\/www.forum-soegel.de\/information\/wp-json\/wp\/v2\/categories?post=3266"},{"taxonomy":"post_tag","embeddable":true,"href":"https:\/\/www.forum-soegel.de\/information\/wp-json\/wp\/v2\/tags?post=3266"}],"curies":[{"name":"wp","href":"https:\/\/api.w.org\/{rel}","templated":true}]}}