{"id":32591,"date":"2022-07-06T15:51:59","date_gmt":"2022-07-06T13:51:59","guid":{"rendered":"https:\/\/www.forum-soegel.de\/information\/?p=32591"},"modified":"2022-07-06T15:51:59","modified_gmt":"2022-07-06T13:51:59","slug":"blaulichtmeldungen-2","status":"publish","type":"post","link":"https:\/\/www.forum-soegel.de\/information\/2022\/07\/blaulichtmeldungen-2\/","title":{"rendered":"Blaulichtmeldungen"},"content":{"rendered":"\n<p><strong>Polizeimeldungen<\/strong><\/p>\n\n\n\n<p><strong>S\u00f6gel &#8211; <\/strong><strong>Zeugen nach Sachbesch\u00e4digung gesucht<\/strong><\/p>\n\n\n\n<p>Zwischen dem 1. Mai und dem 3. Juni kam es in der Stra\u00dfe Gr\u00fcnbergwiese zu einer Sachbesch\u00e4digung. Dabei wurde das Fenster des Heimathauses besch\u00e4digt. Der Schaden wird auf etwa 1000 Euro gesch\u00e4tzt. Zeugen werden gebeten, sich bei der Polizei in S\u00f6gel unter der Telefonnummer 05952\/93450 zu melden.<\/p>\n\n\n\n<p><strong>S\u00f6gel &#8211; Vandalismus in Kirche<\/strong><\/p>\n\n\n\n<p>Bislang unbekannte T\u00e4ter versuchten zwischen dem 21. Mai und dem 25. Mai in die Sakristei der St. Jakobus Kirche in der Clemens-August-Stra\u00dfe einzubrechen. Au\u00dferdem entwendeten sie aus dem frei zug\u00e4nglichen Bereich der Kirche einen Orgelschl\u00fcssel und ein Hygrometer. Im Anschluss hatte man noch versucht, ein Opferstock aufzubrechen und eine Statue beschmutzt. Es entstand ein Schaden in H\u00f6he von etwa 100 Euro. Zeugen werden gebeten, sich bei der Polizei in S\u00f6gel unter der Telefonnummer 0491 97690 zu melden.<\/p>\n\n\n\n<p><strong>Verkehrsunf\u00e4lle<\/strong><\/p>\n\n\n\n<p><strong>S\u00f6gel &#8211; Radfahrer lebensgef\u00e4hrlich verletzt<\/strong><\/p>\n\n\n\n<p>Am Montag, 16.05.2022, kam es auf der M\u00fchlenstra\u00dfe in S\u00f6gel zu einem Verkehrsunfall. Ein 15-j\u00e4hriger Radfahrer war gegen 7.45 Uhr auf der Stra\u00dfe in Richtung Clemens-August-Stra\u00dfe unterwegs. Als ein mit Kindern besetzter Schulbus den Jugendlichen \u00fcberholte, kam es aus bisher ungekl\u00e4rter Ursache zum Zusammensto\u00df. Der Radfahrer kam zu Fall und wurde dabei lebensgef\u00e4hrlich verletzt. Alle weiteren Beteiligten blieben unverletzt. Die Stra\u00dfe war f\u00fcr die Aufr\u00e4um- und Bergungsarbeiten mehrere Stunden gesperrt.<\/p>\n\n\n\n<p>Zeugen des Vorfalles werden gebeten, sich bei der Polizei Werlte unter der Rufnummer 05951\/995300 zu melden.<\/p>\n\n\n\n<p><strong>S\u00f6gel &#8211; PKW-Fahrerin nach Unfall leicht verletzt<\/strong><\/p>\n\n\n\n<p>Die Freiwillige Feuerwehr S\u00f6gel wurde am Montagabend, 16.05.2022, gegen 21.22 Uhr zu einem Verkehrsunfall auf der Sigiltrastra\u00dfe in H\u00f6he des Nettomarktes gerufen. Beim Eintreffen an der Einsatzstelle fand sie einen PKW Opel-Meriva vor, der am Stra\u00dfenrand auf der Fahrerseite lag. Die Fahrerin befand sich noch im Wagen und konnte sich nicht aus dem Wrack befreien. Die Feuerwehr sicherte zun\u00e4chst das Fahrzeug, damit es nicht umkippte und befreite die Insassin dann durch die hintere Fahrzeugt\u00fcr, um sie anschlie\u00dfend dem Rettungsdienst zu \u00fcbergeben. Nach Angaben der Polizei erlitt die Frau leichte Verletzungen und wurde zur Kontrolle ins Krankenhaus gefahren. Ihr Gl\u00fcck war, dass ihr Wagen nicht gegen einen Stra\u00dfenbaum prallte, sondern haarscharf daran vorbei glitt.<br>Nach Erkenntnis der Polizei war die PKW-Fahrerin aus Werpeloh kommend in Richtung S\u00f6gel unterwegs. An der Einm\u00fcndung der Stra\u00dfe \u201eNordring\u201c missachtete nach Angaben der Beamten ein PKW-Fahrer bei der Auffahrt auf die Sigiltrastra\u00dfe die Vorfahrt, so dass die Opel-Fahrerin nach links ausweichen musste. Dabei geriet sie ins Schleudern und landete im Seitenraum in einer Baum- und Buschgruppe. Die Feuerwehr S\u00f6gel war mit 28 Kameraden und sechs Fahrzeugen im Einsatz.<\/p>\n\n\n\n<p><strong>Foto: Feuerwehr 001<\/strong> (Ouelle: SG S\u00f6gel \/ Feuerwehr)<\/p>\n\n\n\n<figure class=\"wp-block-image size-large\"><img loading=\"lazy\" decoding=\"async\" width=\"1024\" height=\"768\" src=\"https:\/\/www.forum-soegel.de\/information\/wp-content\/uploads\/2022\/07\/Blaulichtmeldungen-Juli_Feuerwehr001-1024x768.jpg\" alt=\"\" class=\"wp-image-32592\" srcset=\"https:\/\/www.forum-soegel.de\/information\/wp-content\/uploads\/2022\/07\/Blaulichtmeldungen-Juli_Feuerwehr001-1024x768.jpg 1024w, https:\/\/www.forum-soegel.de\/information\/wp-content\/uploads\/2022\/07\/Blaulichtmeldungen-Juli_Feuerwehr001-300x225.jpg 300w, https:\/\/www.forum-soegel.de\/information\/wp-content\/uploads\/2022\/07\/Blaulichtmeldungen-Juli_Feuerwehr001-768x576.jpg 768w, https:\/\/www.forum-soegel.de\/information\/wp-content\/uploads\/2022\/07\/Blaulichtmeldungen-Juli_Feuerwehr001-1536x1152.jpg 1536w, https:\/\/www.forum-soegel.de\/information\/wp-content\/uploads\/2022\/07\/Blaulichtmeldungen-Juli_Feuerwehr001-2048x1536.jpg 2048w\" sizes=\"auto, (max-width: 1024px) 100vw, 1024px\" \/><figcaption>Der Opel-Meriva der verungl\u00fcckten PKW-Fahrerin schleuderte in den Seitenraum blieb auf der Seite in einer Baumgruppe am Stra\u00dfenrand liegen.<\/figcaption><\/figure>\n\n\n\n<p><strong>Klein Ber\u00dfen &#8211; Mann bei Unfall verletzt<\/strong><\/p>\n\n\n\n<p>Am Freitagmorgen, 20.05.2022, &nbsp;kam es auf der Apeldorner Stra\u00dfe in Klein Ber\u00dfen zu einem Verkehrsunfall, bei dem eine Person verletzt wurde. Der 29-j\u00e4hrige Mitarbeiter eines Entsorgungsunternehmens kreuzte gegen 7.40 Uhr fu\u00dfl\u00e4ufig die Stra\u00dfe, w\u00e4hrend der M\u00fcllwagen f\u00fcr den Belandungsvorgang am Fahrbahnrand in Fahrtrichtung Klein Ber\u00dfen hielt. Die 25-j\u00e4hrige Fahrerin eines in Richtung Apeldorn fahrenden Mercedes \u00fcbersah den Mann und es kam zum Zusammensto\u00df. Der 29-J\u00e4hrige wurde mit schweren Verletzungen ins Krankenhaus gebracht. Die Pkw-Fahrerin blieb unverletzt.<\/p>\n\n\n\n<p><strong>S\u00f6gel &#8211; 24-J\u00e4hriger nach Unfall im Krankenhaus verstorben<\/strong><\/p>\n\n\n\n<p>Am fr\u00fchen Donnerstagmorgen, 26.05.2022, &nbsp;kam es auf der Werlter Stra\u00dfe zu einem schweren Verkehrsunfall. Ein 24-j\u00e4hriger Mann aus Werlte war gegen 6.10 Uhr auf seinem Roller aus S\u00f6gel kommend in Richtung der Ortschaft Waldh\u00f6fe unterwegs. Im Kreuzungsbereich zur Stra\u00dfe Waldh\u00f6fe (L53) verlor er aus bislang ungekl\u00e4rter Ursache die Kontrolle \u00fcber seinen Roller und kollidierte vermutlich mit einer Verkehrsinsel. Der Mann stand bei dem Unfall vermutlich unter Alkoholeinfluss. Er wurde zun\u00e4chst mit schweren Verletzungen in ein Krankenhaus eingeliefert. Dort erlag am Freitag seinen schweren Verletzungen. Die L53 war f\u00fcr die Zeit der Unfallaufnahme voll gesperrt. Die Polizei hat die Ermittlungen zur Unfallursache aufgenommen.<\/p>\n\n\n\n<p><strong>Feuerwehrmeldungen<\/strong><\/p>\n\n\n\n<p><strong>B\u00f6rger &#8211; Fl\u00e4chenbrand<\/strong><\/p>\n\n\n\n<p>In der Stra\u00dfe Sousenborg in B\u00f6rger geriet am Samstagabend, 14.05.2022, eine Fl\u00e4che mit Buschwerk und einem kleinem Baumbestand in Brand. Die Freiwillige Feuerwehr B\u00f6rger, die um 21.36 Uhr alarmiert wurde,<br>konnte das Feuer schnell l\u00f6schen und dadurch die Ausbreitung auf weiteren Baumbestand verhindern. Nach Auskunft der Feuerwehr B\u00f6rger ist dies auch einem aufmerksamen Passanten zu verdanken. Dieser erkannte Brand im Entstehungsstadium und alarmierte umgehend die Einsatzkr\u00e4fte. Die Kameraden der Feuerwehr konnten den Einsatzort gegen 21.50 Uhr wieder verlassen.<\/p>\n\n\n\n<p>Am Sonntagvormittag wurde die Feuerwehr B\u00f6rger erneut durch die Rettungsleitstelle zu einem Brandereignis im Freien alarmiert. Gegen 11.35 Uhr trafen die alarmierten Einsatzkr\u00e4fte an der Einsatzstelle am Querweg in B\u00f6rger ein. Nach Erkundung konnte ein kleiner brennender Sperrm\u00fcllhaufen als Ursache f\u00fcr die Rauchentwicklung ausgemacht werden. Die Kameraden der Feuerwehr konnten das Feuer schnell l\u00f6schen und verlie\u00dfen, nach Abstimmung mit der Polizei, gegen 12.00 die Einsatzstelle.<\/p>\n\n\n\n<p><strong>B\u00f6rger &#8211; Kleines Feuer im Wald<\/strong><\/p>\n\n\n\n<p>In der Nacht zum Samstag, 11.06.2022, kam es in der \u201eRingstra\u00dfe in B\u00f6rger zu einem Kleinbrand im Wald. Die Freiwillige Feuerwehr B\u00f6rger wurde gegen 00.29 Uhr durch die Rettungsleitstelle alarmiert. Aufmerksame Passanten hatten zuvor das Feuer noch in der Entstehungsphase entdeckt. Es gelang ihnen, die Flammen zu ersticken. Zur Sicherheit alarmierten Sie dennoch die Feuerwehr. Die Kameraden der Feuerwehr \u00fcbernahmen Nachl\u00f6scharbeiten und sicherten die Feuerstelle weitr\u00e4umig ab. Der Einsatz war gegen 00.45 Uhr beendet.<\/p>\n\n\n\n<p>Zusammengestellt von Gerd Rode<\/p>\n","protected":false},"excerpt":{"rendered":"Polizeimeldungen S\u00f6gel &#8211; Zeugen nach Sachbesch\u00e4digung gesucht Zwischen dem 1. Mai und dem 3. Juni kam es in der Stra\u00dfe Gr\u00fcnbergwiese zu einer Sachbesch\u00e4digung. Dabei wurde das Fenster des Heimathauses besch\u00e4digt. Der Schaden wird auf etwa 1000 Euro gesch\u00e4tzt. Zeugen werden gebeten, sich bei der Polizei in S\u00f6gel unter der Telefonnummer 05952\/93450 zu melden. S\u00f6gel [&hellip;]\n","protected":false},"author":2,"featured_media":0,"comment_status":"closed","ping_status":"closed","sticky":false,"template":"","format":"standard","meta":{"ngg_post_thumbnail":0,"footnotes":""},"categories":[931],"tags":[],"class_list":["post-32591","post","type-post","status-publish","format-standard","hentry","category-blaulichtreport"],"_links":{"self":[{"href":"https:\/\/www.forum-soegel.de\/information\/wp-json\/wp\/v2\/posts\/32591","targetHints":{"allow":["GET"]}}],"collection":[{"href":"https:\/\/www.forum-soegel.de\/information\/wp-json\/wp\/v2\/posts"}],"about":[{"href":"https:\/\/www.forum-soegel.de\/information\/wp-json\/wp\/v2\/types\/post"}],"author":[{"embeddable":true,"href":"https:\/\/www.forum-soegel.de\/information\/wp-json\/wp\/v2\/users\/2"}],"replies":[{"embeddable":true,"href":"https:\/\/www.forum-soegel.de\/information\/wp-json\/wp\/v2\/comments?post=32591"}],"version-history":[{"count":1,"href":"https:\/\/www.forum-soegel.de\/information\/wp-json\/wp\/v2\/posts\/32591\/revisions"}],"predecessor-version":[{"id":32593,"href":"https:\/\/www.forum-soegel.de\/information\/wp-json\/wp\/v2\/posts\/32591\/revisions\/32593"}],"wp:attachment":[{"href":"https:\/\/www.forum-soegel.de\/information\/wp-json\/wp\/v2\/media?parent=32591"}],"wp:term":[{"taxonomy":"category","embeddable":true,"href":"https:\/\/www.forum-soegel.de\/information\/wp-json\/wp\/v2\/categories?post=32591"},{"taxonomy":"post_tag","embeddable":true,"href":"https:\/\/www.forum-soegel.de\/information\/wp-json\/wp\/v2\/tags?post=32591"}],"curies":[{"name":"wp","href":"https:\/\/api.w.org\/{rel}","templated":true}]}}