{"id":32585,"date":"2022-07-06T15:46:19","date_gmt":"2022-07-06T13:46:19","guid":{"rendered":"https:\/\/www.forum-soegel.de\/information\/?p=32585"},"modified":"2022-07-06T15:46:19","modified_gmt":"2022-07-06T13:46:19","slug":"sommerferien-programm-auf-schloss-clemenswerth","status":"publish","type":"post","link":"https:\/\/www.forum-soegel.de\/information\/2022\/07\/sommerferien-programm-auf-schloss-clemenswerth\/","title":{"rendered":"Sommerferien-Programm auf Schloss Clemenswerth"},"content":{"rendered":"<div class=\"wp-block-image\">\n<figure class=\"alignleft size-full\"><img loading=\"lazy\" decoding=\"async\" width=\"201\" height=\"130\" src=\"https:\/\/www.forum-soegel.de\/information\/wp-content\/uploads\/2015\/09\/Schloss-Clemenswerth.jpg\" alt=\"\" class=\"wp-image-17258\"\/><\/figure>\n<\/div>\n\n\n<p>S\u00f6gel &#8211; Hoch die H\u00e4nde: Sommerferien! Auch in diesem Jahr ist das Emslandmuseum Schloss Clemenswerth wieder mit verschiedenen Angeboten im H\u00fcmmlinger Ferienpass vertreten. Bei einer Schloss-Entdeckungstour und mit einer M\u00e4rchenreise gibt es f\u00fcr Kinder aus S\u00f6gel (19.07., 02.08.), aus Lathen (28.07., 11.08.), aus Werlte (27.07., 10.08.) und vom Nordh\u00fcmmling (26.07., 09.08.) in den Sommerferien auf Schloss Clemenswerth einiges zu erleben. Mit den Schloss-Entdeckungstouren, die auch in die Keller f\u00fchren, erfahren die teilnehmenden Jungen und M\u00e4dchen u.a. einiges \u00fcber Clemens August, dem Schlossgeist und das Leben vor fast 300 Jahren auf einem Schloss. Bei den M\u00e4rchenreisen geht es auf einen m\u00e4rchenhaften Rundgang \u00fcber das Schlossgel\u00e4nde. Mit dabei bei dieser Tour ist auch der Schlossgeist, der eine Kiste mit allerlei merkw\u00fcrdigen und skurrilen Gegenst\u00e4nden im Gep\u00e4ck hat. Coronabedingt und um das Kohorten-Prinzip zu wahren, laufen die Anmeldungen und Zuteilung ausschlie\u00dflich \u00fcber www.huemmlinger-ferienpass.de. \u2013 Neben diesen fest terminierten Angeboten ist es auch m\u00f6glich einen individuellen Termin f\u00fcr eine Schloss-Entdeckungstour oder eine M\u00e4rchenreise (Dauer: je 1,5 h, 4 &#8211; 10 Kinder, 8 \u20ac \/ p.K.) in den Sommerferien zu buchen. Weitere Informationen bei Ramona Krons oder Miriam Heidemann unter Tel. 05952 \/ 93 23 25 oder schloss@clemenswerth.de.<\/p>\n\n\n\n<p>Zudem l\u00e4dt die Kulturtasche Familien \u00fcber die gesamten Sommerferien zum Mitmachspaziergang \u00fcber die Schlossanlage ein. Die Entdeckungstour beinhaltet sieben Stationen, an denen u.a. gezeichnet und gebastelt wird. Klein und Gro\u00df lernen so u.a. ein Menuett tanzen, die F\u00e4chersprache kennen und bekommen am Ende ein \u201eFeuerwerk\u201c. Alles was Familien f\u00fcr den Spaziergang ben\u00f6tigen, findet sich in der Kulturtasche (5 \u20ac \/ St.), die \u2013 ohne Anmeldung \u2013 an der Museumskasse f\u00fcr 5 \u20ac \/ St\u00fcck. erh\u00e4ltlich ist. Weitere Informationen: www.clemenswerth.de<\/p>\n\n\n\n<p>Text: Ramona Krons<\/p>\n\n\n\n<p>Foto: Emslandmuseum Schloss Clemenswerth<\/p>\n\n\n\n<figure class=\"wp-block-image size-large\"><a href=\"https:\/\/www.forum-soegel.de\/information\/wp-content\/uploads\/2022\/07\/Sommerferien-Programm-auf-Schloss-Clemenswerth.jpg\"><img loading=\"lazy\" decoding=\"async\" width=\"1024\" height=\"683\" src=\"https:\/\/www.forum-soegel.de\/information\/wp-content\/uploads\/2022\/07\/Sommerferien-Programm-auf-Schloss-Clemenswerth-1024x683.jpg\" alt=\"\" class=\"wp-image-32586\" srcset=\"https:\/\/www.forum-soegel.de\/information\/wp-content\/uploads\/2022\/07\/Sommerferien-Programm-auf-Schloss-Clemenswerth-1024x683.jpg 1024w, https:\/\/www.forum-soegel.de\/information\/wp-content\/uploads\/2022\/07\/Sommerferien-Programm-auf-Schloss-Clemenswerth-300x200.jpg 300w, https:\/\/www.forum-soegel.de\/information\/wp-content\/uploads\/2022\/07\/Sommerferien-Programm-auf-Schloss-Clemenswerth-768x512.jpg 768w, https:\/\/www.forum-soegel.de\/information\/wp-content\/uploads\/2022\/07\/Sommerferien-Programm-auf-Schloss-Clemenswerth-1536x1024.jpg 1536w, https:\/\/www.forum-soegel.de\/information\/wp-content\/uploads\/2022\/07\/Sommerferien-Programm-auf-Schloss-Clemenswerth-2048x1365.jpg 2048w\" sizes=\"auto, (max-width: 1024px) 100vw, 1024px\" \/><\/a><\/figure>\n","protected":false},"excerpt":{"rendered":"S\u00f6gel &#8211; Hoch die H\u00e4nde: Sommerferien! Auch in diesem Jahr ist das Emslandmuseum Schloss Clemenswerth wieder mit verschiedenen Angeboten im H\u00fcmmlinger Ferienpass vertreten. Bei einer Schloss-Entdeckungstour und mit einer M\u00e4rchenreise gibt es f\u00fcr Kinder aus S\u00f6gel (19.07., 02.08.), aus Lathen (28.07., 11.08.), aus Werlte (27.07., 10.08.) und vom Nordh\u00fcmmling (26.07., 09.08.) in den Sommerferien auf [&hellip;]\n","protected":false},"author":2,"featured_media":0,"comment_status":"closed","ping_status":"closed","sticky":false,"template":"","format":"standard","meta":{"ngg_post_thumbnail":0,"footnotes":""},"categories":[3],"tags":[],"class_list":["post-32585","post","type-post","status-publish","format-standard","hentry","category-aktuelles-aus-der-region"],"_links":{"self":[{"href":"https:\/\/www.forum-soegel.de\/information\/wp-json\/wp\/v2\/posts\/32585","targetHints":{"allow":["GET"]}}],"collection":[{"href":"https:\/\/www.forum-soegel.de\/information\/wp-json\/wp\/v2\/posts"}],"about":[{"href":"https:\/\/www.forum-soegel.de\/information\/wp-json\/wp\/v2\/types\/post"}],"author":[{"embeddable":true,"href":"https:\/\/www.forum-soegel.de\/information\/wp-json\/wp\/v2\/users\/2"}],"replies":[{"embeddable":true,"href":"https:\/\/www.forum-soegel.de\/information\/wp-json\/wp\/v2\/comments?post=32585"}],"version-history":[{"count":1,"href":"https:\/\/www.forum-soegel.de\/information\/wp-json\/wp\/v2\/posts\/32585\/revisions"}],"predecessor-version":[{"id":32587,"href":"https:\/\/www.forum-soegel.de\/information\/wp-json\/wp\/v2\/posts\/32585\/revisions\/32587"}],"wp:attachment":[{"href":"https:\/\/www.forum-soegel.de\/information\/wp-json\/wp\/v2\/media?parent=32585"}],"wp:term":[{"taxonomy":"category","embeddable":true,"href":"https:\/\/www.forum-soegel.de\/information\/wp-json\/wp\/v2\/categories?post=32585"},{"taxonomy":"post_tag","embeddable":true,"href":"https:\/\/www.forum-soegel.de\/information\/wp-json\/wp\/v2\/tags?post=32585"}],"curies":[{"name":"wp","href":"https:\/\/api.w.org\/{rel}","templated":true}]}}