{"id":32583,"date":"2022-07-06T15:43:57","date_gmt":"2022-07-06T13:43:57","guid":{"rendered":"https:\/\/www.forum-soegel.de\/information\/?p=32583"},"modified":"2022-07-06T16:25:01","modified_gmt":"2022-07-06T14:25:01","slug":"vor-50-jahren-20-schuelerinnen-und-schueler-legten-erstes-abitur-am-huemmling-gymnasium-ab","status":"publish","type":"post","link":"https:\/\/www.forum-soegel.de\/information\/2022\/07\/vor-50-jahren-20-schuelerinnen-und-schueler-legten-erstes-abitur-am-huemmling-gymnasium-ab\/","title":{"rendered":"Vor 50 Jahren: 20 Sch\u00fclerinnen und Sch\u00fcler legten erstes Abitur am H\u00fcmmling-Gymnasium ab"},"content":{"rendered":"\n<p><strong>Schwierige Bedingungen beim Aufbau der neuen Schule &#8211;<\/strong> <strong>Lehrer: \u201eWir konnten etwas bewegen\u201c<\/strong><\/p>\n\n\n\n<p>S\u00f6gel &#8211; \u201eZw\u00f6lf junge Frauen und acht junge M\u00e4nner erhielten aus der Hand von Oberstudiendirektor Hanenkamp in einer knappen und schlichten Feierstunde im Flurfoyer das Zeugnis der Reife\u201c, berichtete die Ems-Zeitung am 21. Mai 1972. Siebzehn dieser Abiturienten trafen sich nun in S\u00f6gel und blickten nach 50 Jahren auf eine bewegtes Schulleben zur\u00fcck. Auch ihre Lehrer erinnern sich.<\/p>\n\n\n\n<p>Der damalige Klassensprecher und Mitorganisator des Treffens, Bernhard Quappen, sowie die in S\u00f6gel wohnenden damaligen Lehrer Holger Lemmermann, Walter Czeranka und Georg Schmidt erz\u00e4hlen unserer Redaktion von einer bewegten Schulzeit, die mit den heutigen Verh\u00e4ltnissen nicht vergleichbar sei. Das Treffen des ersten Abiturjahrgangs des am 18. April 1966 er\u00f6ffneten S\u00f6geler Gymnasiums fand genau 50 Jahre und 2 Tage nach dem offiziellen Abiturtermin statt.\u00a0 Es war das erste Treffen in diesem Kreis, so dass sich einige Sch\u00fcler zum ersten Mal seit 50 Jahren wiedergesehen h\u00e4tten, berichtet Bernhard Quappen. Im Vorfeld konnten nach langer Suche die Adressen von 19 der 20 Abiturienten gefunden werden. 17 Sch\u00fcler nahmen am Treffen teil, und eine Mitsch\u00fclerin war zeitweise \u00fcber eine Videoverbindung zugeschaltet.<\/p>\n\n\n\n<figure class=\"wp-block-image size-large\"><a href=\"https:\/\/www.forum-soegel.de\/information\/wp-content\/uploads\/2022\/07\/20-Schuelerinnen-und-Schueler-legten-erstes-Abitur-am-Huemmling-Gymnasium-ab_3-scaled.jpg\"><img loading=\"lazy\" decoding=\"async\" width=\"1024\" height=\"768\" src=\"https:\/\/www.forum-soegel.de\/information\/wp-content\/uploads\/2022\/07\/20-Schuelerinnen-und-Schueler-legten-erstes-Abitur-am-Huemmling-Gymnasium-ab_3-1024x768.jpg\" alt=\"\" class=\"wp-image-32609\" srcset=\"https:\/\/www.forum-soegel.de\/information\/wp-content\/uploads\/2022\/07\/20-Schuelerinnen-und-Schueler-legten-erstes-Abitur-am-Huemmling-Gymnasium-ab_3-1024x768.jpg 1024w, https:\/\/www.forum-soegel.de\/information\/wp-content\/uploads\/2022\/07\/20-Schuelerinnen-und-Schueler-legten-erstes-Abitur-am-Huemmling-Gymnasium-ab_3-300x225.jpg 300w, https:\/\/www.forum-soegel.de\/information\/wp-content\/uploads\/2022\/07\/20-Schuelerinnen-und-Schueler-legten-erstes-Abitur-am-Huemmling-Gymnasium-ab_3-768x576.jpg 768w, https:\/\/www.forum-soegel.de\/information\/wp-content\/uploads\/2022\/07\/20-Schuelerinnen-und-Schueler-legten-erstes-Abitur-am-Huemmling-Gymnasium-ab_3-1536x1152.jpg 1536w, https:\/\/www.forum-soegel.de\/information\/wp-content\/uploads\/2022\/07\/20-Schuelerinnen-und-Schueler-legten-erstes-Abitur-am-Huemmling-Gymnasium-ab_3-2048x1536.jpg 2048w\" sizes=\"auto, (max-width: 1024px) 100vw, 1024px\" \/><\/a><figcaption>Der erste Abiturjahrgang des S\u00f6geler Gymnasiums im Mai 1972: (untere Reihe von links): Thekla Henke, J\u00fcrgen Friedmann, Elisabeth Niem\u00f6ller, Uwe J\u00fcrgens, Brigitte Hempen, Eva-Maria Meier, Gertrud Schmees, Hildegard Held, Bernhard Quappen, Johannes Schr\u00f6er. Obere Reihe: Schulleiter Dr. Hubert Hanenkamp, Elisabeth Niermann, Margret Ficker, Agnes Becker, Ulrich Witte, Johannes Hinrichs, Franz Stevens, Martin Winterring, Elisabeth Jungsbluth, Hannelore Timpe und Annette Proll. Foto: Sammlung Quappen\/ Repro. Lambert Brand<\/figcaption><\/figure>\n\n\n\n<p>In den lebhaften Gespr\u00e4chen wurden\u00a0Informationen \u00fcber die aktuellen Lebenssituationen ausgetauscht, aber im Mittelpunkt h\u00e4tten nat\u00fcrlich die Erinnerungen an die gemeinsame Schulzeit und an Klassenfahrten gestanden. Man unterhielt sich \u00fcber die Lehrer und deren in Erinnerung gebliebenen Eigenarten und Spr\u00fcche\u00a0wie: \u201eWenn Sie sp\u00e4ter ihr Geld mit Denken verdienen m\u00fcssen, werden Sie verhungern&#8220;.\u00a0Gespr\u00e4chsthema war auch, dass es damals f\u00fcr\u00a0die Sch\u00fcler aus den kleineren Gemeinden des H\u00fcmmlings wenig M\u00f6glichkeiten gab, au\u00dferhalb der Schule an Nachmittagen oder in den Ferien mit anderen Sch\u00fclern in Kontakt zu bleiben. In vielen Haushalten gab es noch kein Telefon, \u00f6ffentlicher Nahverkehr fand so gut wie nicht statt und das \u201eTaxi Mama\u201c war noch nicht\u00a0erfunden. Man war allerdings auf dem H\u00fcmmling froh, endlich \u00fcber ein nahe gelegenes Gymnasium zu verf\u00fcgen. Bis zur Gr\u00fcndung mussten die Sch\u00fclerinnen und Sch\u00fcler die Gymnasien in Papenburg oder Meppen besuchen, was mit hohen Kosten, langen Schulwegen und teilweise mit der Unterbringung in Internaten verbunden war. Dieses Privileg war nur Wenigen vorbehalten.<\/p>\n\n\n\n<figure class=\"wp-block-image size-large\"><a href=\"https:\/\/www.forum-soegel.de\/information\/wp-content\/uploads\/2022\/07\/20-Schuelerinnen-und-Schueler-legten-erstes-Abitur-am-Huemmling-Gymnasium-ab_1-scaled.jpg\"><img loading=\"lazy\" decoding=\"async\" width=\"1024\" height=\"477\" src=\"https:\/\/www.forum-soegel.de\/information\/wp-content\/uploads\/2022\/07\/20-Schuelerinnen-und-Schueler-legten-erstes-Abitur-am-Huemmling-Gymnasium-ab_1-1024x477.jpg\" alt=\"\" class=\"wp-image-32611\" srcset=\"https:\/\/www.forum-soegel.de\/information\/wp-content\/uploads\/2022\/07\/20-Schuelerinnen-und-Schueler-legten-erstes-Abitur-am-Huemmling-Gymnasium-ab_1-1024x477.jpg 1024w, https:\/\/www.forum-soegel.de\/information\/wp-content\/uploads\/2022\/07\/20-Schuelerinnen-und-Schueler-legten-erstes-Abitur-am-Huemmling-Gymnasium-ab_1-300x140.jpg 300w, https:\/\/www.forum-soegel.de\/information\/wp-content\/uploads\/2022\/07\/20-Schuelerinnen-und-Schueler-legten-erstes-Abitur-am-Huemmling-Gymnasium-ab_1-768x358.jpg 768w, https:\/\/www.forum-soegel.de\/information\/wp-content\/uploads\/2022\/07\/20-Schuelerinnen-und-Schueler-legten-erstes-Abitur-am-Huemmling-Gymnasium-ab_1-1536x716.jpg 1536w, https:\/\/www.forum-soegel.de\/information\/wp-content\/uploads\/2022\/07\/20-Schuelerinnen-und-Schueler-legten-erstes-Abitur-am-Huemmling-Gymnasium-ab_1-2048x955.jpg 2048w\" sizes=\"auto, (max-width: 1024px) 100vw, 1024px\" \/><\/a><figcaption>Die Sch\u00fclerinnen und Sch\u00fcler des Abiturjahrgangs am H\u00fcmmling-Gymnasium in S\u00f6gel trafen sich nach 50 Jahren zum ersten Mal wieder: (von links nach rechts)<br>Ulrich Witte, Brigitte Hempen, Martin Wintering, Johannes Schr\u00f6er, Johannes Hinrichs, Hannelore Timpe, Hildegard Held, Thea Henke, Elisabeth Niem\u00f6ller, Gertrud Schmees, Margret Ficker, Franz Stevens, Eva Meier, Elisabeth Jungsbluth, Agnes Becker, J\u00fcrgen Friedemann und Bernd Quappen. Es fehlen: Elisabeth Niermann, Annette Proll und Uwe J\u00fcrgens.<br>Foto: Quappen<\/figcaption><\/figure>\n\n\n\n<p>\u201eWir waren immer die \u00e4ltesten Sch\u00fcler der Schule und sind 1966 als 7. Schuljahr mit fast 40 Sch\u00fclern in einer Klasse gestartet.&nbsp;Wir hatten vorher die 6. oder 7. Klassen der Mittelschulen (das sind die heutigen Realschulen) in S\u00f6gel oder Werlte durchlaufen\u201c, beschreibt Quappen die anf\u00e4ngliche Situation. In einigen F\u00e4llen lie\u00dfen Eltern ihre Kinder ein Jahr in der Mittelschule wiederholen, um dann die erste Klasse sieben des neugegr\u00fcndeten Gymnasiums besuchen zu k\u00f6nnen. \u201eDas Lehrerkollegium war mit wenigen Lehrern auch f\u00fcr uns sehr \u00fcbersichtlich\u201c, erinnert sich Quappen. Unterrichtsausfall&nbsp;habe es vom ersten Tag an gegeben. Bis auf katholische Religion seien alle F\u00e4cher betroffen gewesen. In den naturwissenschaftlichen F\u00e4chern Physik und Chemie gab es in den ersten Jahren weder Fachr\u00e4ume, Materialsammlungen noch gen\u00fcgend Fachlehrer. Biologie wurde nach Buch unterrichtet.<\/p>\n\n\n\n<p>In den ersten Schuljahren nach Gr\u00fcndung des Gymnasiums war das sp\u00e4tere Schulgeb\u00e4ude in der N\u00e4he von Schloss Clemenswerth noch nicht fertiggestellt. Die Einweihung erfolgte erst 1970. Die Klassenr\u00e4ume&nbsp;befanden sich zun\u00e4chst im damals kreiseigenen Ludmillenhof, in der Landwirtschaftsschule und in der gewerblichen Berufsschule. Die Lage in Bahnhofsn\u00e4he&nbsp;war f\u00fcr die Sch\u00fcler aus dem Bereich Werlte vorteilhaft, weil sie mit der H\u00fcmmlinger Kreisbahn zur Schule kamen.&nbsp; Nach dem Umzug&nbsp;in den 1970 fertigstellten Neubau \u00e4nderte sich dies, weil nun noch ein langer Fu\u00dfweg vom Bahnhof zur Schule zur\u00fcckgelegt werden musste. Bei schlechtem Wetter kam man nicht selten durchn\u00e4sst&nbsp;in der Schule an. Dies \u00e4nderte sich erst mit dem Ende der H\u00fcmmlinger Kreisbahn und der Umstellung des Sch\u00fclertransportes auf \u00fcberf\u00fcllte Busse.<\/p>\n\n\n\n<p>Die Sch\u00fclerzahl der Klasse wurde mit jedem Jahr kleiner, obwohl auch immer wieder Zug\u00e4nge von anderen Schulen zu verzeichnen waren. Am Ende waren nur noch 20 von 40 \u00fcbriggeblieben. Das waren: Ulrich Witte, Brigitte Hempen, Martin Wintering, Johannes Schr\u00f6er, Johannes Hinrichs, Hannelore Timpe, Hildegard Held, Thea Henke, Elisabeth Niem\u00f6ller, Gertrud Schmees, Margret Ficker, Franz Stevens, Eva Meier, Elisabeth Jungsbluth, Agnes Becker, J\u00fcrgen Friedemann, Bernd Quappen, Elisabeth Niermann, Annette Proll und Uwe J\u00fcrgens.<\/p>\n\n\n\n<figure class=\"wp-block-image size-large\"><a href=\"https:\/\/www.forum-soegel.de\/information\/wp-content\/uploads\/2022\/07\/20-Schuelerinnen-und-Schueler-legten-erstes-Abitur-am-Huemmling-Gymnasium-ab_5-scaled.jpg\"><img loading=\"lazy\" decoding=\"async\" width=\"1024\" height=\"768\" src=\"https:\/\/www.forum-soegel.de\/information\/wp-content\/uploads\/2022\/07\/20-Schuelerinnen-und-Schueler-legten-erstes-Abitur-am-Huemmling-Gymnasium-ab_5-1024x768.jpg\" alt=\"\" class=\"wp-image-32612\" srcset=\"https:\/\/www.forum-soegel.de\/information\/wp-content\/uploads\/2022\/07\/20-Schuelerinnen-und-Schueler-legten-erstes-Abitur-am-Huemmling-Gymnasium-ab_5-1024x768.jpg 1024w, https:\/\/www.forum-soegel.de\/information\/wp-content\/uploads\/2022\/07\/20-Schuelerinnen-und-Schueler-legten-erstes-Abitur-am-Huemmling-Gymnasium-ab_5-300x225.jpg 300w, https:\/\/www.forum-soegel.de\/information\/wp-content\/uploads\/2022\/07\/20-Schuelerinnen-und-Schueler-legten-erstes-Abitur-am-Huemmling-Gymnasium-ab_5-768x576.jpg 768w, https:\/\/www.forum-soegel.de\/information\/wp-content\/uploads\/2022\/07\/20-Schuelerinnen-und-Schueler-legten-erstes-Abitur-am-Huemmling-Gymnasium-ab_5-1536x1152.jpg 1536w, https:\/\/www.forum-soegel.de\/information\/wp-content\/uploads\/2022\/07\/20-Schuelerinnen-und-Schueler-legten-erstes-Abitur-am-Huemmling-Gymnasium-ab_5-2048x1536.jpg 2048w\" sizes=\"auto, (max-width: 1024px) 100vw, 1024px\" \/><\/a><figcaption>Auch im Geb\u00e4ude der alten Landwirtschaftsschule (Heute Standort der Polizei und des Arbeitsamtes) fand in den ersten Jahren Unterricht f\u00fcr die Gymnasiasten statt.<br>Foto: Lambert Brand<\/figcaption><\/figure>\n\n\n\n<p>\u201eBei den Lehrern, die uns unterrichteten, gab es hingegen einige Dauerbrenner\u201c, erinnert sich Quappen. \u201eDer Schulleiter Dr. Hanenkamp war in jedem Schuljahr mit Englisch, Erdkunde oder Deutsch dabei und mit einer zweij\u00e4hrigen Unterbrechung auch f\u00fcnf Jahre unser Klassenlehrer\u201c. Holger Lemmermann unterrichtete \u201ef\u00fcnf oder sechs Jahre\u201c Franz\u00f6sisch und parallel dazu mehrere Jahre Englisch. Walter Czeranka sei \u201egef\u00fchlt in jedem Jahr\u201c mit Deutsch, Geschichte oder Gemeinschaftskunde vertreten gewesen. Georg Schmidt hatte die F\u00e4cher Erdkunde und Sport. Im 7. oder 8. Schuljahr durfte Lehrer Heinz Kintscher sein ganzes p\u00e4dagogisches Talent zeigen und die Jungen ohne Werkraum und Werkzeug in Werken unterrichten.&nbsp;Sportlich bet\u00e4tigen konnten sich die Gymnasiasten in den ersten Jahren im Wald hinter dem Ludmillenhof, auf dem Gel\u00e4nde von Clemenswerth und sp\u00e4ter in der Turnhalle beim Sportplatz.<\/p>\n\n\n\n<p>Anders als heute gab es damals eine Sechstagewoche. \u201eBesonders beliebt und in Erinnerung geblieben sind&nbsp;die Lateinstunden am Samstag in der 6. Stunde nach zuvor zwei Stunden Kunst\u201c, erz\u00e4hlt Quappen. Aufgrund des allgemeinen Lehrermangels habe es aber auch Tage mit nur 3 Stunden&nbsp;Unterricht gegeben und Phasen, in der jeden Mittwoch unterrichtsfrei war. W\u00e4hrend ein Schulgottesdienst f\u00fcr die katholische Sch\u00fcler angesetzt wurden, fanden die Evangelischen Sch\u00fcler keine Ber\u00fccksichtigung. Das Wort \u201e\u00d6kumene\u201c sei wohl noch nicht erfunden&nbsp;worden oder wurde erst zehn Jahre sp\u00e4ter auf dem H\u00fcmmling gelebt, bemerkt Quappen kritisch. Zur offiziellen Schuleinweihung fanden&nbsp;zwei getrennte Gottesdienste statt.<\/p>\n\n\n\n<p>Spannungen traten auf, als nach einem Namen f\u00fcr die Schule gesucht wurde. Auch von Seiten der Sch\u00fcler sollte ein Vorschlag gemacht werden. Als damaliger Sch\u00fclersprecher brachte Quappen in einer Schulkonferenz den Vorschlag\u00a0der Sch\u00fclervertretung ein, die Schule &#8222;Carl von Ossietzky Gymnasium&#8220; zu nennen. Ihm wurde dann klargemacht, das Sch\u00fcler in der Konferenz keine Antr\u00e4ge stellen k\u00f6nnten. Daraufhin habe eine Lehrerin die Zivilcourage besessen und sinngem\u00e4\u00df gesagt: \u201eWenn Sch\u00fcler das nicht d\u00fcrfen, mache ich das und schlage den Namen \u201aCarl von Ossietzky Gymnasium\u2018 vor\u201c. Der Vorschlag fand wenig Gegenliebe in der Schulleitung und bei den zust\u00e4ndigen Stellen und wurde abgelehnt. Sp\u00e4ter erhielt die Einrichtung den Namen \u201eH\u00fcmmling-Gymnasium\u201c.<\/p>\n\n\n\n<figure class=\"wp-block-image size-large\"><a href=\"https:\/\/www.forum-soegel.de\/information\/wp-content\/uploads\/2022\/07\/20-Schuelerinnen-und-Schueler-legten-erstes-Abitur-am-Huemmling-Gymnasium-ab_4.1-scaled.jpg\"><img loading=\"lazy\" decoding=\"async\" width=\"768\" height=\"1024\" src=\"https:\/\/www.forum-soegel.de\/information\/wp-content\/uploads\/2022\/07\/20-Schuelerinnen-und-Schueler-legten-erstes-Abitur-am-Huemmling-Gymnasium-ab_4.1-768x1024.jpg\" alt=\"\" class=\"wp-image-32615\" srcset=\"https:\/\/www.forum-soegel.de\/information\/wp-content\/uploads\/2022\/07\/20-Schuelerinnen-und-Schueler-legten-erstes-Abitur-am-Huemmling-Gymnasium-ab_4.1-768x1024.jpg 768w, https:\/\/www.forum-soegel.de\/information\/wp-content\/uploads\/2022\/07\/20-Schuelerinnen-und-Schueler-legten-erstes-Abitur-am-Huemmling-Gymnasium-ab_4.1-225x300.jpg 225w, https:\/\/www.forum-soegel.de\/information\/wp-content\/uploads\/2022\/07\/20-Schuelerinnen-und-Schueler-legten-erstes-Abitur-am-Huemmling-Gymnasium-ab_4.1-1152x1536.jpg 1152w, https:\/\/www.forum-soegel.de\/information\/wp-content\/uploads\/2022\/07\/20-Schuelerinnen-und-Schueler-legten-erstes-Abitur-am-Huemmling-Gymnasium-ab_4.1-1536x2048.jpg 1536w, https:\/\/www.forum-soegel.de\/information\/wp-content\/uploads\/2022\/07\/20-Schuelerinnen-und-Schueler-legten-erstes-Abitur-am-Huemmling-Gymnasium-ab_4.1-scaled.jpg 1920w\" sizes=\"auto, (max-width: 768px) 100vw, 768px\" \/><\/a><\/figure>\n\n\n\n<p>Der Abi-Jahrgang sei einer der letzten&nbsp;Jahrg\u00e4nge gewesen, die bis zum Abitur im festen Klassenverband unterrichtet wurden und nicht die M\u00f6glichkeit hatten, durch Kurswahl unliebsame F\u00e4cher oder deren Lehrer abzuw\u00e4hlen.&nbsp;Auch gab es auf den Abiturzeugnissen noch keine Punkte, sondern die klassischen Noten von eins bis sechs und im Gegensatz zu heute h\u00f6chst selten mal ein &#8222;Einser Abitur&#8220;. Abi-Scherze, wie sie sp\u00e4ter an den Gymnasien \u00fcblich waren und nicht immer gut ankamen, gab es vor 50 Jahren noch nicht. Die Rundfahrt mit einem bunt geschm\u00fcckten Wagen, von dem alten Deutz-Trecker aus dem Hause Quappen durch die Wohnorte der Abiturienten gezogen, blieb in guter Erinnerung. Auch die Erinnerungsfotos lassen auf eine gute Stimmung schlie\u00dfen.<\/p>\n\n\n\n<p>Dass der Standort f\u00fcr das Gymnasium f\u00fcr den H\u00fcmmling nach S\u00f6gel kam, war erst nach einer knappen Abstimmung im damaligen Kreistag entschieden worden, Die Gemeinden Werlte und B\u00f6rger hatten ebenfalls ihren Hut in den Ring geworfen. Neben den organisatorischen und baulichen Ma\u00dfnahmen war es ein gro\u00dfes Problem, gen\u00fcgend Gymnasiallehrer f\u00fcr das neue Gymnasium zu gewinnen. Im Anfangsstadium halfen auch P\u00e4dagogen der Mittelschulen und Landwirtschaftsschulen aus.<\/p>\n\n\n\n<p>\u201eWir wussten gar nicht, wo S\u00f6gel und das Emsland liegen, als uns die Schulbeh\u00f6rde die Stelle anbot \u201c, erinnert sich Walter Czeranka, der ebenso wie Holger Lemmermann und Georg Schmidt zu den ersten Gymnasiallehrern geh\u00f6rten. Das Image und der Ruf des H\u00fcmmlings in einer \u201e\u00e4rmlichen Heidelandschaft\u201c sei bei den Studienreferenten extrem schlecht gewesen, beschreibt Georg Schmidt seine fr\u00fcheren Eindr\u00fccke. Man habe sich darauf eingestellt, den H\u00fcmmling als \u201enotwendige kurze Zwischenstation auf dem weiteren Berufsweg zu sehen.<\/p>\n\n\n\n<figure class=\"wp-block-image size-large\"><a href=\"https:\/\/www.forum-soegel.de\/information\/wp-content\/uploads\/2022\/07\/20-Schuelerinnen-und-Schueler-legten-erstes-Abitur-am-Huemmling-Gymnasium-ab_4-scaled.jpg\"><img loading=\"lazy\" decoding=\"async\" width=\"768\" height=\"1024\" src=\"https:\/\/www.forum-soegel.de\/information\/wp-content\/uploads\/2022\/07\/20-Schuelerinnen-und-Schueler-legten-erstes-Abitur-am-Huemmling-Gymnasium-ab_4-768x1024.jpg\" alt=\"\" class=\"wp-image-32613\" srcset=\"https:\/\/www.forum-soegel.de\/information\/wp-content\/uploads\/2022\/07\/20-Schuelerinnen-und-Schueler-legten-erstes-Abitur-am-Huemmling-Gymnasium-ab_4-768x1024.jpg 768w, https:\/\/www.forum-soegel.de\/information\/wp-content\/uploads\/2022\/07\/20-Schuelerinnen-und-Schueler-legten-erstes-Abitur-am-Huemmling-Gymnasium-ab_4-225x300.jpg 225w, https:\/\/www.forum-soegel.de\/information\/wp-content\/uploads\/2022\/07\/20-Schuelerinnen-und-Schueler-legten-erstes-Abitur-am-Huemmling-Gymnasium-ab_4-1152x1536.jpg 1152w, https:\/\/www.forum-soegel.de\/information\/wp-content\/uploads\/2022\/07\/20-Schuelerinnen-und-Schueler-legten-erstes-Abitur-am-Huemmling-Gymnasium-ab_4-1536x2048.jpg 1536w, https:\/\/www.forum-soegel.de\/information\/wp-content\/uploads\/2022\/07\/20-Schuelerinnen-und-Schueler-legten-erstes-Abitur-am-Huemmling-Gymnasium-ab_4-scaled.jpg 1920w\" sizes=\"auto, (max-width: 768px) 100vw, 768px\" \/><\/a><figcaption>Mit Trecker und Wagen zogen die Abiturienten durch die Orte des H\u00fcmmlings und feierten ihre Reifepr\u00fcfung.<br>Foto: Sammlung Quappen\/ Repro. Lambert Brand<\/figcaption><\/figure>\n\n\n\n<p>Es kam anders. Viele \u201eJunglehrer\u201c lernten S\u00f6gel und die Umgebung sch\u00e4tzen und blieben viele Jahre oder wie Lemmermann, Schmidt und Czeranka, auch nach der Pensionierung. Lobend erw\u00e4hnen alle drei im Gespr\u00e4ch mit unserer Redaktion die \u201emotivierenden\u201c Gespr\u00e4che und Angebote der Gemeindevertreter, allen voran Gemeindedirektor Theo Kr\u00f6ger und B\u00fcrgermeister Theodor Kossen. Unb\u00fcrokratisch vermittelte die Gemeinde den P\u00e4dagogen, die zum Teil aus beengten st\u00e4dtischen Verh\u00e4ltnissen kamen, gleich gro\u00dfz\u00fcgige familienfreundliche Wohnungen mit Garten. Sp\u00e4ter wurden nicht nur gut gelegenen Baupl\u00e4tze der Gemeinde, sondern auch g\u00fcnstige Baudarlehen vom Landkreis als Schultr\u00e4ger angeboten. Die Lehrer h\u00e4tten das Wohnen am Schulstandort schnell als \u201edurchaus positiv\u201c angesehen.<\/p>\n\n\n\n<p>Von dem freundlichen entgegenkommenden Wesen der H\u00fcmmlinger sei man angetan gewesen, auch wenn man sich an die allgegenw\u00e4rtige plattdeutsche Sprache erst gew\u00f6hnen musste. Schnell stellten \u201edie Neuen\u201c fest, dass sie in der im Aufbau befindlichen Schule (\u201eSchule ohne Traditionen\u201c) auch viele Gestaltungsm\u00f6glichkeiten bot. Es gab keine verkrusteten Strukturen wie an anderen Gymnasien, und der damalige Schulleiter Hubert Hanenkamp w\u00e4re zwar ein \u201esehr formaler Vorgesetzter\u201c gewesen, habe aber viel Freiraum f\u00fcr die Unterrichtsgestaltung einger\u00e4umt. Die Schule musste sich in der Aufbauphase allerdings auch mit Beschwerden aus Teilen der Elternschaft auseinandersetzten, wenn es zum Bespiele um die Gestaltung des Sexualkundeunterrichts und um religi\u00f6se und politischen Unterrichtsthemen ging. Das habe sich aber in den Folgejahren gelegt.<\/p>\n\n\n\n<figure class=\"wp-block-image size-large\"><a href=\"https:\/\/www.forum-soegel.de\/information\/wp-content\/uploads\/2022\/07\/20-Schuelerinnen-und-Schueler-legten-erstes-Abitur-am-Huemmling-Gymnasium-ab_2-scaled.jpg\"><img loading=\"lazy\" decoding=\"async\" width=\"1024\" height=\"768\" src=\"https:\/\/www.forum-soegel.de\/information\/wp-content\/uploads\/2022\/07\/20-Schuelerinnen-und-Schueler-legten-erstes-Abitur-am-Huemmling-Gymnasium-ab_2-1024x768.jpg\" alt=\"\" class=\"wp-image-32614\" srcset=\"https:\/\/www.forum-soegel.de\/information\/wp-content\/uploads\/2022\/07\/20-Schuelerinnen-und-Schueler-legten-erstes-Abitur-am-Huemmling-Gymnasium-ab_2-1024x768.jpg 1024w, https:\/\/www.forum-soegel.de\/information\/wp-content\/uploads\/2022\/07\/20-Schuelerinnen-und-Schueler-legten-erstes-Abitur-am-Huemmling-Gymnasium-ab_2-300x225.jpg 300w, https:\/\/www.forum-soegel.de\/information\/wp-content\/uploads\/2022\/07\/20-Schuelerinnen-und-Schueler-legten-erstes-Abitur-am-Huemmling-Gymnasium-ab_2-768x576.jpg 768w, https:\/\/www.forum-soegel.de\/information\/wp-content\/uploads\/2022\/07\/20-Schuelerinnen-und-Schueler-legten-erstes-Abitur-am-Huemmling-Gymnasium-ab_2-1536x1152.jpg 1536w, https:\/\/www.forum-soegel.de\/information\/wp-content\/uploads\/2022\/07\/20-Schuelerinnen-und-Schueler-legten-erstes-Abitur-am-Huemmling-Gymnasium-ab_2-2048x1536.jpg 2048w\" sizes=\"auto, (max-width: 1024px) 100vw, 1024px\" \/><\/a><figcaption>Der Ludmillenhof in S\u00f6gel diente in den ersten Jahren nach der Gr\u00fcndung des Gymnasiums als Schulstandort. Der damalige Sch\u00fclersprecher Bernhard Quappen (dritter von links) und die Gymnasiallehrer des ersten Abiturjahrgangs Walter Czeranka, Georg Schmidt und Holger Lemmermann erinnerten sich an eine \u201ebewegte Zeit\u201c.<br>Foto: Lambert Brand<\/figcaption><\/figure>\n\n\n\n<p>Wie sehr der H\u00fcmmling von dem Zuzug der neuen Lehrer profitiert hat, zeigte sich in den Folgejahren. Zusammen mit vielen Kollegen engagierten sich auch Georg Schmidt, Walter Czeranka und Holger Lemmermann beim Aufbau von kulturellen, geschichtlichen und sozialen Einrichtungen und waren Motoren in der damit verbundenen Vereinsarbeit.<\/p>\n\n\n\n<p>Text: Lambert Brand<\/p>\n","protected":false},"excerpt":{"rendered":"Schwierige Bedingungen beim Aufbau der neuen Schule &#8211; Lehrer: \u201eWir konnten etwas bewegen\u201c S\u00f6gel &#8211; \u201eZw\u00f6lf junge Frauen und acht junge M\u00e4nner erhielten aus der Hand von Oberstudiendirektor Hanenkamp in einer knappen und schlichten Feierstunde im Flurfoyer das Zeugnis der Reife\u201c, berichtete die Ems-Zeitung am 21. Mai 1972. Siebzehn dieser Abiturienten trafen sich nun in [&hellip;]\n","protected":false},"author":2,"featured_media":0,"comment_status":"closed","ping_status":"closed","sticky":false,"template":"","format":"standard","meta":{"ngg_post_thumbnail":0,"footnotes":""},"categories":[9],"tags":[],"class_list":["post-32583","post","type-post","status-publish","format-standard","hentry","category-vergangenheit-und-gegenwart"],"_links":{"self":[{"href":"https:\/\/www.forum-soegel.de\/information\/wp-json\/wp\/v2\/posts\/32583","targetHints":{"allow":["GET"]}}],"collection":[{"href":"https:\/\/www.forum-soegel.de\/information\/wp-json\/wp\/v2\/posts"}],"about":[{"href":"https:\/\/www.forum-soegel.de\/information\/wp-json\/wp\/v2\/types\/post"}],"author":[{"embeddable":true,"href":"https:\/\/www.forum-soegel.de\/information\/wp-json\/wp\/v2\/users\/2"}],"replies":[{"embeddable":true,"href":"https:\/\/www.forum-soegel.de\/information\/wp-json\/wp\/v2\/comments?post=32583"}],"version-history":[{"count":4,"href":"https:\/\/www.forum-soegel.de\/information\/wp-json\/wp\/v2\/posts\/32583\/revisions"}],"predecessor-version":[{"id":32617,"href":"https:\/\/www.forum-soegel.de\/information\/wp-json\/wp\/v2\/posts\/32583\/revisions\/32617"}],"wp:attachment":[{"href":"https:\/\/www.forum-soegel.de\/information\/wp-json\/wp\/v2\/media?parent=32583"}],"wp:term":[{"taxonomy":"category","embeddable":true,"href":"https:\/\/www.forum-soegel.de\/information\/wp-json\/wp\/v2\/categories?post=32583"},{"taxonomy":"post_tag","embeddable":true,"href":"https:\/\/www.forum-soegel.de\/information\/wp-json\/wp\/v2\/tags?post=32583"}],"curies":[{"name":"wp","href":"https:\/\/api.w.org\/{rel}","templated":true}]}}