{"id":3258,"date":"2010-09-01T08:15:23","date_gmt":"2010-09-01T06:15:23","guid":{"rendered":"https:\/\/www.forum-soegel.de\/information\/?p=3258"},"modified":"2010-09-06T19:46:08","modified_gmt":"2010-09-06T17:46:08","slug":"fertigstellung-des-naturwissenschaftlichen-traktes-an-der-schule-am-schloss-in-sogel","status":"publish","type":"post","link":"https:\/\/www.forum-soegel.de\/information\/2010\/09\/fertigstellung-des-naturwissenschaftlichen-traktes-an-der-schule-am-schloss-in-sogel\/","title":{"rendered":"Fertigstellung des naturwissenschaftlichen Traktes an der Schule am Schloss in S\u00f6gel"},"content":{"rendered":"<p>Rechtzeitig zum Ferienende konnte an der Schule am Schloss die \u00dcbergabe der naturwissenschaftlichen Einrichtung von der Firma Waldner an den Schultr\u00e4ger, vertreten durch Herrn Welling und Herrn G\u00f6\u00dfling von der Samtgemeinde S\u00f6gel, und den Lehrern f\u00fcr Physik, Chemie und Biologie \u00fcbergeben werden.<\/p>\n<p>Die Schule am Schloss erh\u00e4lt drei neue Fachr\u00e4ume f\u00fcr Physik, Chemie und Biologie mit einem Versorgungssystem von der Decke. In Zukunft werden f\u00fcr Versuche Strom und Gas der Decke entnommen, so dass der Unterricht nach verschiedenen Sozialformen flexibel gestaltet werden kann.<\/p>\n<p>Zus\u00e4tzlich sind die Vorbereitungsr\u00e4ume f\u00fcr Physik, Chemie und Biologie neu gestaltet worden. Das neue System erm\u00f6glicht ein Arbeiten nach den neuesten Sicherheitsvorrichtungen. Zus\u00e4tzlich erh\u00e4lt die Schule am Schloss einen neuen Raum f\u00fcr Textilarbeiten.<\/p>\n<p>Rechtzeitig zum Schulbeginn k\u00f6nnen zus\u00e4tzlich drei fahrbare interaktive Tafeln eingesetzt werden. \u00a0Mit diesen Tafeln verf\u00fcgt die Schule nun \u00fcber insgesamt 9 interaktive Tafeln. Das Kollegium ist schon vor den Sommerferien durch ganzt\u00e4tige Schulungen mit dem Umgang mit der interaktiven Tafel fortgebildet worden .<\/p>\n<p>Text\/Foto: Gisela Arling<\/p>\n<p><strong><span style=\"text-decoration: underline;\">\u00a0<a href=\"https:\/\/www.forum-soegel.de\/information\/wp-content\/uploads\/2010\/08\/Fertigstellung-des-11.jpg\"><img loading=\"lazy\" decoding=\"async\" class=\"alignnone size-medium wp-image-3263\" title=\"Fertigstellung des 1\" src=\"https:\/\/www.forum-soegel.de\/information\/wp-content\/uploads\/2010\/08\/Fertigstellung-des-11-300x199.jpg\" alt=\"\" width=\"300\" height=\"199\" srcset=\"https:\/\/www.forum-soegel.de\/information\/wp-content\/uploads\/2010\/08\/Fertigstellung-des-11-300x199.jpg 300w, https:\/\/www.forum-soegel.de\/information\/wp-content\/uploads\/2010\/08\/Fertigstellung-des-11.jpg 448w\" sizes=\"auto, (max-width: 300px) 100vw, 300px\" \/><\/a><\/span><\/strong><\/p>\n<p><strong><span style=\"text-decoration: underline;\">Foto von links<\/span><\/strong>: \u00a0Herr Welling vom Schulamt, Frau Lau, Herr Pietzsch von der Fa. Waldner, Herr G\u00f6\u00dfling vom Bauamt,\u00a0 Frau Berghaus, Frau Fortwengel.<\/p>\n<p><a href=\"https:\/\/www.forum-soegel.de\/information\/wp-content\/uploads\/2010\/08\/Fertigstellung-des.jpg\"><img loading=\"lazy\" decoding=\"async\" class=\"alignnone size-medium wp-image-3259\" title=\"Fertigstellung des\" src=\"https:\/\/www.forum-soegel.de\/information\/wp-content\/uploads\/2010\/08\/Fertigstellung-des-300x199.jpg\" alt=\"\" width=\"300\" height=\"199\" srcset=\"https:\/\/www.forum-soegel.de\/information\/wp-content\/uploads\/2010\/08\/Fertigstellung-des-300x199.jpg 300w, https:\/\/www.forum-soegel.de\/information\/wp-content\/uploads\/2010\/08\/Fertigstellung-des.jpg 448w\" sizes=\"auto, (max-width: 300px) 100vw, 300px\" \/><\/a>\u00a0<\/p>\n<p>Foto interaktive Tafel von links: Monika Untiedt und Alfons Deters freuen sich auf den Einsatz.<\/p>\n","protected":false},"excerpt":{"rendered":"Rechtzeitig zum Ferienende konnte an der Schule am Schloss die \u00dcbergabe der naturwissenschaftlichen Einrichtung von der Firma Waldner an den Schultr\u00e4ger, vertreten durch Herrn Welling und Herrn G\u00f6\u00dfling von der Samtgemeinde S\u00f6gel, und den Lehrern f\u00fcr Physik, Chemie und Biologie \u00fcbergeben werden. Die Schule am Schloss erh\u00e4lt drei neue Fachr\u00e4ume f\u00fcr Physik, Chemie und Biologie [&hellip;]\n","protected":false},"author":2,"featured_media":0,"comment_status":"closed","ping_status":"closed","sticky":false,"template":"","format":"standard","meta":{"ngg_post_thumbnail":0,"footnotes":""},"categories":[6],"tags":[],"class_list":["post-3258","post","type-post","status-publish","format-standard","hentry","category-aus-der-schule-geplaudert"],"_links":{"self":[{"href":"https:\/\/www.forum-soegel.de\/information\/wp-json\/wp\/v2\/posts\/3258","targetHints":{"allow":["GET"]}}],"collection":[{"href":"https:\/\/www.forum-soegel.de\/information\/wp-json\/wp\/v2\/posts"}],"about":[{"href":"https:\/\/www.forum-soegel.de\/information\/wp-json\/wp\/v2\/types\/post"}],"author":[{"embeddable":true,"href":"https:\/\/www.forum-soegel.de\/information\/wp-json\/wp\/v2\/users\/2"}],"replies":[{"embeddable":true,"href":"https:\/\/www.forum-soegel.de\/information\/wp-json\/wp\/v2\/comments?post=3258"}],"version-history":[{"count":4,"href":"https:\/\/www.forum-soegel.de\/information\/wp-json\/wp\/v2\/posts\/3258\/revisions"}],"predecessor-version":[{"id":3265,"href":"https:\/\/www.forum-soegel.de\/information\/wp-json\/wp\/v2\/posts\/3258\/revisions\/3265"}],"wp:attachment":[{"href":"https:\/\/www.forum-soegel.de\/information\/wp-json\/wp\/v2\/media?parent=3258"}],"wp:term":[{"taxonomy":"category","embeddable":true,"href":"https:\/\/www.forum-soegel.de\/information\/wp-json\/wp\/v2\/categories?post=3258"},{"taxonomy":"post_tag","embeddable":true,"href":"https:\/\/www.forum-soegel.de\/information\/wp-json\/wp\/v2\/tags?post=3258"}],"curies":[{"name":"wp","href":"https:\/\/api.w.org\/{rel}","templated":true}]}}