{"id":32541,"date":"2022-07-06T15:20:51","date_gmt":"2022-07-06T13:20:51","guid":{"rendered":"https:\/\/www.forum-soegel.de\/information\/?p=32541"},"modified":"2022-07-06T15:20:51","modified_gmt":"2022-07-06T13:20:51","slug":"sks-startet-wieder-durch-mit-8-neuen-mitgliedern","status":"publish","type":"post","link":"https:\/\/www.forum-soegel.de\/information\/2022\/07\/sks-startet-wieder-durch-mit-8-neuen-mitgliedern\/","title":{"rendered":"SKS startet wieder durch mit 8 neuen Mitgliedern"},"content":{"rendered":"\n<p>Spahnharrenst\u00e4tte &#8211; Auf der diesj\u00e4hrigen Generalversammlung der Sch\u00fctzenkapelle Spahnharrenst\u00e4tte im \u201eL\u00fcns Hus\u201c blickt der Vorstand motiviert und hoffnungsvoll nach vorn auf die kommende Saison. Zwei Jahre wurde der musikalische Betrieb coronabedingt so gut wie lahmgelegt.<\/p>\n\n\n\n<p>In seinem Jahresbericht fasste der 1.Vorsitzende Bernd Deters die vergangenen beiden Jahre kurz zusammen:<br>Nach dem Lockdown im Fr\u00fchjahr 2020 konnten weder Proben noch Auftritte stattfinden. Dies war besonders bitter, da anl\u00e4sslich des 35-j\u00e4hrigen Jubil\u00e4ums ein Konzert geplant war. Um weiter aktiv zu bleiben, nahmen viele Mitglieder bei der Sonntags-Aktion \u201eSpielen am Fenster\u201c teil. So konnte zumindest das Gef\u00fchl des gemeinsamen Musizierens aufkommen. Zu Ostern wurden alle aktiven Mitglieder und Musiksch\u00fcler mit einem kleinen Pr\u00e4sentkorb vor der T\u00fcr \u00fcberrascht.<\/p>\n\n\n\n<p>Ende Juni konnte endlich wieder mit den Proben gestartet werden. Diese fanden unter freiem Himmel mit Sicherheitsabstand und Hygienekonzept hinter L\u00fcns Hus statt. Aufgrund der hohen Inzidenzen musste ab Herbst 2020 der Probebetrieb wieder eingestellt werden. Zum Jahresende durften 5 Musiker die Weihnachts- und Silvestermesse musikalisch begleiten. Diese fand in der Halle des Lohnunternehmens Stevens statt.<\/p>\n\n\n\n<p>Der Vorstand hatte zu Weihnachten noch eine nette Videobotschaft f\u00fcr alle aufgenommen und alle Musiksch\u00fcler erhielten zum Jahreswechsel noch eine Gl\u00fcckskerze mit einer aufmunternden Nachricht, dass im neuen Jahr hoffentlich wieder gemeinsam Musik gemacht werden darf. Leider war dies im ersten Quartal 2021 noch nicht der Fall.<\/p>\n\n\n\n<p>Um den Kontakt zu den Mitgliedern aufrecht zu erhalten wurden digitale Veranstaltungen wie ein Spieleabend und eine Karnevalssitzung durchgef\u00fchrt. Beides wurde sehr gut angenommen. Ab Juni waren Probeabende sowie kleine Auftritte bei F\u00f6rderkreismitgliedern wieder m\u00f6glich. Auch das Erntedankfest im Pfarrgarten konnte musikalisch mitgestaltet werden. Beim amtierenden K\u00f6nigspaar Heike und Hans-J\u00fcrgen Meyer wurde die Kapelle nachtr\u00e4glich noch zum Scheibe aufh\u00e4ngen eingeladen und erlebte einen lustigen Abend bei einem gro\u00dfz\u00fcgigen K\u00f6nigshaus. Der Sch\u00fctzenball 2021 war dann der letzte gemeinsame gro\u00dfe Auftritt der Sch\u00fctzenkapelle unter 2G+ Bestimmungen.<\/p>\n\n\n\n<p>Der Ausblick auf das Jahr 2022 sieht einen gut gef\u00fcllten Auftrittsplan vor sowie Musiker, die sich nach der Musik, dem im Takt marschieren und vollen Sch\u00fctzenfestzelten sehnen.<\/p>\n\n\n\n<p>Einen kurzen Einblick in die Finanzen gab die Kassenwartin Carolin B\u00fcter.<\/p>\n\n\n\n<p>Durch den Wegfall der Haupteinnahmequelle der letzten beiden Jahre, die aus den Auftritten von Sch\u00fctzenfesten besteht, konnte kein gro\u00dfer finanzieller Puffer aufgebaut werden. Dank der Spenden von rund 60 treuen F\u00f6rderkreismitgliedern sowie ein Spendenaufruf von Pastor Horstmann auf seinem Abschiedsgottesdienst zugunsten der Nachwuchsarbeit der SKS und jeweils einer Spende der Raiffeisenbank Ems-Vechte sowie der Sparkasse muss sich der Verein finanziell jedoch keine Sorgen machen. .<br>Im Bericht der Jugendwartin teilte Anja Meiners mit, dass durch die lange Zwangspause die Motivation bei ein paar Sch\u00fclern verloren gegangen sei. Zurzeit erlernen 15 Kinder die Blockfl\u00f6te und 24 Sch\u00fcler befinden sich in der instrumentalen Ausbildung.<\/p>\n\n\n\n<p>Die Kleine Kapelle besteht aktuell aus 16 Machwuchsmusikern, wovon einige schon in der gro\u00dfen Kapelle mitspielen. Der gesamte Vorstand war \u00fcbergl\u00fccklich, Johanna Steenken als neue Dirigentin f\u00fcr die Kleinen Kapelle gewinnen zu k\u00f6nnen. Antonia Dopp steht ihr nach wie vor unterst\u00fctzend zu Seite, ist aber beruflich bedingt nicht mehr regelm\u00e4\u00dfig vor Ort. Mit Laura L\u00fcnswilken und Jennifer G\u00e4ken k\u00f6nnen alle Blockfl\u00f6tensch\u00fcler weiterhin unterrichtet werden, nachdem Lea Roling und Anja Mimj\u00e4hner beruflich bedingt nicht weiter zur Verf\u00fcgung standen.<br>Die Dirigentin Marina Kessens bedankte sich bei allen Musikern f\u00fcr ihr Engagement. Sie freue sich auf eine tolle Saison.<br>Bei den Wahlen standen aufgrund der ausgefallenen Generalversammlung in 2021 alle Posten der Vorstandsmitglieder zur Verf\u00fcgung. Es fand eine einstimmige Wiederwahl statt. Alle Vorstandsmitglieder wurden in ihren \u00c4mtern best\u00e4tigt: Bernd Deters (1.Vorsitzender), Matthias Kr\u00f6ger (2.Vorsitzender), Carolin B\u00fcter (Kassenwart), Anja Meiners (Jugendwart), Verena Von H\u00f6fen (stellv. Jugendwart), Marina Kessens (Dirigentin), Helmut Benten (stellv. Dirigent), Thomas G\u00e4ken (Notenwart), Andrea Konen (Schriftf\u00fchrer).<\/p>\n\n\n\n<p>Anschlie\u00dfend konnte Bernd Deters 7 neue Aktive in die Hauptkapelle aufnehmen:<\/p>\n\n\n\n<p>Theresa Hanekamp, Marie K\u00f6tting, Sina Stindt, Henrik Beusing, Corinna Quappen, Bernd Meyer und Arne P\u00fclsken.<br>Zum Schluss sprach der B\u00fcrgermeister Konrad L\u00fcnswilken noch ein dickes Lob und Dank an den Vorstand der Sch\u00fctzenkapelle aus.<\/p>\n\n\n\n<p>Text\/Foto: C.B\u00fcter<\/p>\n\n\n\n<figure class=\"wp-block-gallery has-nested-images columns-2 is-cropped wp-block-gallery-1 is-layout-flex wp-block-gallery-is-layout-flex\">\n<figure class=\"wp-block-image size-large\"><a href=\"https:\/\/www.forum-soegel.de\/information\/wp-content\/uploads\/2022\/07\/SKS-startet-wieder-durch-mit-8-neuen-Mitgliedern_1-scaled.jpg\"><img loading=\"lazy\" decoding=\"async\" width=\"1024\" height=\"683\" data-id=\"32544\" src=\"https:\/\/www.forum-soegel.de\/information\/wp-content\/uploads\/2022\/07\/SKS-startet-wieder-durch-mit-8-neuen-Mitgliedern_1-1024x683.jpg\" alt=\"\" class=\"wp-image-32544\" srcset=\"https:\/\/www.forum-soegel.de\/information\/wp-content\/uploads\/2022\/07\/SKS-startet-wieder-durch-mit-8-neuen-Mitgliedern_1-1024x683.jpg 1024w, https:\/\/www.forum-soegel.de\/information\/wp-content\/uploads\/2022\/07\/SKS-startet-wieder-durch-mit-8-neuen-Mitgliedern_1-300x200.jpg 300w, https:\/\/www.forum-soegel.de\/information\/wp-content\/uploads\/2022\/07\/SKS-startet-wieder-durch-mit-8-neuen-Mitgliedern_1-768x512.jpg 768w, https:\/\/www.forum-soegel.de\/information\/wp-content\/uploads\/2022\/07\/SKS-startet-wieder-durch-mit-8-neuen-Mitgliedern_1-1536x1024.jpg 1536w, https:\/\/www.forum-soegel.de\/information\/wp-content\/uploads\/2022\/07\/SKS-startet-wieder-durch-mit-8-neuen-Mitgliedern_1-2048x1365.jpg 2048w\" sizes=\"auto, (max-width: 1024px) 100vw, 1024px\" \/><\/a><figcaption>Vorstand<\/figcaption><\/figure>\n\n\n\n<figure class=\"wp-block-image size-large\"><a href=\"https:\/\/www.forum-soegel.de\/information\/wp-content\/uploads\/2022\/07\/SKS-startet-wieder-durch-mit-8-neuen-Mitgliedern_2-scaled.jpg\"><img loading=\"lazy\" decoding=\"async\" width=\"1024\" height=\"683\" data-id=\"32543\" src=\"https:\/\/www.forum-soegel.de\/information\/wp-content\/uploads\/2022\/07\/SKS-startet-wieder-durch-mit-8-neuen-Mitgliedern_2-1024x683.jpg\" alt=\"\" class=\"wp-image-32543\" srcset=\"https:\/\/www.forum-soegel.de\/information\/wp-content\/uploads\/2022\/07\/SKS-startet-wieder-durch-mit-8-neuen-Mitgliedern_2-1024x683.jpg 1024w, https:\/\/www.forum-soegel.de\/information\/wp-content\/uploads\/2022\/07\/SKS-startet-wieder-durch-mit-8-neuen-Mitgliedern_2-300x200.jpg 300w, https:\/\/www.forum-soegel.de\/information\/wp-content\/uploads\/2022\/07\/SKS-startet-wieder-durch-mit-8-neuen-Mitgliedern_2-768x512.jpg 768w, https:\/\/www.forum-soegel.de\/information\/wp-content\/uploads\/2022\/07\/SKS-startet-wieder-durch-mit-8-neuen-Mitgliedern_2-1536x1024.jpg 1536w, https:\/\/www.forum-soegel.de\/information\/wp-content\/uploads\/2022\/07\/SKS-startet-wieder-durch-mit-8-neuen-Mitgliedern_2-2048x1365.jpg 2048w\" sizes=\"auto, (max-width: 1024px) 100vw, 1024px\" \/><\/a><figcaption>D-1 Kurs Absolventen<\/figcaption><\/figure>\n\n\n\n<figure class=\"wp-block-image size-large\"><a href=\"https:\/\/www.forum-soegel.de\/information\/wp-content\/uploads\/2022\/07\/SKS-startet-wieder-durch-mit-8-neuen-Mitgliedern_3-scaled.jpg\"><img loading=\"lazy\" decoding=\"async\" width=\"1024\" height=\"683\" data-id=\"32542\" src=\"https:\/\/www.forum-soegel.de\/information\/wp-content\/uploads\/2022\/07\/SKS-startet-wieder-durch-mit-8-neuen-Mitgliedern_3-1024x683.jpg\" alt=\"\" class=\"wp-image-32542\" srcset=\"https:\/\/www.forum-soegel.de\/information\/wp-content\/uploads\/2022\/07\/SKS-startet-wieder-durch-mit-8-neuen-Mitgliedern_3-1024x683.jpg 1024w, https:\/\/www.forum-soegel.de\/information\/wp-content\/uploads\/2022\/07\/SKS-startet-wieder-durch-mit-8-neuen-Mitgliedern_3-300x200.jpg 300w, https:\/\/www.forum-soegel.de\/information\/wp-content\/uploads\/2022\/07\/SKS-startet-wieder-durch-mit-8-neuen-Mitgliedern_3-768x512.jpg 768w, https:\/\/www.forum-soegel.de\/information\/wp-content\/uploads\/2022\/07\/SKS-startet-wieder-durch-mit-8-neuen-Mitgliedern_3-1536x1024.jpg 1536w, https:\/\/www.forum-soegel.de\/information\/wp-content\/uploads\/2022\/07\/SKS-startet-wieder-durch-mit-8-neuen-Mitgliedern_3-2048x1365.jpg 2048w\" sizes=\"auto, (max-width: 1024px) 100vw, 1024px\" \/><\/a><figcaption>Neuaufnahmen in die SKS<\/figcaption><\/figure>\n<\/figure>\n\n\n\n<p><\/p>\n","protected":false},"excerpt":{"rendered":"Spahnharrenst\u00e4tte &#8211; Auf der diesj\u00e4hrigen Generalversammlung der Sch\u00fctzenkapelle Spahnharrenst\u00e4tte im \u201eL\u00fcns Hus\u201c blickt der Vorstand motiviert und hoffnungsvoll nach vorn auf die kommende Saison. Zwei Jahre wurde der musikalische Betrieb coronabedingt so gut wie lahmgelegt. In seinem Jahresbericht fasste der 1.Vorsitzende Bernd Deters die vergangenen beiden Jahre kurz zusammen:Nach dem Lockdown im Fr\u00fchjahr 2020 konnten [&hellip;]\n","protected":false},"author":2,"featured_media":0,"comment_status":"closed","ping_status":"closed","sticky":false,"template":"","format":"standard","meta":{"ngg_post_thumbnail":0,"footnotes":""},"categories":[5],"tags":[],"class_list":["post-32541","post","type-post","status-publish","format-standard","hentry","category-was-machen-die-vereine"],"_links":{"self":[{"href":"https:\/\/www.forum-soegel.de\/information\/wp-json\/wp\/v2\/posts\/32541","targetHints":{"allow":["GET"]}}],"collection":[{"href":"https:\/\/www.forum-soegel.de\/information\/wp-json\/wp\/v2\/posts"}],"about":[{"href":"https:\/\/www.forum-soegel.de\/information\/wp-json\/wp\/v2\/types\/post"}],"author":[{"embeddable":true,"href":"https:\/\/www.forum-soegel.de\/information\/wp-json\/wp\/v2\/users\/2"}],"replies":[{"embeddable":true,"href":"https:\/\/www.forum-soegel.de\/information\/wp-json\/wp\/v2\/comments?post=32541"}],"version-history":[{"count":1,"href":"https:\/\/www.forum-soegel.de\/information\/wp-json\/wp\/v2\/posts\/32541\/revisions"}],"predecessor-version":[{"id":32545,"href":"https:\/\/www.forum-soegel.de\/information\/wp-json\/wp\/v2\/posts\/32541\/revisions\/32545"}],"wp:attachment":[{"href":"https:\/\/www.forum-soegel.de\/information\/wp-json\/wp\/v2\/media?parent=32541"}],"wp:term":[{"taxonomy":"category","embeddable":true,"href":"https:\/\/www.forum-soegel.de\/information\/wp-json\/wp\/v2\/categories?post=32541"},{"taxonomy":"post_tag","embeddable":true,"href":"https:\/\/www.forum-soegel.de\/information\/wp-json\/wp\/v2\/tags?post=32541"}],"curies":[{"name":"wp","href":"https:\/\/api.w.org\/{rel}","templated":true}]}}