{"id":32537,"date":"2022-07-06T15:15:25","date_gmt":"2022-07-06T13:15:25","guid":{"rendered":"https:\/\/www.forum-soegel.de\/information\/?p=32537"},"modified":"2022-07-06T15:15:25","modified_gmt":"2022-07-06T13:15:25","slug":"neuer-vorstand-beim-sozialverband-vdk-ortsverband-boerger","status":"publish","type":"post","link":"https:\/\/www.forum-soegel.de\/information\/2022\/07\/neuer-vorstand-beim-sozialverband-vdk-ortsverband-boerger\/","title":{"rendered":"Neuer Vorstand beim Sozialverband VdK \u2013 Ortsverband B\u00f6rger"},"content":{"rendered":"\n<p><strong>Der Ortsvorsitzende begr\u00fc\u00dfte 300. Mitglied \u2013 Zahlreiche Ehrungen<\/strong><\/p>\n\n\n\n<p>B\u00f6rger &#8211; Auf der gut besuchten Jahreshauptversammlung des Sozialverbandes VdK Ortsverband B\u00f6rger haben die Mitglieder den Vorstand neu zusammengesetzt. Hermann Geers bleibt Vorsitzender und Heinz Schomakers sein Stellvertreter. Neu im Amt als Schriftf\u00fchrerin wurden Thekla Antons und ihre Stellvertreterin Elisabeth Nessenius gew\u00e4hlt. In ihren \u00c4mtern best\u00e4tigt wurden Christa Schomakers als Frauenbeauftragte und ihre Stellvertreterin Annegret Kossenjans, sowie Kassenf\u00fchrerin Renate Antons und ihre Stellvertreterin B\u00e4rbel T\u00f6bben und als Beisitzer Egon Kaschak. Revisoren sind Wilhelm Jansen und Helmut Prehn.<\/p>\n\n\n\n<p>Trotz Corona-Pandemie und den damit verbundenen Einschr\u00e4nkungen konnte der Vorsitzende \u00fcber einige gelungene Veranstaltungen der letzten drei Jahre berichten, wie gemeinsames Fr\u00fchst\u00fcck, Spargelessen, Grillabend und Weihnachtsfeier. Besondere Ereignisse wie die 7-t\u00e4gige Fahrt in den Spessart mussten leider ausfallen.<\/p>\n\n\n\n<p>Der Kreisgesch\u00e4ftsf\u00fchrer Thorsten Baumgarten berichtete in seinem Vortrag, dass die Beratungen in den Au\u00dfenstellen nach Terminabsprache wieder regelm\u00e4\u00dfig stattfinden, in B\u00f6rger jeden zweiten Mittwoch im Monat von 09:00 bis 10:30 Uhr.<\/p>\n\n\n\n<p>Ehrungen standen au\u00dferdem auf dem Programm des Sozialverbandes VdK-Ortsverband B\u00f6rger. Geehrt wurden zahlreiche Mitglieder f\u00fcr 10- und 25-j\u00e4hrige Mitgliedschaften im Sozialverband.&nbsp; Alfons Pleiter (Bildmitte) hat mit seiner Mitgliedschaft die langersehnte Grenze von 300 Mitgliedern \u00fcberschritten. Er wurde vom Vorsitzenden Hermann Geers und dem Stellv. Heinz Schomakers mit einem Pr\u00e4sentkorb herzlich begr\u00fc\u00dft. Der seit Jahren starke Zuwachs hat dem VdK-Landesverband Niedersachsen-Bremen Ende vergangen Jahres die Rekordzahl von 100.000 Mitgliedern beschert.<\/p>\n\n\n\n<p>Text\/Foto: Sozialverband VdK Ortsverband B\u00f6rger<\/p>\n\n\n\n<figure class=\"wp-block-gallery has-nested-images columns-default is-cropped wp-block-gallery-1 is-layout-flex wp-block-gallery-is-layout-flex\">\n<figure class=\"wp-block-image size-large\"><a href=\"https:\/\/www.forum-soegel.de\/information\/wp-content\/uploads\/2022\/07\/Neuer-Vorstand-beim-Sozialverband-VdK-2.jpg\"><img loading=\"lazy\" decoding=\"async\" width=\"1024\" height=\"683\" data-id=\"32539\" src=\"https:\/\/www.forum-soegel.de\/information\/wp-content\/uploads\/2022\/07\/Neuer-Vorstand-beim-Sozialverband-VdK-2-1024x683.jpg\" alt=\"\" class=\"wp-image-32539\" srcset=\"https:\/\/www.forum-soegel.de\/information\/wp-content\/uploads\/2022\/07\/Neuer-Vorstand-beim-Sozialverband-VdK-2-1024x683.jpg 1024w, https:\/\/www.forum-soegel.de\/information\/wp-content\/uploads\/2022\/07\/Neuer-Vorstand-beim-Sozialverband-VdK-2-300x200.jpg 300w, https:\/\/www.forum-soegel.de\/information\/wp-content\/uploads\/2022\/07\/Neuer-Vorstand-beim-Sozialverband-VdK-2-768x512.jpg 768w, https:\/\/www.forum-soegel.de\/information\/wp-content\/uploads\/2022\/07\/Neuer-Vorstand-beim-Sozialverband-VdK-2.jpg 1386w\" sizes=\"auto, (max-width: 1024px) 100vw, 1024px\" \/><\/a><\/figure>\n\n\n\n<figure class=\"wp-block-image size-large\"><a href=\"https:\/\/www.forum-soegel.de\/information\/wp-content\/uploads\/2022\/07\/Neuer-Vorstand-beim-Sozialverband-VdK-1.jpg\"><img loading=\"lazy\" decoding=\"async\" width=\"1024\" height=\"683\" data-id=\"32538\" src=\"https:\/\/www.forum-soegel.de\/information\/wp-content\/uploads\/2022\/07\/Neuer-Vorstand-beim-Sozialverband-VdK-1-1024x683.jpg\" alt=\"\" class=\"wp-image-32538\" srcset=\"https:\/\/www.forum-soegel.de\/information\/wp-content\/uploads\/2022\/07\/Neuer-Vorstand-beim-Sozialverband-VdK-1-1024x683.jpg 1024w, https:\/\/www.forum-soegel.de\/information\/wp-content\/uploads\/2022\/07\/Neuer-Vorstand-beim-Sozialverband-VdK-1-300x200.jpg 300w, https:\/\/www.forum-soegel.de\/information\/wp-content\/uploads\/2022\/07\/Neuer-Vorstand-beim-Sozialverband-VdK-1-768x512.jpg 768w, https:\/\/www.forum-soegel.de\/information\/wp-content\/uploads\/2022\/07\/Neuer-Vorstand-beim-Sozialverband-VdK-1.jpg 1386w\" sizes=\"auto, (max-width: 1024px) 100vw, 1024px\" \/><\/a><\/figure>\n<\/figure>\n","protected":false},"excerpt":{"rendered":"Der Ortsvorsitzende begr\u00fc\u00dfte 300. Mitglied \u2013 Zahlreiche Ehrungen B\u00f6rger &#8211; Auf der gut besuchten Jahreshauptversammlung des Sozialverbandes VdK Ortsverband B\u00f6rger haben die Mitglieder den Vorstand neu zusammengesetzt. Hermann Geers bleibt Vorsitzender und Heinz Schomakers sein Stellvertreter. Neu im Amt als Schriftf\u00fchrerin wurden Thekla Antons und ihre Stellvertreterin Elisabeth Nessenius gew\u00e4hlt. In ihren \u00c4mtern best\u00e4tigt wurden [&hellip;]\n","protected":false},"author":2,"featured_media":0,"comment_status":"closed","ping_status":"closed","sticky":false,"template":"","format":"standard","meta":{"ngg_post_thumbnail":0,"footnotes":""},"categories":[5],"tags":[],"class_list":["post-32537","post","type-post","status-publish","format-standard","hentry","category-was-machen-die-vereine"],"_links":{"self":[{"href":"https:\/\/www.forum-soegel.de\/information\/wp-json\/wp\/v2\/posts\/32537","targetHints":{"allow":["GET"]}}],"collection":[{"href":"https:\/\/www.forum-soegel.de\/information\/wp-json\/wp\/v2\/posts"}],"about":[{"href":"https:\/\/www.forum-soegel.de\/information\/wp-json\/wp\/v2\/types\/post"}],"author":[{"embeddable":true,"href":"https:\/\/www.forum-soegel.de\/information\/wp-json\/wp\/v2\/users\/2"}],"replies":[{"embeddable":true,"href":"https:\/\/www.forum-soegel.de\/information\/wp-json\/wp\/v2\/comments?post=32537"}],"version-history":[{"count":1,"href":"https:\/\/www.forum-soegel.de\/information\/wp-json\/wp\/v2\/posts\/32537\/revisions"}],"predecessor-version":[{"id":32540,"href":"https:\/\/www.forum-soegel.de\/information\/wp-json\/wp\/v2\/posts\/32537\/revisions\/32540"}],"wp:attachment":[{"href":"https:\/\/www.forum-soegel.de\/information\/wp-json\/wp\/v2\/media?parent=32537"}],"wp:term":[{"taxonomy":"category","embeddable":true,"href":"https:\/\/www.forum-soegel.de\/information\/wp-json\/wp\/v2\/categories?post=32537"},{"taxonomy":"post_tag","embeddable":true,"href":"https:\/\/www.forum-soegel.de\/information\/wp-json\/wp\/v2\/tags?post=32537"}],"curies":[{"name":"wp","href":"https:\/\/api.w.org\/{rel}","templated":true}]}}