{"id":32530,"date":"2022-07-06T15:07:39","date_gmt":"2022-07-06T13:07:39","guid":{"rendered":"https:\/\/www.forum-soegel.de\/information\/?p=32530"},"modified":"2022-07-06T15:09:35","modified_gmt":"2022-07-06T13:09:35","slug":"zukunftsplan-hoffnung-weltgebetstag-der-frauen-in-soegel","status":"publish","type":"post","link":"https:\/\/www.forum-soegel.de\/information\/2022\/07\/zukunftsplan-hoffnung-weltgebetstag-der-frauen-in-soegel\/","title":{"rendered":"Zukunftsplan Hoffnung \u2013 Weltgebetstag der Frauen in S\u00f6gel \u2013"},"content":{"rendered":"\n<p>S\u00f6gel &#8211; Nach zwei Jahren coronabedingter Pause fand der \u00f6kumenische Gottesdienst zum diesj\u00e4hrigen Weltgebetstag der Frauen wieder statt, auch wenn er in den Juni verschoben werden musste. Renate Herm\u00fchlen vom Leitungsteam der kfd S\u00f6gel begr\u00fc\u00dfte die evangelischen und katholischen Frauen in der St. Jakobus-Kirche und sagte: \u201eDas Thema des heutigen \u00f6kumenischen Gottesdienstes lautet \u00b4Zukunftsplan Hoffnung\u00b4, eine starke Aussage und wir fragen uns: Was kann Hoffnung geben in diesen hoffnungslosen Zeiten? Was kann Licht ins Dunkel bringen?\u201c<\/p>\n\n\n\n<p>Die Texte und Lieder wurden in diesem Jahr von Frauen aus England, Wales und Nordirland vorbereitet. Sie brachten in die Texte und Gebete die eigenen Hoffnungen, \u00c4ngste, Sorgen und W\u00fcnsche sowie die eigene kulturelle Vielfalt mit ein. Die ausgesuchten Texte passten aufgrund des Ukraine-Krieges sehr gut in die aktuelle Zeit.&nbsp; Gleich zu Beginn des Gottesdienstes beteten die Frauen in \u00f6kumenischer Verbundenheit f\u00fcr die Menschen in der Ukraine und f\u00fcr den Frieden in der Welt.<\/p>\n\n\n\n<p>Im Fokus stand der Brief von Jeremia (Jer 29\/11). Dort lautete Gottes Versprechen: \u201eIch allein wei\u00df, was ich mit euch vorhabe. Ich will euch Hoffnung und Zukunft geben\u201c. Ein starkes Versprechen, welches bis heute tr\u00e4gt. Viele F\u00fcrbitten wurden im Gottesdienst gesprochen und Hoffnungslichter angez\u00fcndet. Eine Frauenschola um Maria Benten, Thea Lange, Walburga W\u00fcbben und Gertrud Meiners begleitete gesanglich die sch\u00f6nen Lieder, die per CD eingespielt wurden.<\/p>\n\n\n\n<p>Im Anschluss an den Gottesdienst wurde nach zweij\u00e4hriger Zwangspause die Tradition um den Weltgebetstag fortgesetzt und wieder zu Kaffee und Kuchen ins Gemeindezentrum St. Jakobus eingeladen Dort war auch der Eine-Welt-Laden mit einem Stand vertreten. Vom Verkaufserl\u00f6s spendeten Martina Herbes und Astrid Winkler 30,00 \u20ac f\u00fcr das Weltgebetstags-Komitee, so dass Monika Eveld vom kfd-Leitungsteam einschlie\u00dflich der Kollekte aus dem Gottesdienst eine Spende von insgesamt 218,00 \u20ac \u00fcberweisen konnte, um damit Hilfsprojekte f\u00fcr M\u00e4dchen und Frauen in der ganzen Welt zu unterst\u00fctzen.<\/p>\n\n\n\n<p>Mit der gemeinsamen Vorbereitung und Gestaltung des Gottesdienstes durch Valentina M\u00fcller, Andrea Dominik, Elfriede Binner und Tanja Schepers-Kraus Frauen aus der ev. Markus-Kirchengemeinde und Renate Herm\u00fchlen, Monika Eveld, Irmgard Schlangen-Otten, Marion Graf und Gisela Arling von der kath. Kirchengemeinde St. Jakobus, wurde ein St\u00fcck gelebte \u00d6kumene gezeigt. In S\u00f6gel ist es seit Jahren eine sch\u00f6ne Tradition geworden, den Weltgebetstag der Frauen abwechselnd in den beiden Kirchengemeinden vorzubereiten und zu feiern.&nbsp; &nbsp;<\/p>\n\n\n\n<p>Text\/Foto: Gisela Arling<\/p>\n\n\n\n<figure class=\"wp-block-gallery has-nested-images columns-default is-cropped wp-block-gallery-1 is-layout-flex wp-block-gallery-is-layout-flex\">\n<figure class=\"wp-block-image size-large\"><a href=\"https:\/\/www.forum-soegel.de\/information\/wp-content\/uploads\/2022\/07\/Zukunftsplan-Hoffnung-Weltgebetstag-der-Frauen-in-Soegel-2-scaled.jpg\"><img loading=\"lazy\" decoding=\"async\" width=\"1024\" height=\"674\" data-id=\"32531\" src=\"https:\/\/www.forum-soegel.de\/information\/wp-content\/uploads\/2022\/07\/Zukunftsplan-Hoffnung-Weltgebetstag-der-Frauen-in-Soegel-2-1024x674.jpg\" alt=\"\" class=\"wp-image-32531\" srcset=\"https:\/\/www.forum-soegel.de\/information\/wp-content\/uploads\/2022\/07\/Zukunftsplan-Hoffnung-Weltgebetstag-der-Frauen-in-Soegel-2-1024x674.jpg 1024w, https:\/\/www.forum-soegel.de\/information\/wp-content\/uploads\/2022\/07\/Zukunftsplan-Hoffnung-Weltgebetstag-der-Frauen-in-Soegel-2-300x197.jpg 300w, https:\/\/www.forum-soegel.de\/information\/wp-content\/uploads\/2022\/07\/Zukunftsplan-Hoffnung-Weltgebetstag-der-Frauen-in-Soegel-2-768x505.jpg 768w, https:\/\/www.forum-soegel.de\/information\/wp-content\/uploads\/2022\/07\/Zukunftsplan-Hoffnung-Weltgebetstag-der-Frauen-in-Soegel-2-1536x1011.jpg 1536w, https:\/\/www.forum-soegel.de\/information\/wp-content\/uploads\/2022\/07\/Zukunftsplan-Hoffnung-Weltgebetstag-der-Frauen-in-Soegel-2-2048x1348.jpg 2048w\" sizes=\"auto, (max-width: 1024px) 100vw, 1024px\" \/><\/a><\/figure>\n\n\n\n<figure class=\"wp-block-image size-large\"><a href=\"https:\/\/www.forum-soegel.de\/information\/wp-content\/uploads\/2022\/07\/Zukunftsplan-Hoffnung-Weltgebetstag-der-Frauen-in-Soegel-1-scaled.jpg\"><img loading=\"lazy\" decoding=\"async\" width=\"1024\" height=\"594\" data-id=\"32532\" src=\"https:\/\/www.forum-soegel.de\/information\/wp-content\/uploads\/2022\/07\/Zukunftsplan-Hoffnung-Weltgebetstag-der-Frauen-in-Soegel-1-1024x594.jpg\" alt=\"\" class=\"wp-image-32532\" srcset=\"https:\/\/www.forum-soegel.de\/information\/wp-content\/uploads\/2022\/07\/Zukunftsplan-Hoffnung-Weltgebetstag-der-Frauen-in-Soegel-1-1024x594.jpg 1024w, https:\/\/www.forum-soegel.de\/information\/wp-content\/uploads\/2022\/07\/Zukunftsplan-Hoffnung-Weltgebetstag-der-Frauen-in-Soegel-1-300x174.jpg 300w, https:\/\/www.forum-soegel.de\/information\/wp-content\/uploads\/2022\/07\/Zukunftsplan-Hoffnung-Weltgebetstag-der-Frauen-in-Soegel-1-768x445.jpg 768w, https:\/\/www.forum-soegel.de\/information\/wp-content\/uploads\/2022\/07\/Zukunftsplan-Hoffnung-Weltgebetstag-der-Frauen-in-Soegel-1-1536x891.jpg 1536w, https:\/\/www.forum-soegel.de\/information\/wp-content\/uploads\/2022\/07\/Zukunftsplan-Hoffnung-Weltgebetstag-der-Frauen-in-Soegel-1-2048x1187.jpg 2048w\" sizes=\"auto, (max-width: 1024px) 100vw, 1024px\" \/><\/a><\/figure>\n<figcaption class=\"blocks-gallery-caption\">Sie gestalteten den Gottesdienst: v.li.n.r.: Renate Herm\u00fchlen, Valentina M\u00fcller, Monika Eveld, Walburga W\u00fcbben, Andrea Dominik, Maria Benten, Thea Lange, Gertrud Meiners, Elfriede Binner, Tanja Schepers-Kraus, Marion Graf u. Irmgard Schlangen-Otten.<\/figcaption><\/figure>\n\n\n\n<p><\/p>\n","protected":false},"excerpt":{"rendered":"S\u00f6gel &#8211; Nach zwei Jahren coronabedingter Pause fand der \u00f6kumenische Gottesdienst zum diesj\u00e4hrigen Weltgebetstag der Frauen wieder statt, auch wenn er in den Juni verschoben werden musste. Renate Herm\u00fchlen vom Leitungsteam der kfd S\u00f6gel begr\u00fc\u00dfte die evangelischen und katholischen Frauen in der St. Jakobus-Kirche und sagte: \u201eDas Thema des heutigen \u00f6kumenischen Gottesdienstes lautet \u00b4Zukunftsplan Hoffnung\u00b4, [&hellip;]\n","protected":false},"author":2,"featured_media":0,"comment_status":"closed","ping_status":"closed","sticky":false,"template":"","format":"standard","meta":{"ngg_post_thumbnail":0,"footnotes":""},"categories":[868],"tags":[],"class_list":["post-32530","post","type-post","status-publish","format-standard","hentry","category-zwischen-himmel-und-erde"],"_links":{"self":[{"href":"https:\/\/www.forum-soegel.de\/information\/wp-json\/wp\/v2\/posts\/32530","targetHints":{"allow":["GET"]}}],"collection":[{"href":"https:\/\/www.forum-soegel.de\/information\/wp-json\/wp\/v2\/posts"}],"about":[{"href":"https:\/\/www.forum-soegel.de\/information\/wp-json\/wp\/v2\/types\/post"}],"author":[{"embeddable":true,"href":"https:\/\/www.forum-soegel.de\/information\/wp-json\/wp\/v2\/users\/2"}],"replies":[{"embeddable":true,"href":"https:\/\/www.forum-soegel.de\/information\/wp-json\/wp\/v2\/comments?post=32530"}],"version-history":[{"count":2,"href":"https:\/\/www.forum-soegel.de\/information\/wp-json\/wp\/v2\/posts\/32530\/revisions"}],"predecessor-version":[{"id":32536,"href":"https:\/\/www.forum-soegel.de\/information\/wp-json\/wp\/v2\/posts\/32530\/revisions\/32536"}],"wp:attachment":[{"href":"https:\/\/www.forum-soegel.de\/information\/wp-json\/wp\/v2\/media?parent=32530"}],"wp:term":[{"taxonomy":"category","embeddable":true,"href":"https:\/\/www.forum-soegel.de\/information\/wp-json\/wp\/v2\/categories?post=32530"},{"taxonomy":"post_tag","embeddable":true,"href":"https:\/\/www.forum-soegel.de\/information\/wp-json\/wp\/v2\/tags?post=32530"}],"curies":[{"name":"wp","href":"https:\/\/api.w.org\/{rel}","templated":true}]}}