{"id":32527,"date":"2022-07-06T15:05:20","date_gmt":"2022-07-06T13:05:20","guid":{"rendered":"https:\/\/www.forum-soegel.de\/information\/?p=32527"},"modified":"2022-07-06T15:05:20","modified_gmt":"2022-07-06T13:05:20","slug":"vaetererzaehlwerkstatt-im-familienzentrum-st-jakobus","status":"publish","type":"post","link":"https:\/\/www.forum-soegel.de\/information\/2022\/07\/vaetererzaehlwerkstatt-im-familienzentrum-st-jakobus\/","title":{"rendered":"V\u00e4tererz\u00e4hlwerkstatt im Familienzentrum St. Jakobus"},"content":{"rendered":"\n<p>S\u00f6gel &#8211; 21 V\u00e4ter haben sich gemeinsam mit Pfarrer J\u00fcrgen Krallmann und der Leitung Irmgard Welling zu einem Abend f\u00fcr V\u00e4ter getroffen.<\/p>\n\n\n\n<p>Gespr\u00e4chsimpulse des Abends war die Rolle des Vaters in der Familie, die Liebe zu seinen Kindern, die Coronakrise, der Krieg aus aktuellem Anlass und das Gebet mit dem Kind.<\/p>\n\n\n\n<p>Irmgard Welling erl\u00e4uterte die Bed\u00fcrfnisse der Kinder in dieser Zeit und die beruhigende Wirkung des Vaters in seiner Rolle, der dem Kind Liebe, Sicherheit und Zuversicht gibt. Die Bedeutung des Gebetes in der Familie, die gemeinsame Zeit, das Kuscheln mit dem Papa und die Zuwendung und das Lob des Vaters sind f\u00fcr das Kind essenziell.&nbsp;<\/p>\n\n\n\n<p>Anschlie\u00dfend sprach Pfarrer J\u00fcrgen Krallmann ein Segensgebet f\u00fcr die Familien.<\/p>\n\n\n\n<p>Text\/Foto: Irmgard Welling<\/p>\n\n\n\n<figure class=\"wp-block-gallery has-nested-images columns-default is-cropped wp-block-gallery-1 is-layout-flex wp-block-gallery-is-layout-flex\">\n<figure class=\"wp-block-image size-large\"><img loading=\"lazy\" decoding=\"async\" width=\"1024\" height=\"576\" data-id=\"32528\" src=\"https:\/\/www.forum-soegel.de\/information\/wp-content\/uploads\/2022\/07\/Vaetererzaehlwerkstatt-im-Familienzentrum-St.-Jakobus-1024x576.jpg\" alt=\"\" class=\"wp-image-32528\" srcset=\"https:\/\/www.forum-soegel.de\/information\/wp-content\/uploads\/2022\/07\/Vaetererzaehlwerkstatt-im-Familienzentrum-St.-Jakobus-1024x576.jpg 1024w, https:\/\/www.forum-soegel.de\/information\/wp-content\/uploads\/2022\/07\/Vaetererzaehlwerkstatt-im-Familienzentrum-St.-Jakobus-300x169.jpg 300w, https:\/\/www.forum-soegel.de\/information\/wp-content\/uploads\/2022\/07\/Vaetererzaehlwerkstatt-im-Familienzentrum-St.-Jakobus-768x432.jpg 768w, https:\/\/www.forum-soegel.de\/information\/wp-content\/uploads\/2022\/07\/Vaetererzaehlwerkstatt-im-Familienzentrum-St.-Jakobus-1536x864.jpg 1536w, https:\/\/www.forum-soegel.de\/information\/wp-content\/uploads\/2022\/07\/Vaetererzaehlwerkstatt-im-Familienzentrum-St.-Jakobus-2048x1152.jpg 2048w\" sizes=\"auto, (max-width: 1024px) 100vw, 1024px\" \/><\/figure>\n<\/figure>\n","protected":false},"excerpt":{"rendered":"S\u00f6gel &#8211; 21 V\u00e4ter haben sich gemeinsam mit Pfarrer J\u00fcrgen Krallmann und der Leitung Irmgard Welling zu einem Abend f\u00fcr V\u00e4ter getroffen. Gespr\u00e4chsimpulse des Abends war die Rolle des Vaters in der Familie, die Liebe zu seinen Kindern, die Coronakrise, der Krieg aus aktuellem Anlass und das Gebet mit dem Kind. Irmgard Welling erl\u00e4uterte die [&hellip;]\n","protected":false},"author":2,"featured_media":0,"comment_status":"closed","ping_status":"closed","sticky":false,"template":"","format":"standard","meta":{"ngg_post_thumbnail":0,"footnotes":""},"categories":[868],"tags":[],"class_list":["post-32527","post","type-post","status-publish","format-standard","hentry","category-zwischen-himmel-und-erde"],"_links":{"self":[{"href":"https:\/\/www.forum-soegel.de\/information\/wp-json\/wp\/v2\/posts\/32527","targetHints":{"allow":["GET"]}}],"collection":[{"href":"https:\/\/www.forum-soegel.de\/information\/wp-json\/wp\/v2\/posts"}],"about":[{"href":"https:\/\/www.forum-soegel.de\/information\/wp-json\/wp\/v2\/types\/post"}],"author":[{"embeddable":true,"href":"https:\/\/www.forum-soegel.de\/information\/wp-json\/wp\/v2\/users\/2"}],"replies":[{"embeddable":true,"href":"https:\/\/www.forum-soegel.de\/information\/wp-json\/wp\/v2\/comments?post=32527"}],"version-history":[{"count":1,"href":"https:\/\/www.forum-soegel.de\/information\/wp-json\/wp\/v2\/posts\/32527\/revisions"}],"predecessor-version":[{"id":32529,"href":"https:\/\/www.forum-soegel.de\/information\/wp-json\/wp\/v2\/posts\/32527\/revisions\/32529"}],"wp:attachment":[{"href":"https:\/\/www.forum-soegel.de\/information\/wp-json\/wp\/v2\/media?parent=32527"}],"wp:term":[{"taxonomy":"category","embeddable":true,"href":"https:\/\/www.forum-soegel.de\/information\/wp-json\/wp\/v2\/categories?post=32527"},{"taxonomy":"post_tag","embeddable":true,"href":"https:\/\/www.forum-soegel.de\/information\/wp-json\/wp\/v2\/tags?post=32527"}],"curies":[{"name":"wp","href":"https:\/\/api.w.org\/{rel}","templated":true}]}}