{"id":32520,"date":"2022-07-06T15:02:13","date_gmt":"2022-07-06T13:02:13","guid":{"rendered":"https:\/\/www.forum-soegel.de\/information\/?p=32520"},"modified":"2022-07-06T15:02:13","modified_gmt":"2022-07-06T13:02:13","slug":"krippenwagen-fuer-den-kindergarten-luetke-luee-in-boerger","status":"publish","type":"post","link":"https:\/\/www.forum-soegel.de\/information\/2022\/07\/krippenwagen-fuer-den-kindergarten-luetke-luee-in-boerger\/","title":{"rendered":"Krippenwagen f\u00fcr den Kindergarten L\u00fctke L\u00fce in B\u00f6rger"},"content":{"rendered":"\n<p>B\u00f6rger &#8211; Ab nach drau\u00dfen, Natur und Umgebung bei ausgedehnten Spazierg\u00e4ngen erkunden: Zugegeben, das macht gerade den J\u00fcngsten noch viel mehr Spa\u00df, wenn sie zwischendurch verschnaufen k\u00f6nnen. F\u00fcr die Krippengruppe des Kindergartens L\u00fctke L\u00fce in B\u00f6rger steht dazu nun ein weiterer Krippenwagen zur Verf\u00fcgung: Die sechs Pl\u00e4tze, allesamt herrlich bequem, sind bei den J\u00fcngsten hei\u00df begehrt. M\u00f6glich gemacht hat die Anschaffung des neuen Gef\u00e4hrts, ausger\u00fcstet mit Sicherheitsgurten, die Firma Naturstrom Fleer in B\u00f6rger. F\u00fcr die Erzieherinnen ist die Sachspende eine \u00fcberaus willkommene Geste: Leicht und fl\u00fcssig ist der Krippenwagen auch mit voller Besetzung zu schieben. Entsprechend gl\u00fccklich zeigte sich Kindergartenleiterin Karina L\u00fcckenjans \u00fcber die Zuwendung und sprach im Namen des gesamten Teams einen herzlichen Dank aus.<\/p>\n\n\n\n<p>Text\/Foto: Kita L\u00fctke L\u00fce, B\u00f6rger<\/p>\n\n\n\n<p><\/p>\n\n\n\n<figure class=\"wp-block-image size-full\"><a href=\"https:\/\/www.forum-soegel.de\/information\/wp-content\/uploads\/2022\/07\/Krippenwagen-fuer-den-Kindergarten-Luetke-Luee-in-Boerger-e1657112440852.jpg\"><img loading=\"lazy\" decoding=\"async\" width=\"725\" height=\"693\" src=\"https:\/\/www.forum-soegel.de\/information\/wp-content\/uploads\/2022\/07\/Krippenwagen-fuer-den-Kindergarten-Luetke-Luee-in-Boerger-e1657112440852.jpg\" alt=\"\" class=\"wp-image-32521\" srcset=\"https:\/\/www.forum-soegel.de\/information\/wp-content\/uploads\/2022\/07\/Krippenwagen-fuer-den-Kindergarten-Luetke-Luee-in-Boerger-e1657112440852.jpg 725w, https:\/\/www.forum-soegel.de\/information\/wp-content\/uploads\/2022\/07\/Krippenwagen-fuer-den-Kindergarten-Luetke-Luee-in-Boerger-e1657112440852-300x287.jpg 300w\" sizes=\"auto, (max-width: 725px) 100vw, 725px\" \/><\/a><\/figure>\n","protected":false},"excerpt":{"rendered":"B\u00f6rger &#8211; Ab nach drau\u00dfen, Natur und Umgebung bei ausgedehnten Spazierg\u00e4ngen erkunden: Zugegeben, das macht gerade den J\u00fcngsten noch viel mehr Spa\u00df, wenn sie zwischendurch verschnaufen k\u00f6nnen. F\u00fcr die Krippengruppe des Kindergartens L\u00fctke L\u00fce in B\u00f6rger steht dazu nun ein weiterer Krippenwagen zur Verf\u00fcgung: Die sechs Pl\u00e4tze, allesamt herrlich bequem, sind bei den J\u00fcngsten hei\u00df [&hellip;]\n","protected":false},"author":2,"featured_media":0,"comment_status":"closed","ping_status":"closed","sticky":false,"template":"","format":"standard","meta":{"ngg_post_thumbnail":0,"footnotes":""},"categories":[868],"tags":[],"class_list":["post-32520","post","type-post","status-publish","format-standard","hentry","category-zwischen-himmel-und-erde"],"_links":{"self":[{"href":"https:\/\/www.forum-soegel.de\/information\/wp-json\/wp\/v2\/posts\/32520","targetHints":{"allow":["GET"]}}],"collection":[{"href":"https:\/\/www.forum-soegel.de\/information\/wp-json\/wp\/v2\/posts"}],"about":[{"href":"https:\/\/www.forum-soegel.de\/information\/wp-json\/wp\/v2\/types\/post"}],"author":[{"embeddable":true,"href":"https:\/\/www.forum-soegel.de\/information\/wp-json\/wp\/v2\/users\/2"}],"replies":[{"embeddable":true,"href":"https:\/\/www.forum-soegel.de\/information\/wp-json\/wp\/v2\/comments?post=32520"}],"version-history":[{"count":1,"href":"https:\/\/www.forum-soegel.de\/information\/wp-json\/wp\/v2\/posts\/32520\/revisions"}],"predecessor-version":[{"id":32523,"href":"https:\/\/www.forum-soegel.de\/information\/wp-json\/wp\/v2\/posts\/32520\/revisions\/32523"}],"wp:attachment":[{"href":"https:\/\/www.forum-soegel.de\/information\/wp-json\/wp\/v2\/media?parent=32520"}],"wp:term":[{"taxonomy":"category","embeddable":true,"href":"https:\/\/www.forum-soegel.de\/information\/wp-json\/wp\/v2\/categories?post=32520"},{"taxonomy":"post_tag","embeddable":true,"href":"https:\/\/www.forum-soegel.de\/information\/wp-json\/wp\/v2\/tags?post=32520"}],"curies":[{"name":"wp","href":"https:\/\/api.w.org\/{rel}","templated":true}]}}