{"id":32518,"date":"2022-07-06T15:01:27","date_gmt":"2022-07-06T13:01:27","guid":{"rendered":"https:\/\/www.forum-soegel.de\/information\/?p=32518"},"modified":"2022-07-06T15:01:27","modified_gmt":"2022-07-06T13:01:27","slug":"das-urnenstelengrab-neue-bestattungsform-in-soegel","status":"publish","type":"post","link":"https:\/\/www.forum-soegel.de\/information\/2022\/07\/das-urnenstelengrab-neue-bestattungsform-in-soegel\/","title":{"rendered":"Das Urnenstelengrab &#8211; Neue Bestattungsform in S\u00f6gel \u2013"},"content":{"rendered":"\n<p>S\u00f6gel &#8211; Die Zahl der Erdbestattungen im Sarg nimmt auch in S\u00f6gel immer mehr ab. Auch bei uns wird deutlich, dass die Bestattungskultur im Wandel ist und immer mehr Verstorbene in einer Urne beigesetzt werden.<\/p>\n\n\n\n<p>Nun hat die Kirchengemeinde St. Jakobus vor einiger Zeit auf dem Friedhof im Bereich des Urnenfeldes eine sechseckige Stele aus schwarzem Granit auf einem abgegrenzten Urnenstelenfeld errichtet. Das Feld bietet Platz f\u00fcr 24 Urnenbeisetzungen. &nbsp;Eine Plakette auf der Stele tr\u00e4gt den Namen und die Lebensdaten des Verstorbenen.<\/p>\n\n\n\n<p>Diese neue Form der Bestattung bedeutet f\u00fcr die Angeh\u00f6rigen, dass die Grabpflege f\u00fcr sie entf\u00e4llt, denn diese \u00fcbernimmt der Friedhofstr\u00e4ger. Die Liegezeit der Urne betr\u00e4gt wie bei den Urnenrasengr\u00e4bern 20 Jahre.<\/p>\n\n\n\n<p>Die Kirchengemeinde hofft, mit diesem Stelenfeld eine Bestattungsm\u00f6glichkeit geschaffen zu haben, die sowohl f\u00fcr Angeh\u00f6rige der Verstorbenen eine w\u00fcrdevolle, als auch f\u00fcr die Friedhofsverwaltung pflegeleichte Alternative zu den bisherigen Grabst\u00e4tten bietet.<\/p>\n\n\n\n<p>Bei Fragen zum Urnenstelenfeld oder sonstigen Fragen den Friedhof betreffend wenden Sie sich gerne an die Friedhofs Rendantin, Frau Maria Wilmes im Pfarrb\u00fcro der Katholischen Kirchengemeinde S\u00f6gel, Tel. 05952\/ 9909130.<\/p>\n\n\n\n<p>Text\/Foto: Gisela Arling<\/p>\n\n\n\n<figure class=\"wp-block-gallery has-nested-images columns-default is-cropped wp-block-gallery-1 is-layout-flex wp-block-gallery-is-layout-flex\">\n<figure class=\"wp-block-image\"><img decoding=\"async\" src=\"blob:https:\/\/www.forum-soegel.de\/9ead0a83-daa0-4bce-8f2c-8a2f616bc35f\" alt=\"\"\/><\/figure>\n<\/figure>\n","protected":false},"excerpt":{"rendered":"S\u00f6gel &#8211; Die Zahl der Erdbestattungen im Sarg nimmt auch in S\u00f6gel immer mehr ab. Auch bei uns wird deutlich, dass die Bestattungskultur im Wandel ist und immer mehr Verstorbene in einer Urne beigesetzt werden. Nun hat die Kirchengemeinde St. Jakobus vor einiger Zeit auf dem Friedhof im Bereich des Urnenfeldes eine sechseckige Stele aus [&hellip;]\n","protected":false},"author":2,"featured_media":0,"comment_status":"closed","ping_status":"closed","sticky":false,"template":"","format":"standard","meta":{"ngg_post_thumbnail":0,"footnotes":""},"categories":[868],"tags":[],"class_list":["post-32518","post","type-post","status-publish","format-standard","hentry","category-zwischen-himmel-und-erde"],"_links":{"self":[{"href":"https:\/\/www.forum-soegel.de\/information\/wp-json\/wp\/v2\/posts\/32518","targetHints":{"allow":["GET"]}}],"collection":[{"href":"https:\/\/www.forum-soegel.de\/information\/wp-json\/wp\/v2\/posts"}],"about":[{"href":"https:\/\/www.forum-soegel.de\/information\/wp-json\/wp\/v2\/types\/post"}],"author":[{"embeddable":true,"href":"https:\/\/www.forum-soegel.de\/information\/wp-json\/wp\/v2\/users\/2"}],"replies":[{"embeddable":true,"href":"https:\/\/www.forum-soegel.de\/information\/wp-json\/wp\/v2\/comments?post=32518"}],"version-history":[{"count":1,"href":"https:\/\/www.forum-soegel.de\/information\/wp-json\/wp\/v2\/posts\/32518\/revisions"}],"predecessor-version":[{"id":32522,"href":"https:\/\/www.forum-soegel.de\/information\/wp-json\/wp\/v2\/posts\/32518\/revisions\/32522"}],"wp:attachment":[{"href":"https:\/\/www.forum-soegel.de\/information\/wp-json\/wp\/v2\/media?parent=32518"}],"wp:term":[{"taxonomy":"category","embeddable":true,"href":"https:\/\/www.forum-soegel.de\/information\/wp-json\/wp\/v2\/categories?post=32518"},{"taxonomy":"post_tag","embeddable":true,"href":"https:\/\/www.forum-soegel.de\/information\/wp-json\/wp\/v2\/tags?post=32518"}],"curies":[{"name":"wp","href":"https:\/\/api.w.org\/{rel}","templated":true}]}}