{"id":32515,"date":"2022-07-06T14:57:26","date_gmt":"2022-07-06T12:57:26","guid":{"rendered":"https:\/\/www.forum-soegel.de\/information\/?p=32515"},"modified":"2022-07-06T14:57:26","modified_gmt":"2022-07-06T12:57:26","slug":"aufregung-im-stall-besuch-auf-dem-bauernhof","status":"publish","type":"post","link":"https:\/\/www.forum-soegel.de\/information\/2022\/07\/aufregung-im-stall-besuch-auf-dem-bauernhof\/","title":{"rendered":"Aufregung im Stall &#8211; Besuch auf dem Bauernhof"},"content":{"rendered":"\n<p>B\u00f6rger &#8211; In den letzten Wochen hat sich die Kindertagesst\u00e4tte L\u00fctke L\u00fce in B\u00f6rger mit dem Thema Bauernhof und Leben auf dem Bauernhof besch\u00e4ftigt. Im Kindergarten haben die Kinder in B\u00fcchern und Geschichten schon viel \u00fcber das Leben auf einem Bauernhof und dessen Tiere erfahren, aber echte Tiere zu erleben ist noch viel aufregender. Daher haben sich die Kinder der Schmetterlingsgruppe auf den Weg zu Landwirt Claus W\u00f6ste gemacht. Rund 20 Kinder besuchten gemeinsam mit den Erzieherinnen einen Putenstall der Familie W\u00f6ste in B\u00f6rger. Landwirt Claus W\u00f6ste zeigte, neben vielen Erkl\u00e4rungen, was ein Landwirt eigentlich macht, den Kindern seine gerade erst ein paar Tage alten K\u00fcken. In voller Schutzkleidung durfte jedes Kind einmal sich die K\u00fcken genauer ansehen und streicheln. Auch der landwirtschaftliche Ortsverein B\u00f6rger war an diesem Tag vor Ort. Sie zeigten den Kindern landwirtschaftliche Nutzfahrzeuge und deren Bedeutung.<\/p>\n\n\n\n<p>Auch die Krippengruppe der Einrichtung bekam an diesem Tag Besuch. Zwei Landwirte aus B\u00f6rger sorgten f\u00fcr gro\u00dfe Aufregung bei den Kleinsten der Einrichtung. Landwirt Thomas Funke und Lohnunternehmen Gerdes aus B\u00f6rger kamen mit zwei gro\u00dfen Traktoren vorbei. Sehen und stauen war an diesem Tag Programm.<\/p>\n\n\n\n<p>Text\/Foto: Kita L\u00fctke L\u00fce, B\u00f6rger<\/p>\n\n\n\n<figure class=\"wp-block-gallery has-nested-images columns-default is-cropped wp-block-gallery-1 is-layout-flex wp-block-gallery-is-layout-flex\">\n<figure class=\"wp-block-image size-large\"><a href=\"https:\/\/www.forum-soegel.de\/information\/wp-content\/uploads\/2022\/07\/Aufregung-im-Stall_Besuch-auf-dem-Bauernhof.jpg\"><img loading=\"lazy\" decoding=\"async\" width=\"1024\" height=\"663\" data-id=\"32516\" src=\"https:\/\/www.forum-soegel.de\/information\/wp-content\/uploads\/2022\/07\/Aufregung-im-Stall_Besuch-auf-dem-Bauernhof-1024x663.jpg\" alt=\"\" class=\"wp-image-32516\" srcset=\"https:\/\/www.forum-soegel.de\/information\/wp-content\/uploads\/2022\/07\/Aufregung-im-Stall_Besuch-auf-dem-Bauernhof-1024x663.jpg 1024w, https:\/\/www.forum-soegel.de\/information\/wp-content\/uploads\/2022\/07\/Aufregung-im-Stall_Besuch-auf-dem-Bauernhof-300x194.jpg 300w, https:\/\/www.forum-soegel.de\/information\/wp-content\/uploads\/2022\/07\/Aufregung-im-Stall_Besuch-auf-dem-Bauernhof-768x497.jpg 768w, https:\/\/www.forum-soegel.de\/information\/wp-content\/uploads\/2022\/07\/Aufregung-im-Stall_Besuch-auf-dem-Bauernhof.jpg 1186w\" sizes=\"auto, (max-width: 1024px) 100vw, 1024px\" \/><\/a><\/figure>\n<\/figure>\n","protected":false},"excerpt":{"rendered":"B\u00f6rger &#8211; In den letzten Wochen hat sich die Kindertagesst\u00e4tte L\u00fctke L\u00fce in B\u00f6rger mit dem Thema Bauernhof und Leben auf dem Bauernhof besch\u00e4ftigt. Im Kindergarten haben die Kinder in B\u00fcchern und Geschichten schon viel \u00fcber das Leben auf einem Bauernhof und dessen Tiere erfahren, aber echte Tiere zu erleben ist noch viel aufregender. Daher [&hellip;]\n","protected":false},"author":2,"featured_media":0,"comment_status":"closed","ping_status":"closed","sticky":false,"template":"","format":"standard","meta":{"ngg_post_thumbnail":0,"footnotes":""},"categories":[868],"tags":[],"class_list":["post-32515","post","type-post","status-publish","format-standard","hentry","category-zwischen-himmel-und-erde"],"_links":{"self":[{"href":"https:\/\/www.forum-soegel.de\/information\/wp-json\/wp\/v2\/posts\/32515","targetHints":{"allow":["GET"]}}],"collection":[{"href":"https:\/\/www.forum-soegel.de\/information\/wp-json\/wp\/v2\/posts"}],"about":[{"href":"https:\/\/www.forum-soegel.de\/information\/wp-json\/wp\/v2\/types\/post"}],"author":[{"embeddable":true,"href":"https:\/\/www.forum-soegel.de\/information\/wp-json\/wp\/v2\/users\/2"}],"replies":[{"embeddable":true,"href":"https:\/\/www.forum-soegel.de\/information\/wp-json\/wp\/v2\/comments?post=32515"}],"version-history":[{"count":1,"href":"https:\/\/www.forum-soegel.de\/information\/wp-json\/wp\/v2\/posts\/32515\/revisions"}],"predecessor-version":[{"id":32517,"href":"https:\/\/www.forum-soegel.de\/information\/wp-json\/wp\/v2\/posts\/32515\/revisions\/32517"}],"wp:attachment":[{"href":"https:\/\/www.forum-soegel.de\/information\/wp-json\/wp\/v2\/media?parent=32515"}],"wp:term":[{"taxonomy":"category","embeddable":true,"href":"https:\/\/www.forum-soegel.de\/information\/wp-json\/wp\/v2\/categories?post=32515"},{"taxonomy":"post_tag","embeddable":true,"href":"https:\/\/www.forum-soegel.de\/information\/wp-json\/wp\/v2\/tags?post=32515"}],"curies":[{"name":"wp","href":"https:\/\/api.w.org\/{rel}","templated":true}]}}