{"id":32505,"date":"2022-07-06T14:53:51","date_gmt":"2022-07-06T12:53:51","guid":{"rendered":"https:\/\/www.forum-soegel.de\/information\/?p=32505"},"modified":"2022-07-06T14:53:51","modified_gmt":"2022-07-06T12:53:51","slug":"schlossgefluester-im-drk-tagestreff","status":"publish","type":"post","link":"https:\/\/www.forum-soegel.de\/information\/2022\/07\/schlossgefluester-im-drk-tagestreff\/","title":{"rendered":"Schlossgefl\u00fcster im DRK-Tagestreff"},"content":{"rendered":"\n<p><strong>Volles Programm f\u00fcr Tagestreff-G\u00e4ste im Juni<\/strong><\/p>\n\n\n\n<p>S\u00f6gel &#8211; Nach der Ackerpause, w\u00e4hrend der die Tagestreff-G\u00e4ste des DRK gemeinsam Gem\u00fcse in einer Kiste gro\u00dfgezogen haben, war auch der Juni mit vielen Aktionen und Aktivit\u00e4ten gespickt. Unter dem Motto \u201eSchlossgefl\u00fcster\u201c hat Katharina Pranger ein buntes Programm f\u00fcr die Seniorinnen und die Senioren im DRK-Tagestreff erarbeitet. So fanden Ausfl\u00fcge mit Picknick im Schlosspark und Spazierg\u00e4nge im Ludmillenhof statt. Es gab Schlossmusik im Tagestreff, f\u00fcr die eigens eine Blaskapelle, Jagdhornbl\u00e4ser und Ch\u00f6re eingeladen wurden. Unter dem Motto \u201eKaffee und Kuchen bei Hofe\u201c, genossen die G\u00e4ste leckere Torten, Kuchen und Kaffee und trainierten dabei gleichzeitig ihr Ged\u00e4chtnis zu Fragen und Spielen rund ums Schloss. Tag f\u00fcr Tag freuten sich die G\u00e4ste auf Neues, wie beispielsweise zum Thema Sagen, M\u00e4rchen und Erlebnisse. Dazu waren zahlreich G\u00e4ste eingeladenen. Und so plauderten Altb\u00fcrgermeister Heiner Wellenbrock, Pfarrer Voss, Pater Edmund und Pastor Krallman aus dem N\u00e4hk\u00e4stchen oder hielten eine Messe.<\/p>\n\n\n\n<p>So hat z. B. Pastor Krallmann die ein oder andere Geschichte rund ums Schloss Clemenswerth aus \u201eseinem N\u00e4hk\u00e4stchen\u201c erz\u00e4hlt, wobei die Tagestreff G\u00e4ste gespannt zuh\u00f6rten und erfreut waren, dass er sich die Zeit nahm, um auch mit ihnen gemeinsam zu essen und pers\u00f6nliche Gespr\u00e4che zu f\u00fchren. Dabei haben die G\u00e4ste auch \u00fcber ihre Erfahrungen mit dem Schloss berichtet, wobei Christi Himmelfahrt und die gro\u00dfe Messe im Schlosspark immer wieder zur Sprache kamen. Der Austausch mit Harener Landwirten und K\u00fcnstlern stand ebenso auf dem Programm, wie das Thema \u201eLasset die Spiele beginnen\u201c, in der eine Spielewoche mit Fuchsjagd, Pferderennen und Co. f\u00fcr die G\u00e4ste auf der Agenda stand. Grill-Partys, gemeinsames Essen oder Kaffee und Kuchen mit den eingeladenen G\u00e4sten rundeten das \u201eSchlossgefl\u00fcster\u201c ab und sorgten bei den Tagestreff G\u00e4sten f\u00fcr Heiterkeit, gute Stimmung und abwechslungsreiche Tage, die keine Zeit f\u00fcr Langeweile lie\u00dfen. Ein Highlight war der Besuch der Falknerin Nicole Lehmk\u00fchler mit ihrer Tochter Luise. Die 9-j\u00e4hrige hat ihren Buntfalken Pandorondo bereits vor 3 Jahren bekommen und selbst gro\u00dfgezogen. So gab es f\u00fcr die Tagestreff-G\u00e4ste viel vom Erlebten zu erz\u00e4hlen, wenn sie am Nachmittag zufrieden nach Hause kamen. Man darf gespannt sein, was sich Frau Pranger und ihr Team noch einfallen lassen, um den DRKTagestreff G\u00e4sten auch weiterhin abwechslungsreiche und unterhaltsame Tage zu bereiten.<\/p>\n\n\n\n<p>Text\/Foto: Frank G\u00e4bler<\/p>\n\n\n\n<figure class=\"wp-block-gallery has-nested-images columns-1 is-cropped wp-block-gallery-1 is-layout-flex wp-block-gallery-is-layout-flex\">\n<figure class=\"wp-block-image size-large\"><a href=\"https:\/\/www.forum-soegel.de\/information\/wp-content\/uploads\/2022\/07\/Schlossgefluester-im-DRK-Tagestreff-2.jpg\"><img loading=\"lazy\" decoding=\"async\" width=\"728\" height=\"90\" data-id=\"32506\" src=\"https:\/\/www.forum-soegel.de\/information\/wp-content\/uploads\/2022\/07\/Schlossgefluester-im-DRK-Tagestreff-2.jpg\" alt=\"\" class=\"wp-image-32506\" srcset=\"https:\/\/www.forum-soegel.de\/information\/wp-content\/uploads\/2022\/07\/Schlossgefluester-im-DRK-Tagestreff-2.jpg 728w, https:\/\/www.forum-soegel.de\/information\/wp-content\/uploads\/2022\/07\/Schlossgefluester-im-DRK-Tagestreff-2-300x37.jpg 300w\" sizes=\"auto, (max-width: 728px) 100vw, 728px\" \/><\/a><\/figure>\n\n\n\n<figure class=\"wp-block-image size-large\"><a href=\"https:\/\/www.forum-soegel.de\/information\/wp-content\/uploads\/2022\/07\/Schlossgefluester-im-DRK-Tagestreff-3.jpg\"><img loading=\"lazy\" decoding=\"async\" width=\"461\" height=\"1024\" data-id=\"32507\" src=\"https:\/\/www.forum-soegel.de\/information\/wp-content\/uploads\/2022\/07\/Schlossgefluester-im-DRK-Tagestreff-3-461x1024.jpg\" alt=\"\" class=\"wp-image-32507\" srcset=\"https:\/\/www.forum-soegel.de\/information\/wp-content\/uploads\/2022\/07\/Schlossgefluester-im-DRK-Tagestreff-3-461x1024.jpg 461w, https:\/\/www.forum-soegel.de\/information\/wp-content\/uploads\/2022\/07\/Schlossgefluester-im-DRK-Tagestreff-3-135x300.jpg 135w, https:\/\/www.forum-soegel.de\/information\/wp-content\/uploads\/2022\/07\/Schlossgefluester-im-DRK-Tagestreff-3-691x1536.jpg 691w, https:\/\/www.forum-soegel.de\/information\/wp-content\/uploads\/2022\/07\/Schlossgefluester-im-DRK-Tagestreff-3.jpg 720w\" sizes=\"auto, (max-width: 461px) 100vw, 461px\" \/><\/a><\/figure>\n\n\n\n<figure class=\"wp-block-image size-large\"><a href=\"https:\/\/www.forum-soegel.de\/information\/wp-content\/uploads\/2022\/07\/Schlossgefluester-im-DRK-Tagestreff-4-scaled.jpg\"><img loading=\"lazy\" decoding=\"async\" width=\"768\" height=\"1024\" data-id=\"32508\" src=\"https:\/\/www.forum-soegel.de\/information\/wp-content\/uploads\/2022\/07\/Schlossgefluester-im-DRK-Tagestreff-4-768x1024.jpg\" alt=\"\" class=\"wp-image-32508\" srcset=\"https:\/\/www.forum-soegel.de\/information\/wp-content\/uploads\/2022\/07\/Schlossgefluester-im-DRK-Tagestreff-4-768x1024.jpg 768w, https:\/\/www.forum-soegel.de\/information\/wp-content\/uploads\/2022\/07\/Schlossgefluester-im-DRK-Tagestreff-4-225x300.jpg 225w, https:\/\/www.forum-soegel.de\/information\/wp-content\/uploads\/2022\/07\/Schlossgefluester-im-DRK-Tagestreff-4-1152x1536.jpg 1152w, https:\/\/www.forum-soegel.de\/information\/wp-content\/uploads\/2022\/07\/Schlossgefluester-im-DRK-Tagestreff-4-1536x2048.jpg 1536w, https:\/\/www.forum-soegel.de\/information\/wp-content\/uploads\/2022\/07\/Schlossgefluester-im-DRK-Tagestreff-4-scaled.jpg 1920w\" sizes=\"auto, (max-width: 768px) 100vw, 768px\" \/><\/a><\/figure>\n\n\n\n<figure class=\"wp-block-image size-large\"><a href=\"https:\/\/www.forum-soegel.de\/information\/wp-content\/uploads\/2022\/07\/Schlossgefluester-im-DRK-Tagestreff-1-scaled.jpg\"><img loading=\"lazy\" decoding=\"async\" width=\"1024\" height=\"683\" data-id=\"32509\" src=\"https:\/\/www.forum-soegel.de\/information\/wp-content\/uploads\/2022\/07\/Schlossgefluester-im-DRK-Tagestreff-1-1024x683.jpg\" alt=\"\" class=\"wp-image-32509\" srcset=\"https:\/\/www.forum-soegel.de\/information\/wp-content\/uploads\/2022\/07\/Schlossgefluester-im-DRK-Tagestreff-1-1024x683.jpg 1024w, https:\/\/www.forum-soegel.de\/information\/wp-content\/uploads\/2022\/07\/Schlossgefluester-im-DRK-Tagestreff-1-300x200.jpg 300w, https:\/\/www.forum-soegel.de\/information\/wp-content\/uploads\/2022\/07\/Schlossgefluester-im-DRK-Tagestreff-1-768x512.jpg 768w, https:\/\/www.forum-soegel.de\/information\/wp-content\/uploads\/2022\/07\/Schlossgefluester-im-DRK-Tagestreff-1-1536x1024.jpg 1536w, https:\/\/www.forum-soegel.de\/information\/wp-content\/uploads\/2022\/07\/Schlossgefluester-im-DRK-Tagestreff-1-2048x1365.jpg 2048w\" sizes=\"auto, (max-width: 1024px) 100vw, 1024px\" \/><\/a><\/figure>\n<\/figure>\n","protected":false},"excerpt":{"rendered":"Volles Programm f\u00fcr Tagestreff-G\u00e4ste im Juni S\u00f6gel &#8211; Nach der Ackerpause, w\u00e4hrend der die Tagestreff-G\u00e4ste des DRK gemeinsam Gem\u00fcse in einer Kiste gro\u00dfgezogen haben, war auch der Juni mit vielen Aktionen und Aktivit\u00e4ten gespickt. Unter dem Motto \u201eSchlossgefl\u00fcster\u201c hat Katharina Pranger ein buntes Programm f\u00fcr die Seniorinnen und die Senioren im DRK-Tagestreff erarbeitet. So fanden [&hellip;]\n","protected":false},"author":2,"featured_media":0,"comment_status":"closed","ping_status":"closed","sticky":false,"template":"","format":"standard","meta":{"ngg_post_thumbnail":0,"footnotes":""},"categories":[3],"tags":[],"class_list":["post-32505","post","type-post","status-publish","format-standard","hentry","category-aktuelles-aus-der-region"],"_links":{"self":[{"href":"https:\/\/www.forum-soegel.de\/information\/wp-json\/wp\/v2\/posts\/32505","targetHints":{"allow":["GET"]}}],"collection":[{"href":"https:\/\/www.forum-soegel.de\/information\/wp-json\/wp\/v2\/posts"}],"about":[{"href":"https:\/\/www.forum-soegel.de\/information\/wp-json\/wp\/v2\/types\/post"}],"author":[{"embeddable":true,"href":"https:\/\/www.forum-soegel.de\/information\/wp-json\/wp\/v2\/users\/2"}],"replies":[{"embeddable":true,"href":"https:\/\/www.forum-soegel.de\/information\/wp-json\/wp\/v2\/comments?post=32505"}],"version-history":[{"count":1,"href":"https:\/\/www.forum-soegel.de\/information\/wp-json\/wp\/v2\/posts\/32505\/revisions"}],"predecessor-version":[{"id":32510,"href":"https:\/\/www.forum-soegel.de\/information\/wp-json\/wp\/v2\/posts\/32505\/revisions\/32510"}],"wp:attachment":[{"href":"https:\/\/www.forum-soegel.de\/information\/wp-json\/wp\/v2\/media?parent=32505"}],"wp:term":[{"taxonomy":"category","embeddable":true,"href":"https:\/\/www.forum-soegel.de\/information\/wp-json\/wp\/v2\/categories?post=32505"},{"taxonomy":"post_tag","embeddable":true,"href":"https:\/\/www.forum-soegel.de\/information\/wp-json\/wp\/v2\/tags?post=32505"}],"curies":[{"name":"wp","href":"https:\/\/api.w.org\/{rel}","templated":true}]}}