{"id":32500,"date":"2022-07-06T14:50:26","date_gmt":"2022-07-06T12:50:26","guid":{"rendered":"https:\/\/www.forum-soegel.de\/information\/?p=32500"},"modified":"2022-07-06T14:50:26","modified_gmt":"2022-07-06T12:50:26","slug":"samtgemeindefeuerwehren-meistern-grossuebung","status":"publish","type":"post","link":"https:\/\/www.forum-soegel.de\/information\/2022\/07\/samtgemeindefeuerwehren-meistern-grossuebung\/","title":{"rendered":"Samtgemeindefeuerwehren meistern Gro\u00df\u00fcbung"},"content":{"rendered":"\n<p>Spahnharrenst\u00e4tte &#8211; \u201eBrand im Wald am Hellweg. Feuer droht auf Wohnsiedlung \u00fcberzugreifen. Personen vermisst.\u201c So lautete die Alarmierung der Freiwilligen Feuerwehren (FF) der Samtgemeinde S\u00f6gel. Die rund 100 Einsatzkr\u00e4fte meisterten die Gro\u00df\u00fcbung.<\/p>\n\n\n\n<p>Akribisch war die&nbsp;<a href=\"https:\/\/www.noz.de\/lokales\/soegel\/artikel\/feuerwehr-soegel-uebt-in-einem-abrisshaus-20513162\" target=\"_blank\" rel=\"noreferrer noopener\">Gro\u00df\u00fcbung<\/a>&nbsp;f\u00fcr die Feuerwehren der Samtgemeinde S\u00f6gel in den vergangenen Wochen vorbereitet worden. Rund 100 Einsatzkr\u00e4fte aus Spahnharrenst\u00e4tte, S\u00f6gel, B\u00f6rger, Ber\u00dfen und Werpeloh sowie die Einheit \u201eTechnische Einsatzleitung\/Information und Kommunikation\u201c (TEL\/IuK) Emsland-Nord waren schlie\u00dflich am Samstagnachmittag im Einsatz, um die Lage abzuarbeiten.<\/p>\n\n\n\n<p>Zun\u00e4chst war im \u00dcbungsszenario von dem Brand einer im Wald gelegenen Jagdh\u00fctte ausgegangen worden. Als sich dann beim Eintreffen der ersten Kr\u00e4fte der FF Spahnharrenst\u00e4tte herausstellte, dass mehrere Personen vermisst wurden und das Feuer auf die angrenzende Waldfl\u00e4che \u00fcbergegriffen hatte, wurde Gro\u00dfalarm f\u00fcr die f\u00fcnf Wehren der Samtgemeinde und die TEL\/IuK ausgel\u00f6st. Ein Einsatzschwerpunkt war die Suche und Rettung der vermissten Personen.<\/p>\n\n\n\n<h2 class=\"wp-block-heading\">Ein weiterer Gefahrenschwerpunkt bestand darin, dass die Wohnsiedlungen am Waldrand von dem sich schnell ausbreiteten Feuer erfasst werden konnten. Die Einsatzkr\u00e4fte hatten das mit Nebelkerzen simulierte Feuer schnell unter Kontrolle: Es wurden daf\u00fcr mehrere sogenannte Riegelstellungen aufgebaut, um die H\u00e4user des nahen Wohngebietes vor dem Feuer zu sch\u00fctzen. Daf\u00fcr mussten \u00fcber weite Strecken Schl\u00e4uche verlegt werden. Die Wasserversorgung war durch wasserf\u00fchrende L\u00f6schfahrzeuge und eine ausreichende Zahl von Hydranten gesichert. Mit dem Wasserwerfer des Tankl\u00f6schfahrzeuges TLF 4000 mit einer Wurfweite von 70 Metern konnte die Abriegelung effektiv unterst\u00fctzt werden. Gute Dienste bei der Personensuche und der Lagebeobachtung leisteten die Flugdrohnen der Feuerwehren S\u00f6gel und B\u00f6rger.<\/h2>\n\n\n\n<p>Parallel waren die dazu gerufenen Kameraden der Feuerwehr aus dem benachbarten Ber\u00dfen laut einer \u00dcbungseinlage in S\u00f6gel im Gewerbegebiet \u201eNordring\u201c im Einsatz, um dort eine Person zu retten, die auf einem Firmendach einen Unfall hatte. Zum Einsatz kam dabei auch die Drehleiter der Feuerwehr S\u00f6gel.<\/p>\n\n\n\n<p>Dier \u00dcbungsinhalte haben die Einsatzkr\u00e4fte, die unter der Gesamteinsatzleitung von Ortsbrandmeister Dieter Steenken standen, laut des Sprechers und unter der Beobachtung von S\u00f6gels Samtgemeindeb\u00fcrgermeister Frank Kla\u00df und Spahnharrenst\u00e4tte B\u00fcrgermeister Konrad L\u00fcnswilken sowie Gemeindebrandmeister Heinz L\u00fcckenjans gut gemeistert. Den Einsatz mit vier Unterabschnitten koordiniert hatten dabei die von Mathias Klahsen geleitete Technische Einsatzleitung (TEL) des Landkreises Emsland im Abschnitt Nord aus dem Einsatzleitwagen&nbsp;2&nbsp;(ELW 2) heraus. Der ELW 2 ist speziell f\u00fcr mittlere bis gr\u00f6\u00dfere Eins\u00e4tze vorgesehen.&nbsp;<\/p>\n\n\n\n<p>Insgesamt waren rund 100 Feuerwehrfrauen und -m\u00e4nner mit 15 Fahrzeugen im Einsatz. Sie wurden zum \u00dcbungsschluss mit einem Grillw\u00fcrstchen und einem kalten Getr\u00e4nk versorgt.<\/p>\n\n\n\n<p>Text\/Foto: Lambert Brand<\/p>\n\n\n\n<figure class=\"wp-block-image size-large\"><a href=\"https:\/\/www.forum-soegel.de\/information\/wp-content\/uploads\/2022\/07\/Samtgemeindefeuerwehren-meistern-Grossuebung_1-scaled.jpg\"><img loading=\"lazy\" decoding=\"async\" width=\"1024\" height=\"768\" src=\"https:\/\/www.forum-soegel.de\/information\/wp-content\/uploads\/2022\/07\/Samtgemeindefeuerwehren-meistern-Grossuebung_1-1024x768.jpg\" alt=\"\" class=\"wp-image-32501\" srcset=\"https:\/\/www.forum-soegel.de\/information\/wp-content\/uploads\/2022\/07\/Samtgemeindefeuerwehren-meistern-Grossuebung_1-1024x768.jpg 1024w, https:\/\/www.forum-soegel.de\/information\/wp-content\/uploads\/2022\/07\/Samtgemeindefeuerwehren-meistern-Grossuebung_1-300x225.jpg 300w, https:\/\/www.forum-soegel.de\/information\/wp-content\/uploads\/2022\/07\/Samtgemeindefeuerwehren-meistern-Grossuebung_1-768x576.jpg 768w, https:\/\/www.forum-soegel.de\/information\/wp-content\/uploads\/2022\/07\/Samtgemeindefeuerwehren-meistern-Grossuebung_1-1536x1152.jpg 1536w, https:\/\/www.forum-soegel.de\/information\/wp-content\/uploads\/2022\/07\/Samtgemeindefeuerwehren-meistern-Grossuebung_1-2048x1536.jpg 2048w\" sizes=\"auto, (max-width: 1024px) 100vw, 1024px\" \/><\/a><figcaption>Riegelstellung: Mit einem Wasserwerfer und mehrere Einsatztrupps wurden die Wohngebiete in Spahnharrenst\u00e4tte vor einem \u00dcbergreifen des Waldbrandes gesch\u00fctzt.<\/figcaption><\/figure>\n\n\n\n<figure class=\"wp-block-image size-full\"><a href=\"https:\/\/www.forum-soegel.de\/information\/wp-content\/uploads\/2022\/07\/Samtgemeindefeuerwehren-meistern-Grossuebung_2.jpeg\"><img loading=\"lazy\" decoding=\"async\" width=\"640\" height=\"480\" src=\"https:\/\/www.forum-soegel.de\/information\/wp-content\/uploads\/2022\/07\/Samtgemeindefeuerwehren-meistern-Grossuebung_2.jpeg\" alt=\"\" class=\"wp-image-32502\" srcset=\"https:\/\/www.forum-soegel.de\/information\/wp-content\/uploads\/2022\/07\/Samtgemeindefeuerwehren-meistern-Grossuebung_2.jpeg 640w, https:\/\/www.forum-soegel.de\/information\/wp-content\/uploads\/2022\/07\/Samtgemeindefeuerwehren-meistern-Grossuebung_2-300x225.jpeg 300w\" sizes=\"auto, (max-width: 640px) 100vw, 640px\" \/><\/a><figcaption>Lagebesprechung beim Einsatzleitwagen 2: Um den Einsatz gut koordinieren zu k\u00f6nnen, wurden die Einsatzf\u00fchrungskr\u00e4fte um die Gefahrenschwerpunkte informiert. Samtgemeindeb\u00fcrgermeister Frank Kla\u00df, B\u00fcrgermeister Konrad L\u00fcnswilken und Gemeindebrandmeister Heinz L\u00fcckenjans zeigten sich sehr zufrieden mit dem Verlauf.<\/figcaption><\/figure>\n\n\n\n<figure class=\"wp-block-image size-large\"><a href=\"https:\/\/www.forum-soegel.de\/information\/wp-content\/uploads\/2022\/07\/Samtgemeindefeuerwehren-meistern-Grossuebung-1-scaled.jpg\"><img loading=\"lazy\" decoding=\"async\" width=\"1024\" height=\"768\" src=\"https:\/\/www.forum-soegel.de\/information\/wp-content\/uploads\/2022\/07\/Samtgemeindefeuerwehren-meistern-Grossuebung-1-1024x768.jpg\" alt=\"\" class=\"wp-image-32503\" srcset=\"https:\/\/www.forum-soegel.de\/information\/wp-content\/uploads\/2022\/07\/Samtgemeindefeuerwehren-meistern-Grossuebung-1-1024x768.jpg 1024w, https:\/\/www.forum-soegel.de\/information\/wp-content\/uploads\/2022\/07\/Samtgemeindefeuerwehren-meistern-Grossuebung-1-300x225.jpg 300w, https:\/\/www.forum-soegel.de\/information\/wp-content\/uploads\/2022\/07\/Samtgemeindefeuerwehren-meistern-Grossuebung-1-768x576.jpg 768w, https:\/\/www.forum-soegel.de\/information\/wp-content\/uploads\/2022\/07\/Samtgemeindefeuerwehren-meistern-Grossuebung-1-1536x1152.jpg 1536w, https:\/\/www.forum-soegel.de\/information\/wp-content\/uploads\/2022\/07\/Samtgemeindefeuerwehren-meistern-Grossuebung-1-2048x1536.jpg 2048w\" sizes=\"auto, (max-width: 1024px) 100vw, 1024px\" \/><\/a><figcaption>\u00dcbungseinlage: Im S\u00f6geler Gewerbegebiet \u201eNordring\u201c musste eine verunfallte Person vom Formendach gerettet werden.<br>Nach der \u00dcbung wurde der \u00dcbungsverlauf noch mal vorgestellt<\/figcaption><\/figure>\n","protected":false},"excerpt":{"rendered":"Spahnharrenst\u00e4tte &#8211; \u201eBrand im Wald am Hellweg. Feuer droht auf Wohnsiedlung \u00fcberzugreifen. Personen vermisst.\u201c So lautete die Alarmierung der Freiwilligen Feuerwehren (FF) der Samtgemeinde S\u00f6gel. Die rund 100 Einsatzkr\u00e4fte meisterten die Gro\u00df\u00fcbung. Akribisch war die&nbsp;Gro\u00df\u00fcbung&nbsp;f\u00fcr die Feuerwehren der Samtgemeinde S\u00f6gel in den vergangenen Wochen vorbereitet worden. Rund 100 Einsatzkr\u00e4fte aus Spahnharrenst\u00e4tte, S\u00f6gel, B\u00f6rger, Ber\u00dfen und [&hellip;]\n","protected":false},"author":2,"featured_media":0,"comment_status":"closed","ping_status":"closed","sticky":false,"template":"","format":"standard","meta":{"ngg_post_thumbnail":0,"footnotes":""},"categories":[3],"tags":[],"class_list":["post-32500","post","type-post","status-publish","format-standard","hentry","category-aktuelles-aus-der-region"],"_links":{"self":[{"href":"https:\/\/www.forum-soegel.de\/information\/wp-json\/wp\/v2\/posts\/32500","targetHints":{"allow":["GET"]}}],"collection":[{"href":"https:\/\/www.forum-soegel.de\/information\/wp-json\/wp\/v2\/posts"}],"about":[{"href":"https:\/\/www.forum-soegel.de\/information\/wp-json\/wp\/v2\/types\/post"}],"author":[{"embeddable":true,"href":"https:\/\/www.forum-soegel.de\/information\/wp-json\/wp\/v2\/users\/2"}],"replies":[{"embeddable":true,"href":"https:\/\/www.forum-soegel.de\/information\/wp-json\/wp\/v2\/comments?post=32500"}],"version-history":[{"count":1,"href":"https:\/\/www.forum-soegel.de\/information\/wp-json\/wp\/v2\/posts\/32500\/revisions"}],"predecessor-version":[{"id":32504,"href":"https:\/\/www.forum-soegel.de\/information\/wp-json\/wp\/v2\/posts\/32500\/revisions\/32504"}],"wp:attachment":[{"href":"https:\/\/www.forum-soegel.de\/information\/wp-json\/wp\/v2\/media?parent=32500"}],"wp:term":[{"taxonomy":"category","embeddable":true,"href":"https:\/\/www.forum-soegel.de\/information\/wp-json\/wp\/v2\/categories?post=32500"},{"taxonomy":"post_tag","embeddable":true,"href":"https:\/\/www.forum-soegel.de\/information\/wp-json\/wp\/v2\/tags?post=32500"}],"curies":[{"name":"wp","href":"https:\/\/api.w.org\/{rel}","templated":true}]}}