{"id":32497,"date":"2022-07-06T14:46:21","date_gmt":"2022-07-06T12:46:21","guid":{"rendered":"https:\/\/www.forum-soegel.de\/information\/?p=32497"},"modified":"2022-07-06T14:46:21","modified_gmt":"2022-07-06T12:46:21","slug":"buergerversammlung-der-leader-region-huemmling","status":"publish","type":"post","link":"https:\/\/www.forum-soegel.de\/information\/2022\/07\/buergerversammlung-der-leader-region-huemmling\/","title":{"rendered":"B\u00fcrgerversammlung der Leader-Region H\u00fcmmling"},"content":{"rendered":"\n<p>B\u00f6rger &#8211; Regionales Entwicklungskonzept der LEADER-Region H\u00fcmmling liegt vor \u2013 Motto: Nachhaltig und resilient auf dem Weg in die Zukunft &#8211; F\u00f6rderm\u00f6glichkeiten vorgestellt<\/p>\n\n\n\n<p>Die LEADER-Region H\u00fcmmling hat ihren Wettbewerbsbeitrag zur Aufnahme in die neue EU-F\u00f6rderperiode 2023 &#8211; 2027 Ende April eingereicht. Sie bewirbt sich bereits zum dritten Mal um Aufnahme in die Gebietskulisse LEADER. Nun erfolgt seitens des Landes Niedersachsen die Pr\u00fcfung dieses Konzeptes. \u201eMit einem ersten Ergebnis wird im Juli gerechnet\u201c, berichtete Ralph Deitermann, Regionalmanager der Lokalen Aktionsgruppe (LAG) H\u00fcmmling. Im Falle einer erfolgreichen Bewerbung kalkuliert die Region mit einem Mittelbudget von rd. 1,8 Mio. \u20ac f\u00fcr die Jahre 2023 bis 2027.<\/p>\n\n\n\n<p>Das Konzept wurde durch das B\u00fcro regionalplan &amp; uvp aus Freren federf\u00fchrend betreut. In der B\u00fcrgerversammlung in B\u00f6rger wurde jetzt die \u00d6ffentlichkeit \u00fcber konkrete F\u00f6rderm\u00f6glichkeiten informiert, die sich aus diesem Konzept ableiten lassen. Dr. Carla Schmidt vom beauftragen B\u00fcro bedankte sich in diesem Zusammenhang beim gro\u00dfen ehrenamtlichen Engagement der H\u00fcmmlinger B\u00fcrger, die sich in die Entwicklung des Konzeptes in Workshops und bei den Sitzungen der Lokalen Aktionsgruppe (LAG) eingebracht haben. \u201eDas Besondere bei der Entwicklung war die Kombination aus analogen und digitalen Formaten. Das war herausfordernd und l\u00f6sungsorientiert zugleich\u201c, schilderte Dr. Carla Schmidt die Erfahrungen in der Zusammenarbeit mit den lokalen Akteuren vor Ort. \u201eBesonders inspirierend war die intensive Abstimmung mit Kindern und Jugendlichen, da die Jugend zuk\u00fcnftig st\u00e4rker eingebunden werden soll\u201c, so Schmidt weiter.<\/p>\n\n\n\n<p>Samtgemeindeb\u00fcrgermeister der Samtgemeinde Lathen Helmut Wilkens, zugleich Vorsitzender der LAG H\u00fcmmling wies auf die Bedeutung des LEADER-Prinzips hin: \u201eBei LEADER gilt das sogenannte Bottom-Up-Prinzip. Die Akteure vor Ort entscheiden selbst, welche Projekte f\u00fcr die nachhaltige Entwicklung am besten geeignet sind\u201c. Basis dieser Entscheidungen sei das regionale Entwicklungskonzept.<\/p>\n\n\n\n<p>Schmidt informierte im weiteren Verlauf der Sitzung \u00fcber die drei Handlungsfelder und jeweiligen F\u00f6rderschwerpunkte. F\u00f6rderungen sind zuk\u00fcnftig in den Bereichen Leben und (Bau-) Kultur, Wirtschaft und Tourismus sowie Natur- und Klimaschutz m\u00f6glich. \u201eGrundlage einer F\u00f6rderung ist ein Bewertungsverfahren. Dieses Verfahren muss jedes Projekt durchlaufen, um die F\u00f6rderf\u00e4higkeit feststellen zu k\u00f6nnen\u201c erg\u00e4nzte Schmidt.<\/p>\n\n\n\n<p>Bei der Entwicklung und Umsetzung steht das Amt f\u00fcr regionale Landesentwicklung (ArL) zur Verf\u00fcgung. Wilhelm Sap ist dabei f\u00fcr die Abwicklung der noch laufenden F\u00f6rderperiode und Martina Cordes ab 2023 zust\u00e4ndig. Sie begleiten den Gesamtprozess insbesondere von der Antragstellung bis zur Endabrechnung.<\/p>\n\n\n\n<p>Das neue Konzept steht unter der Homepage der LEADER-Region H\u00fcmmling unter <a href=\"http:\/\/www.leader-huemmling.de\">www.leader-huemmling.de<\/a> unter Downloads zur Verf\u00fcgung. Auf dieser Webseite sind ebenfalls die Kontaktdaten des Regionalmanagements H\u00fcmmling hinterlegt. Regionalmanager Ralph Deitermann steht f\u00fcr Projektberatungen gern zur Verf\u00fcgung.<\/p>\n\n\n\n<p>Text\/Foto: Ralph Deitermann<\/p>\n\n\n\n<figure class=\"wp-block-image size-large\"><a href=\"https:\/\/www.forum-soegel.de\/information\/wp-content\/uploads\/2022\/07\/Pressemitteilung-zur-Buergerversammlung-in-Boerger-scaled.jpg\"><img loading=\"lazy\" decoding=\"async\" width=\"1024\" height=\"768\" src=\"https:\/\/www.forum-soegel.de\/information\/wp-content\/uploads\/2022\/07\/Pressemitteilung-zur-Buergerversammlung-in-Boerger-1024x768.jpg\" alt=\"\" class=\"wp-image-32498\" srcset=\"https:\/\/www.forum-soegel.de\/information\/wp-content\/uploads\/2022\/07\/Pressemitteilung-zur-Buergerversammlung-in-Boerger-1024x768.jpg 1024w, https:\/\/www.forum-soegel.de\/information\/wp-content\/uploads\/2022\/07\/Pressemitteilung-zur-Buergerversammlung-in-Boerger-300x225.jpg 300w, https:\/\/www.forum-soegel.de\/information\/wp-content\/uploads\/2022\/07\/Pressemitteilung-zur-Buergerversammlung-in-Boerger-768x576.jpg 768w, https:\/\/www.forum-soegel.de\/information\/wp-content\/uploads\/2022\/07\/Pressemitteilung-zur-Buergerversammlung-in-Boerger-1536x1152.jpg 1536w, https:\/\/www.forum-soegel.de\/information\/wp-content\/uploads\/2022\/07\/Pressemitteilung-zur-Buergerversammlung-in-Boerger-2048x1536.jpg 2048w\" sizes=\"auto, (max-width: 1024px) 100vw, 1024px\" \/><\/a><figcaption>von links: Wilhelm Sap (ArL Meppen), Martina Cordes (ArL Meppen), Helmut Wilkens (LAG-Vorsitzender), Dr. Carla Schmidt (regionalplan &amp; uvp, Freren), Ralph Deitermann (Regional-manager LAG H\u00fcmmling)<\/figcaption><\/figure>\n","protected":false},"excerpt":{"rendered":"B\u00f6rger &#8211; Regionales Entwicklungskonzept der LEADER-Region H\u00fcmmling liegt vor \u2013 Motto: Nachhaltig und resilient auf dem Weg in die Zukunft &#8211; F\u00f6rderm\u00f6glichkeiten vorgestellt Die LEADER-Region H\u00fcmmling hat ihren Wettbewerbsbeitrag zur Aufnahme in die neue EU-F\u00f6rderperiode 2023 &#8211; 2027 Ende April eingereicht. Sie bewirbt sich bereits zum dritten Mal um Aufnahme in die Gebietskulisse LEADER. Nun [&hellip;]\n","protected":false},"author":2,"featured_media":0,"comment_status":"closed","ping_status":"closed","sticky":false,"template":"","format":"standard","meta":{"ngg_post_thumbnail":0,"footnotes":""},"categories":[3],"tags":[],"class_list":["post-32497","post","type-post","status-publish","format-standard","hentry","category-aktuelles-aus-der-region"],"_links":{"self":[{"href":"https:\/\/www.forum-soegel.de\/information\/wp-json\/wp\/v2\/posts\/32497","targetHints":{"allow":["GET"]}}],"collection":[{"href":"https:\/\/www.forum-soegel.de\/information\/wp-json\/wp\/v2\/posts"}],"about":[{"href":"https:\/\/www.forum-soegel.de\/information\/wp-json\/wp\/v2\/types\/post"}],"author":[{"embeddable":true,"href":"https:\/\/www.forum-soegel.de\/information\/wp-json\/wp\/v2\/users\/2"}],"replies":[{"embeddable":true,"href":"https:\/\/www.forum-soegel.de\/information\/wp-json\/wp\/v2\/comments?post=32497"}],"version-history":[{"count":1,"href":"https:\/\/www.forum-soegel.de\/information\/wp-json\/wp\/v2\/posts\/32497\/revisions"}],"predecessor-version":[{"id":32499,"href":"https:\/\/www.forum-soegel.de\/information\/wp-json\/wp\/v2\/posts\/32497\/revisions\/32499"}],"wp:attachment":[{"href":"https:\/\/www.forum-soegel.de\/information\/wp-json\/wp\/v2\/media?parent=32497"}],"wp:term":[{"taxonomy":"category","embeddable":true,"href":"https:\/\/www.forum-soegel.de\/information\/wp-json\/wp\/v2\/categories?post=32497"},{"taxonomy":"post_tag","embeddable":true,"href":"https:\/\/www.forum-soegel.de\/information\/wp-json\/wp\/v2\/tags?post=32497"}],"curies":[{"name":"wp","href":"https:\/\/api.w.org\/{rel}","templated":true}]}}