{"id":32494,"date":"2022-07-06T14:43:57","date_gmt":"2022-07-06T12:43:57","guid":{"rendered":"https:\/\/www.forum-soegel.de\/information\/?p=32494"},"modified":"2022-07-06T14:43:57","modified_gmt":"2022-07-06T12:43:57","slug":"holger-kuper-ist-neuer-koenig-in-werpeloh","status":"publish","type":"post","link":"https:\/\/www.forum-soegel.de\/information\/2022\/07\/holger-kuper-ist-neuer-koenig-in-werpeloh\/","title":{"rendered":"Holger Kuper ist neuer K\u00f6nig in Werpeloh"},"content":{"rendered":"\n<p>Werpeloh &#8211; Nach langer Corona-Zwangspause haben die Sch\u00fctzen in Werpeloh eine Tradition fortgesetzt und wieder Sch\u00fctzenfest gefeiert. Im Kampf um die K\u00f6nigsw\u00fcrde siegte Holger Kuper, der sich seine Ehefrau Tanja zur K\u00f6nigin nahm.<\/p>\n\n\n\n<p>Die neue Throngemeinschaft setzt sich wie folgt zusammen:<\/p>\n\n\n\n<p>V.li.n.re.: Andreas und Anna L\u00fcbbers, Markus und Elke L\u00fcnswilken, Heinz und Martina Schmitz, Helmut und Gabriele M\u00fcnster, Wilfried und Ilona Konken, K\u00f6nig Holger Kuper und K\u00f6nigin Tanja, Daniel und Sandra Steenken, Johannes und Astrid D\u00fcthmann, Georg und Monika Horstmann, Ralf und Annemarie (fehlt) H\u00fcntelmann, Heinz und Claudia (fehlt) D\u00fcthmann<\/p>\n\n\n\n<p>Beim Kinderk\u00f6nigsschie\u00dfen haben mehrere Jahrg\u00e4nge wegen der in den letzten Jahren nicht stattgefundenen Sch\u00fctzenfeste teilgenommen. Dabei errang Tom Wichmann die W\u00fcrde des Kinderk\u00f6nigs und mit Emma Lucks, Anna Cordes und Finja Eilers gab es sogar drei Kinderk\u00f6niginnen.<\/p>\n\n\n\n<p>Text\/Foto: Gisela Arling<\/p>\n\n\n\n<figure class=\"wp-block-gallery has-nested-images columns-default is-cropped wp-block-gallery-1 is-layout-flex wp-block-gallery-is-layout-flex\">\n<figure class=\"wp-block-image size-large\"><img loading=\"lazy\" decoding=\"async\" width=\"1024\" height=\"681\" data-id=\"32495\" src=\"https:\/\/www.forum-soegel.de\/information\/wp-content\/uploads\/2022\/07\/Holger-Kuper-ist-neuer-Koenig-in-Werpeloh-2-1024x681.jpg\" alt=\"\" class=\"wp-image-32495\" srcset=\"https:\/\/www.forum-soegel.de\/information\/wp-content\/uploads\/2022\/07\/Holger-Kuper-ist-neuer-Koenig-in-Werpeloh-2-1024x681.jpg 1024w, https:\/\/www.forum-soegel.de\/information\/wp-content\/uploads\/2022\/07\/Holger-Kuper-ist-neuer-Koenig-in-Werpeloh-2-300x199.jpg 300w, https:\/\/www.forum-soegel.de\/information\/wp-content\/uploads\/2022\/07\/Holger-Kuper-ist-neuer-Koenig-in-Werpeloh-2-768x510.jpg 768w, https:\/\/www.forum-soegel.de\/information\/wp-content\/uploads\/2022\/07\/Holger-Kuper-ist-neuer-Koenig-in-Werpeloh-2-1536x1021.jpg 1536w, https:\/\/www.forum-soegel.de\/information\/wp-content\/uploads\/2022\/07\/Holger-Kuper-ist-neuer-Koenig-in-Werpeloh-2-2048x1361.jpg 2048w\" sizes=\"auto, (max-width: 1024px) 100vw, 1024px\" \/><\/figure>\n<\/figure>\n","protected":false},"excerpt":{"rendered":"Werpeloh &#8211; Nach langer Corona-Zwangspause haben die Sch\u00fctzen in Werpeloh eine Tradition fortgesetzt und wieder Sch\u00fctzenfest gefeiert. Im Kampf um die K\u00f6nigsw\u00fcrde siegte Holger Kuper, der sich seine Ehefrau Tanja zur K\u00f6nigin nahm. Die neue Throngemeinschaft setzt sich wie folgt zusammen: V.li.n.re.: Andreas und Anna L\u00fcbbers, Markus und Elke L\u00fcnswilken, Heinz und Martina Schmitz, Helmut [&hellip;]\n","protected":false},"author":2,"featured_media":0,"comment_status":"closed","ping_status":"closed","sticky":false,"template":"","format":"standard","meta":{"ngg_post_thumbnail":0,"footnotes":""},"categories":[5],"tags":[],"class_list":["post-32494","post","type-post","status-publish","format-standard","hentry","category-was-machen-die-vereine"],"_links":{"self":[{"href":"https:\/\/www.forum-soegel.de\/information\/wp-json\/wp\/v2\/posts\/32494","targetHints":{"allow":["GET"]}}],"collection":[{"href":"https:\/\/www.forum-soegel.de\/information\/wp-json\/wp\/v2\/posts"}],"about":[{"href":"https:\/\/www.forum-soegel.de\/information\/wp-json\/wp\/v2\/types\/post"}],"author":[{"embeddable":true,"href":"https:\/\/www.forum-soegel.de\/information\/wp-json\/wp\/v2\/users\/2"}],"replies":[{"embeddable":true,"href":"https:\/\/www.forum-soegel.de\/information\/wp-json\/wp\/v2\/comments?post=32494"}],"version-history":[{"count":1,"href":"https:\/\/www.forum-soegel.de\/information\/wp-json\/wp\/v2\/posts\/32494\/revisions"}],"predecessor-version":[{"id":32496,"href":"https:\/\/www.forum-soegel.de\/information\/wp-json\/wp\/v2\/posts\/32494\/revisions\/32496"}],"wp:attachment":[{"href":"https:\/\/www.forum-soegel.de\/information\/wp-json\/wp\/v2\/media?parent=32494"}],"wp:term":[{"taxonomy":"category","embeddable":true,"href":"https:\/\/www.forum-soegel.de\/information\/wp-json\/wp\/v2\/categories?post=32494"},{"taxonomy":"post_tag","embeddable":true,"href":"https:\/\/www.forum-soegel.de\/information\/wp-json\/wp\/v2\/tags?post=32494"}],"curies":[{"name":"wp","href":"https:\/\/api.w.org\/{rel}","templated":true}]}}