{"id":32492,"date":"2022-07-06T14:42:25","date_gmt":"2022-07-06T12:42:25","guid":{"rendered":"https:\/\/www.forum-soegel.de\/information\/?p=32492"},"modified":"2022-07-06T14:42:25","modified_gmt":"2022-07-06T12:42:25","slug":"elternlotsen-gesucht","status":"publish","type":"post","link":"https:\/\/www.forum-soegel.de\/information\/2022\/07\/elternlotsen-gesucht\/","title":{"rendered":"Elternlotsen gesucht!"},"content":{"rendered":"\n<p>S\u00f6gel &#8211; Die Samtgemeinde S\u00f6gel sucht f\u00fcr das kommende Schuljahr Sch\u00fcler- bzw. Elternlotsen, die bereit sind, sich einmal pro Woche 30 Minuten w\u00e4hrend der Zeit von 7.30 Uhr bis 8.00 Uhr oder bei krankheitsbedingten Ausf\u00e4llen als Regel- bzw. Ersatzlotse zur Verf\u00fcgung zu stellen. Lotsenuniformen wie Jacke, Weste und Kelle werden kostenlos von der Samtgemeinde S\u00f6gel zur Verf\u00fcgung gestellt.<\/p>\n\n\n\n<p>Wer sich in diesem Bereich ehrenamtlich engagieren m\u00f6chte, egal, ob Eltern, Gro\u00dfeltern oder sonstige Personen, m\u00f6ge sich bitte bei der Samtgemeinde S\u00f6gel melden.<\/p>\n\n\n\n<p>Kontakt: Gerd Kerssens, Tel: 05952-206117 oder E-Mail: <a href=\"mailto:kerssens@soegel.de\">kerssens@soegel.de<\/a><\/p>\n\n\n\n<p>Text: Gerd Kerssens<\/p>\n","protected":false},"excerpt":{"rendered":"S\u00f6gel &#8211; Die Samtgemeinde S\u00f6gel sucht f\u00fcr das kommende Schuljahr Sch\u00fcler- bzw. Elternlotsen, die bereit sind, sich einmal pro Woche 30 Minuten w\u00e4hrend der Zeit von 7.30 Uhr bis 8.00 Uhr oder bei krankheitsbedingten Ausf\u00e4llen als Regel- bzw. Ersatzlotse zur Verf\u00fcgung zu stellen. Lotsenuniformen wie Jacke, Weste und Kelle werden kostenlos von der Samtgemeinde S\u00f6gel [&hellip;]\n","protected":false},"author":2,"featured_media":0,"comment_status":"closed","ping_status":"closed","sticky":false,"template":"","format":"standard","meta":{"ngg_post_thumbnail":0,"footnotes":""},"categories":[3],"tags":[],"class_list":["post-32492","post","type-post","status-publish","format-standard","hentry","category-aktuelles-aus-der-region"],"_links":{"self":[{"href":"https:\/\/www.forum-soegel.de\/information\/wp-json\/wp\/v2\/posts\/32492","targetHints":{"allow":["GET"]}}],"collection":[{"href":"https:\/\/www.forum-soegel.de\/information\/wp-json\/wp\/v2\/posts"}],"about":[{"href":"https:\/\/www.forum-soegel.de\/information\/wp-json\/wp\/v2\/types\/post"}],"author":[{"embeddable":true,"href":"https:\/\/www.forum-soegel.de\/information\/wp-json\/wp\/v2\/users\/2"}],"replies":[{"embeddable":true,"href":"https:\/\/www.forum-soegel.de\/information\/wp-json\/wp\/v2\/comments?post=32492"}],"version-history":[{"count":1,"href":"https:\/\/www.forum-soegel.de\/information\/wp-json\/wp\/v2\/posts\/32492\/revisions"}],"predecessor-version":[{"id":32493,"href":"https:\/\/www.forum-soegel.de\/information\/wp-json\/wp\/v2\/posts\/32492\/revisions\/32493"}],"wp:attachment":[{"href":"https:\/\/www.forum-soegel.de\/information\/wp-json\/wp\/v2\/media?parent=32492"}],"wp:term":[{"taxonomy":"category","embeddable":true,"href":"https:\/\/www.forum-soegel.de\/information\/wp-json\/wp\/v2\/categories?post=32492"},{"taxonomy":"post_tag","embeddable":true,"href":"https:\/\/www.forum-soegel.de\/information\/wp-json\/wp\/v2\/tags?post=32492"}],"curies":[{"name":"wp","href":"https:\/\/api.w.org\/{rel}","templated":true}]}}