{"id":32489,"date":"2022-07-06T14:41:33","date_gmt":"2022-07-06T12:41:33","guid":{"rendered":"https:\/\/www.forum-soegel.de\/information\/?p=32489"},"modified":"2022-07-06T14:41:33","modified_gmt":"2022-07-06T12:41:33","slug":"christoph-ficker-neuer-schuetzenkoenig-von-berssen","status":"publish","type":"post","link":"https:\/\/www.forum-soegel.de\/information\/2022\/07\/christoph-ficker-neuer-schuetzenkoenig-von-berssen\/","title":{"rendered":"Christoph Ficker neuer Sch\u00fctzenk\u00f6nig von Ber\u00dfen"},"content":{"rendered":"\n<p>Ber\u00dfen &#8211; Neuer Sch\u00fctzenk\u00f6nig 2022\/2023 beim Verein St.Hubertus Ber\u00dfen ist Christoph Ficker, zur K\u00f6nigin hat er seine Frau Claudia erw\u00e4hlt. Am Montag konnte sich Christoph Ficker gegen zahlreiche Konkurrenten durchsetzen und den Amtsvorg\u00e4nger Andreas Tiemann abl\u00f6sen. An allen drei Tagen war das Sch\u00fctzenfest sehr gut besucht.<\/p>\n\n\n\n<p>Text\/Foto: Rainer Kanna\u00df<\/p>\n\n\n\n<figure class=\"wp-block-image size-large\"><a href=\"https:\/\/www.forum-soegel.de\/information\/wp-content\/uploads\/2022\/07\/Christoph-Ficker-neuer-Schuetzenkoenig-von-Berssen.jpg\"><img loading=\"lazy\" decoding=\"async\" width=\"1024\" height=\"699\" src=\"https:\/\/www.forum-soegel.de\/information\/wp-content\/uploads\/2022\/07\/Christoph-Ficker-neuer-Schuetzenkoenig-von-Berssen-1024x699.jpg\" alt=\"\" class=\"wp-image-32490\" srcset=\"https:\/\/www.forum-soegel.de\/information\/wp-content\/uploads\/2022\/07\/Christoph-Ficker-neuer-Schuetzenkoenig-von-Berssen-1024x699.jpg 1024w, https:\/\/www.forum-soegel.de\/information\/wp-content\/uploads\/2022\/07\/Christoph-Ficker-neuer-Schuetzenkoenig-von-Berssen-300x205.jpg 300w, https:\/\/www.forum-soegel.de\/information\/wp-content\/uploads\/2022\/07\/Christoph-Ficker-neuer-Schuetzenkoenig-von-Berssen-768x524.jpg 768w, https:\/\/www.forum-soegel.de\/information\/wp-content\/uploads\/2022\/07\/Christoph-Ficker-neuer-Schuetzenkoenig-von-Berssen.jpg 1411w\" sizes=\"auto, (max-width: 1024px) 100vw, 1024px\" \/><\/a><figcaption>Von links: Frank und Katrin Perk, Stefan und Kathrin K\u00f6ster, Martin und Claudia Meyer, K\u00f6nigin Claudia und K\u00f6nig Christoph Ficker, Rudi und Sabine Ahillen, Reiner und Annemie Ficker<\/figcaption><\/figure>\n\n\n\n<p><\/p>\n","protected":false},"excerpt":{"rendered":"Ber\u00dfen &#8211; Neuer Sch\u00fctzenk\u00f6nig 2022\/2023 beim Verein St.Hubertus Ber\u00dfen ist Christoph Ficker, zur K\u00f6nigin hat er seine Frau Claudia erw\u00e4hlt. Am Montag konnte sich Christoph Ficker gegen zahlreiche Konkurrenten durchsetzen und den Amtsvorg\u00e4nger Andreas Tiemann abl\u00f6sen. An allen drei Tagen war das Sch\u00fctzenfest sehr gut besucht. Text\/Foto: Rainer Kanna\u00df\n","protected":false},"author":2,"featured_media":0,"comment_status":"closed","ping_status":"closed","sticky":false,"template":"","format":"standard","meta":{"ngg_post_thumbnail":0,"footnotes":""},"categories":[5],"tags":[],"class_list":["post-32489","post","type-post","status-publish","format-standard","hentry","category-was-machen-die-vereine"],"_links":{"self":[{"href":"https:\/\/www.forum-soegel.de\/information\/wp-json\/wp\/v2\/posts\/32489","targetHints":{"allow":["GET"]}}],"collection":[{"href":"https:\/\/www.forum-soegel.de\/information\/wp-json\/wp\/v2\/posts"}],"about":[{"href":"https:\/\/www.forum-soegel.de\/information\/wp-json\/wp\/v2\/types\/post"}],"author":[{"embeddable":true,"href":"https:\/\/www.forum-soegel.de\/information\/wp-json\/wp\/v2\/users\/2"}],"replies":[{"embeddable":true,"href":"https:\/\/www.forum-soegel.de\/information\/wp-json\/wp\/v2\/comments?post=32489"}],"version-history":[{"count":1,"href":"https:\/\/www.forum-soegel.de\/information\/wp-json\/wp\/v2\/posts\/32489\/revisions"}],"predecessor-version":[{"id":32491,"href":"https:\/\/www.forum-soegel.de\/information\/wp-json\/wp\/v2\/posts\/32489\/revisions\/32491"}],"wp:attachment":[{"href":"https:\/\/www.forum-soegel.de\/information\/wp-json\/wp\/v2\/media?parent=32489"}],"wp:term":[{"taxonomy":"category","embeddable":true,"href":"https:\/\/www.forum-soegel.de\/information\/wp-json\/wp\/v2\/categories?post=32489"},{"taxonomy":"post_tag","embeddable":true,"href":"https:\/\/www.forum-soegel.de\/information\/wp-json\/wp\/v2\/tags?post=32489"}],"curies":[{"name":"wp","href":"https:\/\/api.w.org\/{rel}","templated":true}]}}