{"id":32484,"date":"2022-07-06T14:19:33","date_gmt":"2022-07-06T12:19:33","guid":{"rendered":"https:\/\/www.forum-soegel.de\/information\/?p=32484"},"modified":"2022-07-06T14:20:51","modified_gmt":"2022-07-06T12:20:51","slug":"borkenkaefer-und-stuerme-machen-waldbesitzern-zu-schaffen","status":"publish","type":"post","link":"https:\/\/www.forum-soegel.de\/information\/2022\/07\/borkenkaefer-und-stuerme-machen-waldbesitzern-zu-schaffen\/","title":{"rendered":"Borkenk\u00e4fer und St\u00fcrme machen Waldbesitzern zu schaffen"},"content":{"rendered":"\n<p><strong>Waldschutzgenossenschaft H\u00fcmmling-S\u00fcd tagte<\/strong><\/p>\n\n\n\n<p>S\u00f6gel &#8211; Die Waldbesitzer im Bereich der Waldschutzgenossenschaft (WSG) H\u00fcmmling-S\u00fcd, dazu z\u00e4hlen die Gemeinden S\u00f6gel und Werpeloh sowie der Ortsteil Spahn, machen sich Sorgen um die Zukunft der Waldwirtschaft. Das wurde anl\u00e4sslich Mitgliederversammlung deutlich. Vor allem die unaufhaltsame Ausbreitung des Borkenk\u00e4fers und die teilweise verheerenden Auswirkungen der St\u00fcrme h\u00e4tten hohe Sch\u00e4den verursacht, die noch nicht vollst\u00e4ndig beseitigt seien.<\/p>\n\n\n\n<p>WSG- Vorsitzender Andreas Perkmeyer konnte neben zahlreichen Mitgliedern auch Samtgemeindeb\u00fcrgermeister Frank Kla\u00df, Dr. Florian Stockmann, Leiter des Forstamts Weser-Ems, die Bezirksf\u00f6rster Christopher Klus und Siegbert Schlangen sowie den Gesch\u00e4ftsf\u00fchrer Nord-West-Holz e.G., J\u00f6rg G\u00f6rlich begr\u00fc\u00dfen. Perkmeyer beklagte in seiner Ansprache, dass die die Forstwirtschaft sei Jahren keinen gen\u00fcgenden Ertrag einbringe. \u201eUm die Klimakiller wie Eisen, Zement und Kunststoff zu ersetzen, ist aber Qualit\u00e4tsholz notwendig. Dies w\u00e4chst im Nutzwald, besonders im Nadelwald und nicht im Naturwald\u201c, betonte der Vorsitzende. Somit sei der Nadelwald der Klimasch\u00fctzer. Da die Klage gegen das Landschaftsschutzgebiet \u201eWaldgebiete auf dem H\u00fcmmling\u201c vor dem Oberverwaltungsgericht verloren wurde, sei die Angst vor Einschr\u00e4nkungen \u00fcber Managementpl\u00e4ne durch den Landkreis Emsland gro\u00df. Die WSG m\u00f6chte als Tr\u00e4ger \u00f6ffentlichen Rechts nicht \u00fcbergangen werden, so Perkmeyer.<\/p>\n\n\n\n<p>Auch Dr. Stockmann ging auf das Problem \u201eBorkenk\u00e4fer und St\u00fcrme ein\u201c und erg\u00e4nzte, dass man alle Ideen, die W\u00e4lder durch Pflegema\u00dfnahmen aufzuwerten erstmal beiseitelegen musste, um sich auf die Schadenbeseitigung zu konzentrieren. Stockmann bezifferte sie \u201eKalamit\u00e4tssch\u00e4den\u201c (Kalamit\u00e4tsholz ist Holz, das als Ergebnis von Sturmsch\u00e4den, Trockenheit und\/oder Sch\u00e4dlingsbefall f\u00fcr eine weitere Nutzung verf\u00fcgbar ist.) im Bereich Weser &#8211; Ems durch die drei St\u00fcrme im Februar 250.000 Festmeter (FM) Bei einem durchschnittlichen Holzeinschlag von 350.000 FM pro Jahr. Er forderte die Waldbesitzer auf achtsam zu sein, und erkennbaren Befall mit Borkenk\u00e4fer sofort zu melden.&nbsp;Die Bezirks F\u00f6rstereien st\u00fcnden mit Rat und Tat zur Verf\u00fcgung. Stockmann informierte dann noch \u00fcber geplante F\u00f6rderma\u00dfnahmen.<\/p>\n\n\n\n<p>J\u00f6rg G\u00f6rlich von der Nord-West-Holz Genossenschaft, die unter anderem f\u00fcr die f\u00fcnf Waldschutzgenossenschaften in der \u201e\u00fcber 9000 Hektar starken\u201c Forstbetriebsgemeinschaft Emsland-Nord die Rohholzvermarktung \u00fcbernimmt, ging auf die Preisentwicklung ein.&nbsp;Man verzeichne erfreulicher Weise seit Kurzem eine positive Ertragsentwicklung, die allerdings nicht mit der Preisentwicklung im Endverbrauchermarkt einhergehe. G\u00f6rlich erkl\u00e4rte den \u201e\u00fcberhitzten\u201c Holzmarkt 2020-2022 mit der Marktsituation in Europa und Asien und lie\u00df nicht unerw\u00e4hnt, dass die Gewinnspannen beim Zwischenhandel drastisch erh\u00f6ht wurden. Schnittholz in Deutschland und Europa wurde und wird durch den Zwischenhandel und Exporteure weiterhin knappgehalten, kritisierte G\u00f6rlich. Somit blieben Lieferzeiten und hohe Endprodukt-Preise an der Tagesordnung.<\/p>\n\n\n\n<p>Christoph Klus, Bezirksf\u00f6rster in der Bezirksf\u00f6rsterei S\u00f6gel, bezifferte die Menge des noch am Boden liegenden Sturmholzes in seinem Bereich auf rund 3.000 bis 4.000 Festmeter. Finanzielle Unterst\u00fctzung und Hilfen f\u00fcr die Wiederaufforstung seinen nicht aktuell. Klus bezweifelte auch, dass man den Borkenk\u00e4fer bald in den Griff bekomme und kritisierte, dass nicht alle Waldbesitzer bei der Bek\u00e4mpfung an einem Strang ziehen w\u00fcrden. Sein Kollege Siegbert Schlangen, er ist als Bezirksf\u00f6rster auch im Bereich Spahn t\u00e4tig, berichtete, dass die Jungpflanzen f\u00fcr die Wiederaufforstung knapp seien und die Preise sich teilweise verdoppelt h\u00e4tten.<\/p>\n\n\n\n<p>Bei den anstehenden Wahlen wurde Andreas Perkmeyer als Vorsitzender einstimmig wiedergew\u00e4hlt ebenso wie seine Vorstandskollegen Heinz Kirschner, Ansgar D\u00f6rtelmann und Josef Stevens.&nbsp; Laut Versammlungbeschluss gew\u00e4hrt die WSG den Freiwilligen Feuerwehren einen Zuschuss f\u00fcr die Beschaffung Ausr\u00fcstungsgegenst\u00e4nde f\u00fcr die Waldbrandbek\u00e4mpfung.<\/p>\n\n\n\n<p>Text\/Foto: Lambert Brand<\/p>\n\n\n\n<figure class=\"wp-block-gallery has-nested-images columns-default is-cropped wp-block-gallery-1 is-layout-flex wp-block-gallery-is-layout-flex\">\n<figure class=\"wp-block-image size-large\"><a href=\"https:\/\/www.forum-soegel.de\/information\/wp-content\/uploads\/2022\/07\/Borkenkaefer-und-Stuerme-machen-Waldbesitzern-zu-schaffen-2.jpeg\"><img loading=\"lazy\" decoding=\"async\" width=\"1024\" height=\"768\" data-id=\"32486\" src=\"https:\/\/www.forum-soegel.de\/information\/wp-content\/uploads\/2022\/07\/Borkenkaefer-und-Stuerme-machen-Waldbesitzern-zu-schaffen-2-1024x768.jpeg\" alt=\"\" class=\"wp-image-32486\" srcset=\"https:\/\/www.forum-soegel.de\/information\/wp-content\/uploads\/2022\/07\/Borkenkaefer-und-Stuerme-machen-Waldbesitzern-zu-schaffen-2-1024x768.jpeg 1024w, https:\/\/www.forum-soegel.de\/information\/wp-content\/uploads\/2022\/07\/Borkenkaefer-und-Stuerme-machen-Waldbesitzern-zu-schaffen-2-300x225.jpeg 300w, https:\/\/www.forum-soegel.de\/information\/wp-content\/uploads\/2022\/07\/Borkenkaefer-und-Stuerme-machen-Waldbesitzern-zu-schaffen-2-768x576.jpeg 768w, https:\/\/www.forum-soegel.de\/information\/wp-content\/uploads\/2022\/07\/Borkenkaefer-und-Stuerme-machen-Waldbesitzern-zu-schaffen-2.jpeg 1280w\" sizes=\"auto, (max-width: 1024px) 100vw, 1024px\" \/><\/a><\/figure>\n<figcaption class=\"blocks-gallery-caption\">Zusammen mit dem Vorstand stellten sich die G\u00e4ste der Waldschutzgenossenschaft H\u00fcmmling-S\u00fcd der Kamera.<\/figcaption><\/figure>\n\n\n\n<p><\/p>\n","protected":false},"excerpt":{"rendered":"Waldschutzgenossenschaft H\u00fcmmling-S\u00fcd tagte S\u00f6gel &#8211; Die Waldbesitzer im Bereich der Waldschutzgenossenschaft (WSG) H\u00fcmmling-S\u00fcd, dazu z\u00e4hlen die Gemeinden S\u00f6gel und Werpeloh sowie der Ortsteil Spahn, machen sich Sorgen um die Zukunft der Waldwirtschaft. Das wurde anl\u00e4sslich Mitgliederversammlung deutlich. Vor allem die unaufhaltsame Ausbreitung des Borkenk\u00e4fers und die teilweise verheerenden Auswirkungen der St\u00fcrme h\u00e4tten hohe Sch\u00e4den verursacht, [&hellip;]\n","protected":false},"author":2,"featured_media":0,"comment_status":"closed","ping_status":"closed","sticky":false,"template":"","format":"standard","meta":{"ngg_post_thumbnail":0,"footnotes":""},"categories":[5],"tags":[],"class_list":["post-32484","post","type-post","status-publish","format-standard","hentry","category-was-machen-die-vereine"],"_links":{"self":[{"href":"https:\/\/www.forum-soegel.de\/information\/wp-json\/wp\/v2\/posts\/32484","targetHints":{"allow":["GET"]}}],"collection":[{"href":"https:\/\/www.forum-soegel.de\/information\/wp-json\/wp\/v2\/posts"}],"about":[{"href":"https:\/\/www.forum-soegel.de\/information\/wp-json\/wp\/v2\/types\/post"}],"author":[{"embeddable":true,"href":"https:\/\/www.forum-soegel.de\/information\/wp-json\/wp\/v2\/users\/2"}],"replies":[{"embeddable":true,"href":"https:\/\/www.forum-soegel.de\/information\/wp-json\/wp\/v2\/comments?post=32484"}],"version-history":[{"count":2,"href":"https:\/\/www.forum-soegel.de\/information\/wp-json\/wp\/v2\/posts\/32484\/revisions"}],"predecessor-version":[{"id":32488,"href":"https:\/\/www.forum-soegel.de\/information\/wp-json\/wp\/v2\/posts\/32484\/revisions\/32488"}],"wp:attachment":[{"href":"https:\/\/www.forum-soegel.de\/information\/wp-json\/wp\/v2\/media?parent=32484"}],"wp:term":[{"taxonomy":"category","embeddable":true,"href":"https:\/\/www.forum-soegel.de\/information\/wp-json\/wp\/v2\/categories?post=32484"},{"taxonomy":"post_tag","embeddable":true,"href":"https:\/\/www.forum-soegel.de\/information\/wp-json\/wp\/v2\/tags?post=32484"}],"curies":[{"name":"wp","href":"https:\/\/api.w.org\/{rel}","templated":true}]}}