{"id":32481,"date":"2022-07-06T14:14:37","date_gmt":"2022-07-06T12:14:37","guid":{"rendered":"https:\/\/www.forum-soegel.de\/information\/?p=32481"},"modified":"2022-07-06T14:14:37","modified_gmt":"2022-07-06T12:14:37","slug":"bernhard-riedemann-seit-mehr-als-70-jahren-im-hegering-soegel","status":"publish","type":"post","link":"https:\/\/www.forum-soegel.de\/information\/2022\/07\/bernhard-riedemann-seit-mehr-als-70-jahren-im-hegering-soegel\/","title":{"rendered":"Bernhard Riedemann seit mehr als 70 Jahren im Hegering S\u00f6gel"},"content":{"rendered":"\n<p><strong>Auszeichnung mit Ehrennadel und Ehrenurkunde<\/strong><\/p>\n\n\n\n<p>H\u00fcven &#8211; Eine sehr seltene Ehrung konnte jetzt der 94 Jahre alte Bernhard Riedemann (Bildmitte) als Mitglied des Hegerings S\u00f6gel entgegennehmen. Der Landesjagdverband Niedersachsen (LJN) w\u00fcrdige die Verdienste des H\u00fcvener Waidmannes mit der \u00dcberreichung der LJN-Ehrennadel und Ehrenurkunde f\u00fcr 70-j\u00e4hrige Mitgliedschaft. Da Riedemann, der im Seniorenheim Werlte seinen Lebensabend verbringt, aus Altersgr\u00fcnden nicht an der Mitgliederversammlung teilnehmen konnte und die Ehrung im gro\u00dfen Rahmen wegen Corona nicht stattfinden konnte, \u00fcbereichten ihm jetzt als Vertreter des Hegerings seine Jagdfreunde Bernd Niehus (rechts) und Erwin Gr\u00fcnloh die Ehrennadel und die Ehrenurkunde. Bernhard Riedemann ist vielen H\u00fcmmlingern und Touristen bekannt als Betreuer und G\u00e4stef\u00fchrer in der H\u00fcvener M\u00fchle, in der er praktisch seine Jugendzeit verbrachte. Riedemanns Vorfahren hatten die europaweit einzige kombinierte Wind- und Wasserm\u00fchle jahrzehntelang betrieben, wie die NOZ 2005 berichtet.<\/p>\n\n\n\n<p><a href=\"https:\/\/www.noz.de\/deutschland-welt\/panorama\/artikel\/vermischtes-huevener-muehle-bleibt-glanzlicht-24261246\">https:\/\/www.noz.de\/deutschland-welt\/panorama\/artikel\/vermischtes-huevener-muehle-bleibt-glanzlicht-24261246<\/a><\/p>\n\n\n\n<p>Text: Lambert Brand<\/p>\n\n\n\n<p>Foto: Hegering S\u00f6gel<\/p>\n\n\n\n<figure class=\"wp-block-gallery has-nested-images columns-default is-cropped wp-block-gallery-1 is-layout-flex wp-block-gallery-is-layout-flex\">\n<figure class=\"wp-block-image size-large\"><a href=\"https:\/\/www.forum-soegel.de\/information\/wp-content\/uploads\/2022\/07\/Bernhard-Riedemann-seit-mehr-als-70-Jahren-im-Hegering-Soegel-scaled.jpg\"><img loading=\"lazy\" decoding=\"async\" width=\"1024\" height=\"768\" data-id=\"32482\" src=\"https:\/\/www.forum-soegel.de\/information\/wp-content\/uploads\/2022\/07\/Bernhard-Riedemann-seit-mehr-als-70-Jahren-im-Hegering-Soegel-1024x768.jpg\" alt=\"\" class=\"wp-image-32482\" srcset=\"https:\/\/www.forum-soegel.de\/information\/wp-content\/uploads\/2022\/07\/Bernhard-Riedemann-seit-mehr-als-70-Jahren-im-Hegering-Soegel-1024x768.jpg 1024w, https:\/\/www.forum-soegel.de\/information\/wp-content\/uploads\/2022\/07\/Bernhard-Riedemann-seit-mehr-als-70-Jahren-im-Hegering-Soegel-300x225.jpg 300w, https:\/\/www.forum-soegel.de\/information\/wp-content\/uploads\/2022\/07\/Bernhard-Riedemann-seit-mehr-als-70-Jahren-im-Hegering-Soegel-768x576.jpg 768w, https:\/\/www.forum-soegel.de\/information\/wp-content\/uploads\/2022\/07\/Bernhard-Riedemann-seit-mehr-als-70-Jahren-im-Hegering-Soegel-1536x1152.jpg 1536w, https:\/\/www.forum-soegel.de\/information\/wp-content\/uploads\/2022\/07\/Bernhard-Riedemann-seit-mehr-als-70-Jahren-im-Hegering-Soegel-2048x1536.jpg 2048w\" sizes=\"auto, (max-width: 1024px) 100vw, 1024px\" \/><\/a><\/figure>\n<\/figure>\n","protected":false},"excerpt":{"rendered":"Auszeichnung mit Ehrennadel und Ehrenurkunde H\u00fcven &#8211; Eine sehr seltene Ehrung konnte jetzt der 94 Jahre alte Bernhard Riedemann (Bildmitte) als Mitglied des Hegerings S\u00f6gel entgegennehmen. Der Landesjagdverband Niedersachsen (LJN) w\u00fcrdige die Verdienste des H\u00fcvener Waidmannes mit der \u00dcberreichung der LJN-Ehrennadel und Ehrenurkunde f\u00fcr 70-j\u00e4hrige Mitgliedschaft. Da Riedemann, der im Seniorenheim Werlte seinen Lebensabend verbringt, [&hellip;]\n","protected":false},"author":2,"featured_media":0,"comment_status":"closed","ping_status":"closed","sticky":false,"template":"","format":"standard","meta":{"ngg_post_thumbnail":0,"footnotes":""},"categories":[3],"tags":[],"class_list":["post-32481","post","type-post","status-publish","format-standard","hentry","category-aktuelles-aus-der-region"],"_links":{"self":[{"href":"https:\/\/www.forum-soegel.de\/information\/wp-json\/wp\/v2\/posts\/32481","targetHints":{"allow":["GET"]}}],"collection":[{"href":"https:\/\/www.forum-soegel.de\/information\/wp-json\/wp\/v2\/posts"}],"about":[{"href":"https:\/\/www.forum-soegel.de\/information\/wp-json\/wp\/v2\/types\/post"}],"author":[{"embeddable":true,"href":"https:\/\/www.forum-soegel.de\/information\/wp-json\/wp\/v2\/users\/2"}],"replies":[{"embeddable":true,"href":"https:\/\/www.forum-soegel.de\/information\/wp-json\/wp\/v2\/comments?post=32481"}],"version-history":[{"count":1,"href":"https:\/\/www.forum-soegel.de\/information\/wp-json\/wp\/v2\/posts\/32481\/revisions"}],"predecessor-version":[{"id":32483,"href":"https:\/\/www.forum-soegel.de\/information\/wp-json\/wp\/v2\/posts\/32481\/revisions\/32483"}],"wp:attachment":[{"href":"https:\/\/www.forum-soegel.de\/information\/wp-json\/wp\/v2\/media?parent=32481"}],"wp:term":[{"taxonomy":"category","embeddable":true,"href":"https:\/\/www.forum-soegel.de\/information\/wp-json\/wp\/v2\/categories?post=32481"},{"taxonomy":"post_tag","embeddable":true,"href":"https:\/\/www.forum-soegel.de\/information\/wp-json\/wp\/v2\/tags?post=32481"}],"curies":[{"name":"wp","href":"https:\/\/api.w.org\/{rel}","templated":true}]}}