{"id":32478,"date":"2022-07-06T14:12:28","date_gmt":"2022-07-06T12:12:28","guid":{"rendered":"https:\/\/www.forum-soegel.de\/information\/?p=32478"},"modified":"2022-07-06T14:12:28","modified_gmt":"2022-07-06T12:12:28","slug":"artenvielfalt-schaffen-und-bewahren","status":"publish","type":"post","link":"https:\/\/www.forum-soegel.de\/information\/2022\/07\/artenvielfalt-schaffen-und-bewahren\/","title":{"rendered":"\u201eArtenvielfalt schaffen und bewahren\u201c"},"content":{"rendered":"\n<p><strong>LEADER-Ma\u00dfnahme der Samtgemeinde S\u00f6gel<\/strong><\/p>\n\n\n\n<p>S\u00f6gel &#8211; Anl\u00e4sslich der Sitzung des Samtgemeinderates waren zur Vorstellung des Projektes \u201eArtenvielfalt schaffen und bewahren\u201c nicht nur die Mitglieder des Samtgemeinderates erschienen, sondern auch zahlreiche Vertreter der Mitgliedsgemeinden und der F\u00f6rderinstitutionen. Nach den positiven Erfahrungen, die die Gemeinde S\u00f6gel mit dem mittlerweile erfolgreich abgeschlossenen Projekt \u201eS\u00f6gel summt\u201c gemacht hat, sollte ein vergleichbares Projekt auf Samtgemeindeebene umgesetzt werden.<\/p>\n\n\n\n<p>Ziel des Projektes ist es, bis Mitte 2025 zahlreiche Ma\u00dfnahmen zum Biotop- und Artenschutz gemeinsam mit den acht Mitgliedsgemeinden (B\u00f6rger, Gro\u00df Ber\u00dfen, H\u00fcven, Klein Ber\u00dfen, Stavern, Spahnharrenst\u00e4tte, S\u00f6gel und Werpeloh) in Kooperation von Haupt- und Ehrenamtlichen vor Ort zu planen und umzusetzen. Die Einzelheiten des Projektes wurden von Maria Dierkes, die von der Samtgemeinde als Projektleiterin angestellt worden ist, erl\u00e4utert.<\/p>\n\n\n\n<p>Als \u201eHerzensangelegenheit\u201c bezeichnete Dierkes insbesondere die Anlage eines klimagerechten Mustergartens als artenreiche Alternative zu Schotterg\u00e4rten. Er soll zusammen mit Ehrenamtlichen und Interessierten, Schulklassen, Vereinen oder auch Kinderg\u00e4rten angelegt werden und so aufzeigen, dass ein klimagerechter Garten f\u00fcr jeden umsetzbar ist. \u201eWir wollen hier gemeinsam beobachten und lernen\u201c, so Dierkes. Aber dies ist nur eine der vielf\u00e4ltigen Ma\u00dfnahmen. Dar\u00fcber hinaus sollen auch inner\u00f6rtliche Fl\u00e4chen naturnah umgestaltet und bepflanzt werden und Privatpersonen bzw. Firmen mit einer Beratung zur naturnahen Gestaltung ihrer Gel\u00e4nde und Fl\u00e4chen unterst\u00fctzt werden.<\/p>\n\n\n\n<p>\u201eZiel ist es, m\u00f6glichst viele Menschen mit diesem Projekt zu erreichen und zum Nachmachen zu bewegen\u201c, so der Ratsvorsitzende Helmut Rawe. \u201eDurch die Aufwertung von Brinken, Dorfteichen, aber auch durch Informationsveranstaltungen und Workshops wird nicht nur der Lebensraum f\u00fcr Fauna und Flora verbessert, sondern es werden auch Leuchtturmfl\u00e4chen mit Vorbildfunktionen geschaffen.\u201c<\/p>\n\n\n\n<p>Wilhelm Sap vom Amt f\u00fcr regionale Landesentwicklung zeigte sich beeindruckt vom Umfang und den Zielen des Projektes \u201eIn Zeiten des Klimawandels sollte im Rahmen der Umsetzung auch \u00fcberpr\u00fcft werden, wie einheimische Pflanzen mit den sich ver\u00e4ndernden Witterungsbedingungen auf Dauer zurechtkommen\u201c.<\/p>\n\n\n\n<p>Das mit rund 181.000,00 \u20ac geplante Projekt wird mit 82.000 Euro aus Mitteln des EU-Programms LEADER, einem Betrag von 30.000 \u20ac von der Nieders\u00e4chsischen Bingo-Umweltstiftung (NBU) und zus\u00e4tzlich durch die Umweltstiftung Weser-Ems bis zu einer H\u00f6he von 10.000 \u20ac gef\u00f6rdert.<\/p>\n\n\n\n<p>\u201eEs handelt es sich hier um ein auf drei Jahre angelegtes F\u00f6rderprojekt. Es ist somit das erste Vorhaben der LEADER-Region, welches innerhalb dieses zeitlich gesteckten Rahmens umgesetzt werden soll\u201c, so Ralph Deitermann, Regionalmanager der LEADER-Region H\u00fcmmling. Er dankte insbesondere den weiteren F\u00f6rdermittelgebern bei der finanziellen Unterst\u00fctzung dieses f\u00fcr Artenvielfalt und Landschaftsschutz wichtigen Projektes.<\/p>\n\n\n\n<p>Interessierte k\u00f6nnen sich gerne an die Projektleiterin Maria Dierkes bei der Samtgemeinde S\u00f6gel unter der Telefonnummer 05952\/206 246 oder <a href=\"mailto:Dierkes@soegel.de\">Dierkes@soegel.de<\/a> wenden.<\/p>\n\n\n\n<p>Text: Lambert Brand<\/p>\n\n\n\n<p>Foto: Samtgemeinde S\u00f6gel<\/p>\n\n\n\n<figure class=\"wp-block-gallery has-nested-images columns-default is-cropped wp-block-gallery-1 is-layout-flex wp-block-gallery-is-layout-flex\">\n<figure class=\"wp-block-image size-large\"><a href=\"https:\/\/www.forum-soegel.de\/information\/wp-content\/uploads\/2022\/07\/Artenvielfalt-schaffen-und-bewahren.jpeg\"><img loading=\"lazy\" decoding=\"async\" width=\"1024\" height=\"768\" data-id=\"32479\" src=\"https:\/\/www.forum-soegel.de\/information\/wp-content\/uploads\/2022\/07\/Artenvielfalt-schaffen-und-bewahren-1024x768.jpeg\" alt=\"\" class=\"wp-image-32479\" srcset=\"https:\/\/www.forum-soegel.de\/information\/wp-content\/uploads\/2022\/07\/Artenvielfalt-schaffen-und-bewahren-1024x768.jpeg 1024w, https:\/\/www.forum-soegel.de\/information\/wp-content\/uploads\/2022\/07\/Artenvielfalt-schaffen-und-bewahren-300x225.jpeg 300w, https:\/\/www.forum-soegel.de\/information\/wp-content\/uploads\/2022\/07\/Artenvielfalt-schaffen-und-bewahren-768x576.jpeg 768w, https:\/\/www.forum-soegel.de\/information\/wp-content\/uploads\/2022\/07\/Artenvielfalt-schaffen-und-bewahren.jpeg 1280w\" sizes=\"auto, (max-width: 1024px) 100vw, 1024px\" \/><\/a><figcaption>Bild (von links): Ralph Deitermann (Regionalmanager), Maria Dierkes (Projektleitung), Wilhelm Sap (Amt f. regionale Landesentwicklung Weser-Ems), Frank Kla\u00df (Samtgemeindeb\u00fcrgermeister), Vertreter der Mitgliedsgemeinden<\/figcaption><\/figure>\n<\/figure>\n","protected":false},"excerpt":{"rendered":"LEADER-Ma\u00dfnahme der Samtgemeinde S\u00f6gel S\u00f6gel &#8211; Anl\u00e4sslich der Sitzung des Samtgemeinderates waren zur Vorstellung des Projektes \u201eArtenvielfalt schaffen und bewahren\u201c nicht nur die Mitglieder des Samtgemeinderates erschienen, sondern auch zahlreiche Vertreter der Mitgliedsgemeinden und der F\u00f6rderinstitutionen. Nach den positiven Erfahrungen, die die Gemeinde S\u00f6gel mit dem mittlerweile erfolgreich abgeschlossenen Projekt \u201eS\u00f6gel summt\u201c gemacht hat, sollte [&hellip;]\n","protected":false},"author":2,"featured_media":0,"comment_status":"closed","ping_status":"closed","sticky":false,"template":"","format":"standard","meta":{"ngg_post_thumbnail":0,"footnotes":""},"categories":[3],"tags":[],"class_list":["post-32478","post","type-post","status-publish","format-standard","hentry","category-aktuelles-aus-der-region"],"_links":{"self":[{"href":"https:\/\/www.forum-soegel.de\/information\/wp-json\/wp\/v2\/posts\/32478","targetHints":{"allow":["GET"]}}],"collection":[{"href":"https:\/\/www.forum-soegel.de\/information\/wp-json\/wp\/v2\/posts"}],"about":[{"href":"https:\/\/www.forum-soegel.de\/information\/wp-json\/wp\/v2\/types\/post"}],"author":[{"embeddable":true,"href":"https:\/\/www.forum-soegel.de\/information\/wp-json\/wp\/v2\/users\/2"}],"replies":[{"embeddable":true,"href":"https:\/\/www.forum-soegel.de\/information\/wp-json\/wp\/v2\/comments?post=32478"}],"version-history":[{"count":1,"href":"https:\/\/www.forum-soegel.de\/information\/wp-json\/wp\/v2\/posts\/32478\/revisions"}],"predecessor-version":[{"id":32480,"href":"https:\/\/www.forum-soegel.de\/information\/wp-json\/wp\/v2\/posts\/32478\/revisions\/32480"}],"wp:attachment":[{"href":"https:\/\/www.forum-soegel.de\/information\/wp-json\/wp\/v2\/media?parent=32478"}],"wp:term":[{"taxonomy":"category","embeddable":true,"href":"https:\/\/www.forum-soegel.de\/information\/wp-json\/wp\/v2\/categories?post=32478"},{"taxonomy":"post_tag","embeddable":true,"href":"https:\/\/www.forum-soegel.de\/information\/wp-json\/wp\/v2\/tags?post=32478"}],"curies":[{"name":"wp","href":"https:\/\/api.w.org\/{rel}","templated":true}]}}