{"id":32472,"date":"2022-07-06T14:10:02","date_gmt":"2022-07-06T12:10:02","guid":{"rendered":"https:\/\/www.forum-soegel.de\/information\/?p=32472"},"modified":"2022-07-06T14:10:18","modified_gmt":"2022-07-06T12:10:18","slug":"arno-will-regiert-in-spahnharrenstaette","status":"publish","type":"post","link":"https:\/\/www.forum-soegel.de\/information\/2022\/07\/arno-will-regiert-in-spahnharrenstaette\/","title":{"rendered":"Arno Will regiert in Spahnharrenst\u00e4tte"},"content":{"rendered":"\n<p><strong>Nach der Corona-Zwangspause wurde wieder mit Begeisterung Sch\u00fctzenfest gefeiert<\/strong><\/p>\n\n\n\n<p>Spahnharrenst\u00e4tte &#8211; Dass die Spahnharrenst\u00e4tter Bev\u00f6lkerung und die zahlreichen ausw\u00e4rtigen G\u00e4ste trotz der Corona-Zwangspause das Feiern nicht verlernt haben, wurde an den beiden Sch\u00fctzenfesttagen deutlich.<\/p>\n\n\n\n<p>Der bisherige Sch\u00fctzenk\u00f6nig Hans-J\u00fcrgen Meyer, der zusammen mit seiner Ehefrau Heike seit 2019 im Amt war, hat die K\u00f6nigskette und damit die Regentschaft an seinen Nachfolger Arno Will \u00fcbergeben. Will (8. von links mit K\u00f6nigskette) hatte sich beim Stechen gegen vier weitere Mitbewerber durchsetzen k\u00f6nnen und damit die K\u00f6nigsw\u00fcrde erworben. Zusammen mit seiner Ehefrau Christel (vorne, 6. von links) f\u00fchrt er f\u00fcr nun ein Jahr das Sch\u00fctzenvolk der H\u00fcmmlinggemeinde an. Ihm zur Seite steht das Throngefolge mit (obere Reihe von links): Gesina und Ansgar Kleymann, Katrin und Uwe R\u00fcdebusch, Stefanie Steenken und Helmut Quappen, Harald Will, K\u00f6nig Arno Will, Werner Jansen, Thea und Georg Hanekamp, Martina und Heinz Hanekamp, Monika und Konrad L\u00fcnswilken, (Untere Reihe von links) Jessica und Alex Eilers, Monika und Andr\u00e9 Perk, Hanna Will, K\u00f6nigin Christel Will, Annette Jansen, Yvonne Jansen und Sven Str\u00e4che, Karin und Guido V\u00e4hning. Auf dem Bild fehlen die Thronangeh\u00f6rigen Andreas und Carolin B\u00fcter sowie Helmut und Sabine Ahrens.<\/p>\n\n\n\n<p>Text\/Fotos: Lambert Brand<\/p>\n\n\n\n<figure class=\"wp-block-gallery has-nested-images columns-default is-cropped wp-block-gallery-1 is-layout-flex wp-block-gallery-is-layout-flex\">\n<figure class=\"wp-block-image size-large\"><a href=\"https:\/\/www.forum-soegel.de\/information\/wp-content\/uploads\/2022\/07\/Arno-Will-regiert-in-Spahnharrenstaette-3-scaled.jpg\"><img loading=\"lazy\" decoding=\"async\" width=\"1024\" height=\"683\" data-id=\"32475\" src=\"https:\/\/www.forum-soegel.de\/information\/wp-content\/uploads\/2022\/07\/Arno-Will-regiert-in-Spahnharrenstaette-3-1024x683.jpg\" alt=\"\" class=\"wp-image-32475\" srcset=\"https:\/\/www.forum-soegel.de\/information\/wp-content\/uploads\/2022\/07\/Arno-Will-regiert-in-Spahnharrenstaette-3-1024x683.jpg 1024w, https:\/\/www.forum-soegel.de\/information\/wp-content\/uploads\/2022\/07\/Arno-Will-regiert-in-Spahnharrenstaette-3-300x200.jpg 300w, https:\/\/www.forum-soegel.de\/information\/wp-content\/uploads\/2022\/07\/Arno-Will-regiert-in-Spahnharrenstaette-3-768x512.jpg 768w, https:\/\/www.forum-soegel.de\/information\/wp-content\/uploads\/2022\/07\/Arno-Will-regiert-in-Spahnharrenstaette-3-1536x1024.jpg 1536w, https:\/\/www.forum-soegel.de\/information\/wp-content\/uploads\/2022\/07\/Arno-Will-regiert-in-Spahnharrenstaette-3-2048x1365.jpg 2048w\" sizes=\"auto, (max-width: 1024px) 100vw, 1024px\" \/><\/a><\/figure>\n\n\n\n<figure class=\"wp-block-image size-large\"><a href=\"https:\/\/www.forum-soegel.de\/information\/wp-content\/uploads\/2022\/07\/Arno-Will-regiert-in-Spahnharrenstaette-1-scaled.jpg\"><img loading=\"lazy\" decoding=\"async\" width=\"1024\" height=\"768\" data-id=\"32473\" src=\"https:\/\/www.forum-soegel.de\/information\/wp-content\/uploads\/2022\/07\/Arno-Will-regiert-in-Spahnharrenstaette-1-1024x768.jpg\" alt=\"\" class=\"wp-image-32473\" srcset=\"https:\/\/www.forum-soegel.de\/information\/wp-content\/uploads\/2022\/07\/Arno-Will-regiert-in-Spahnharrenstaette-1-1024x768.jpg 1024w, https:\/\/www.forum-soegel.de\/information\/wp-content\/uploads\/2022\/07\/Arno-Will-regiert-in-Spahnharrenstaette-1-300x225.jpg 300w, https:\/\/www.forum-soegel.de\/information\/wp-content\/uploads\/2022\/07\/Arno-Will-regiert-in-Spahnharrenstaette-1-768x576.jpg 768w, https:\/\/www.forum-soegel.de\/information\/wp-content\/uploads\/2022\/07\/Arno-Will-regiert-in-Spahnharrenstaette-1-1536x1152.jpg 1536w, https:\/\/www.forum-soegel.de\/information\/wp-content\/uploads\/2022\/07\/Arno-Will-regiert-in-Spahnharrenstaette-1-2048x1536.jpg 2048w\" sizes=\"auto, (max-width: 1024px) 100vw, 1024px\" \/><\/a><figcaption>Arno Will ist der neue Sch\u00fctzenk\u00f6nig in Spahnharrenst\u00e4tte. Ihm zur Seite steht seine Ehefrau Christel als K\u00f6nigin.<\/figcaption><\/figure>\n\n\n\n<figure class=\"wp-block-image size-large\"><a href=\"https:\/\/www.forum-soegel.de\/information\/wp-content\/uploads\/2022\/07\/Arno-Will-regiert-in-Spahnharrenstaette-2-scaled.jpg\"><img loading=\"lazy\" decoding=\"async\" width=\"768\" height=\"1024\" data-id=\"32474\" src=\"https:\/\/www.forum-soegel.de\/information\/wp-content\/uploads\/2022\/07\/Arno-Will-regiert-in-Spahnharrenstaette-2-768x1024.jpg\" alt=\"\" class=\"wp-image-32474\" srcset=\"https:\/\/www.forum-soegel.de\/information\/wp-content\/uploads\/2022\/07\/Arno-Will-regiert-in-Spahnharrenstaette-2-768x1024.jpg 768w, https:\/\/www.forum-soegel.de\/information\/wp-content\/uploads\/2022\/07\/Arno-Will-regiert-in-Spahnharrenstaette-2-225x300.jpg 225w, https:\/\/www.forum-soegel.de\/information\/wp-content\/uploads\/2022\/07\/Arno-Will-regiert-in-Spahnharrenstaette-2-1152x1536.jpg 1152w, https:\/\/www.forum-soegel.de\/information\/wp-content\/uploads\/2022\/07\/Arno-Will-regiert-in-Spahnharrenstaette-2-1536x2048.jpg 1536w, https:\/\/www.forum-soegel.de\/information\/wp-content\/uploads\/2022\/07\/Arno-Will-regiert-in-Spahnharrenstaette-2-scaled.jpg 1920w\" sizes=\"auto, (max-width: 768px) 100vw, 768px\" \/><\/a><\/figure>\n<\/figure>\n","protected":false},"excerpt":{"rendered":"Nach der Corona-Zwangspause wurde wieder mit Begeisterung Sch\u00fctzenfest gefeiert Spahnharrenst\u00e4tte &#8211; Dass die Spahnharrenst\u00e4tter Bev\u00f6lkerung und die zahlreichen ausw\u00e4rtigen G\u00e4ste trotz der Corona-Zwangspause das Feiern nicht verlernt haben, wurde an den beiden Sch\u00fctzenfesttagen deutlich. Der bisherige Sch\u00fctzenk\u00f6nig Hans-J\u00fcrgen Meyer, der zusammen mit seiner Ehefrau Heike seit 2019 im Amt war, hat die K\u00f6nigskette und damit [&hellip;]\n","protected":false},"author":2,"featured_media":0,"comment_status":"closed","ping_status":"closed","sticky":false,"template":"","format":"standard","meta":{"ngg_post_thumbnail":0,"footnotes":""},"categories":[3],"tags":[],"class_list":["post-32472","post","type-post","status-publish","format-standard","hentry","category-aktuelles-aus-der-region"],"_links":{"self":[{"href":"https:\/\/www.forum-soegel.de\/information\/wp-json\/wp\/v2\/posts\/32472","targetHints":{"allow":["GET"]}}],"collection":[{"href":"https:\/\/www.forum-soegel.de\/information\/wp-json\/wp\/v2\/posts"}],"about":[{"href":"https:\/\/www.forum-soegel.de\/information\/wp-json\/wp\/v2\/types\/post"}],"author":[{"embeddable":true,"href":"https:\/\/www.forum-soegel.de\/information\/wp-json\/wp\/v2\/users\/2"}],"replies":[{"embeddable":true,"href":"https:\/\/www.forum-soegel.de\/information\/wp-json\/wp\/v2\/comments?post=32472"}],"version-history":[{"count":2,"href":"https:\/\/www.forum-soegel.de\/information\/wp-json\/wp\/v2\/posts\/32472\/revisions"}],"predecessor-version":[{"id":32477,"href":"https:\/\/www.forum-soegel.de\/information\/wp-json\/wp\/v2\/posts\/32472\/revisions\/32477"}],"wp:attachment":[{"href":"https:\/\/www.forum-soegel.de\/information\/wp-json\/wp\/v2\/media?parent=32472"}],"wp:term":[{"taxonomy":"category","embeddable":true,"href":"https:\/\/www.forum-soegel.de\/information\/wp-json\/wp\/v2\/categories?post=32472"},{"taxonomy":"post_tag","embeddable":true,"href":"https:\/\/www.forum-soegel.de\/information\/wp-json\/wp\/v2\/tags?post=32472"}],"curies":[{"name":"wp","href":"https:\/\/api.w.org\/{rel}","templated":true}]}}