{"id":32468,"date":"2022-07-06T14:07:19","date_gmt":"2022-07-06T12:07:19","guid":{"rendered":"https:\/\/www.forum-soegel.de\/information\/?p=32468"},"modified":"2022-07-06T14:07:19","modified_gmt":"2022-07-06T12:07:19","slug":"andreas-jansen-bleibt-vorsitzender-des-cdu-ortsverbandes-boerger","status":"publish","type":"post","link":"https:\/\/www.forum-soegel.de\/information\/2022\/07\/andreas-jansen-bleibt-vorsitzender-des-cdu-ortsverbandes-boerger\/","title":{"rendered":"Andreas Jansen bleibt Vorsitzender des CDU Ortsverbandes B\u00f6rger"},"content":{"rendered":"\n<p>B\u00f6rger &#8211; Auf ihrer Mitgliederhauptversammlung best\u00e4tigten die Christdemokraten aus B\u00f6rger ihren Vorsitzenden Andreas Jansen in seinem Amt. Zu seinen beiden Stellvertretern wurden Stefan Wilkens und Hermann Ubbenjans gew\u00e4hlt. Kerstin Schomakers bekleidet auch weiterhin das Amt der Mitgliederbeauftragten. Robert Kla\u00dfen fungiert weiterhin als Schriftf\u00fchrer.<\/p>\n\n\n\n<p>Folgende Beisitzer geh\u00f6ren ebenfalls dem Vorstand an: Hermann Geers, Helmut Ulrich Robben, Swetlana Ertus, Robert Becker, Norbert Kossenjans, Rita Kossenjans, Andrea Steenken, Hannes Funke.<\/p>\n\n\n\n<p>Jansen machte in seinem Bericht deutlich, dass es auch im Ortsverband aufgrund der Corona-Pandemie in den vergangenen zwei Jahren weniger Veranstaltungen gab. Einen intensiven R\u00fcckblick gab er auf die vergangene Kommunalwahl. Die CDU-B\u00f6rger ist mit einem tollen Team aufgetreten, welches eine gro\u00dfe Unterst\u00fctzung in der Bev\u00f6lkerung erfahren habe. Man hat zwar die Mehrheit der Stimmen erhalten, aber nicht die Mehrheit der Sitze im Rat der Gemeinde B\u00f6rger.<\/p>\n\n\n\n<p>Ein weiterer Tagesordnungspunkt der Mitgliederhauptversammlung war die Vorstellung\/Diskussion mit dem CDU-Landtagskandidaten Hartmut Moorkamp. Dabei umriss der B\u00fcrgermeister aus Rastdorf seine politischen Ziele f\u00fcr den anstehenden Landtagswahlkampf. Insbesondere ging er hierbei auf die hohen Kosten der Krippen bzw. Kinderg\u00e4rten f\u00fcr die Kommunen ein. Hier fordert er eine deutliche Entlastung vom Land. Weitere zentrale Themen auf seiner Agenda waren unter anderem die Weiterentwicklung der Digitalisierung f\u00fcr fast alle Lebensbereiche und die Ausweitung von F\u00f6rderprogrammen. Ebenfalls eine gro\u00dfe Herausforderung f\u00fcr die Zukunft ist die Sicherstellung der medizinischen Versorgung vor Ort. Bei der Durchsetzung seiner Ziele brauche es eine gute und starke Vertretung der hiesigen Region in Hannover.<\/p>\n\n\n\n<p>Ortsvorsitzender Jansen bedankte sich zudem mit einem Pr\u00e4sent bei den ausgeschiedenen Ratsmitgliedern Ansgar Kossen, Hermann Grote, Hermann Geers und Klaus Meyners.<\/p>\n\n\n\n<p>Ein besonderer Dank wurde den Kandidaten ausgesprochen, die bei der vergangenen Kommunalwahl kein Mandat erringen konnten. Dies sind: Helmut Robben, Hannes Funke, Frauke Kr\u00f6ger und Stefan Wilkens.<\/p>\n\n\n\n<p>Text\/Foto: Andreas Jansen<\/p>\n\n\n\n<figure class=\"wp-block-gallery has-nested-images columns-default is-cropped wp-block-gallery-1 is-layout-flex wp-block-gallery-is-layout-flex\">\n<figure class=\"wp-block-image size-large\"><a href=\"https:\/\/www.forum-soegel.de\/information\/wp-content\/uploads\/2022\/07\/Andreas-Jansen-bleibt-Vorsitzender-des-CDU-Ortsverbandes-Boerger-2.jpg\"><img loading=\"lazy\" decoding=\"async\" width=\"1024\" height=\"683\" data-id=\"32470\" src=\"https:\/\/www.forum-soegel.de\/information\/wp-content\/uploads\/2022\/07\/Andreas-Jansen-bleibt-Vorsitzender-des-CDU-Ortsverbandes-Boerger-2-1024x683.jpg\" alt=\"\" class=\"wp-image-32470\" srcset=\"https:\/\/www.forum-soegel.de\/information\/wp-content\/uploads\/2022\/07\/Andreas-Jansen-bleibt-Vorsitzender-des-CDU-Ortsverbandes-Boerger-2-1024x683.jpg 1024w, https:\/\/www.forum-soegel.de\/information\/wp-content\/uploads\/2022\/07\/Andreas-Jansen-bleibt-Vorsitzender-des-CDU-Ortsverbandes-Boerger-2-300x200.jpg 300w, https:\/\/www.forum-soegel.de\/information\/wp-content\/uploads\/2022\/07\/Andreas-Jansen-bleibt-Vorsitzender-des-CDU-Ortsverbandes-Boerger-2-768x512.jpg 768w, https:\/\/www.forum-soegel.de\/information\/wp-content\/uploads\/2022\/07\/Andreas-Jansen-bleibt-Vorsitzender-des-CDU-Ortsverbandes-Boerger-2-1536x1024.jpg 1536w, https:\/\/www.forum-soegel.de\/information\/wp-content\/uploads\/2022\/07\/Andreas-Jansen-bleibt-Vorsitzender-des-CDU-Ortsverbandes-Boerger-2.jpg 1620w\" sizes=\"auto, (max-width: 1024px) 100vw, 1024px\" \/><\/a><\/figure>\n\n\n\n<figure class=\"wp-block-image size-large\"><a href=\"https:\/\/www.forum-soegel.de\/information\/wp-content\/uploads\/2022\/07\/Andreas-Jansen-bleibt-Vorsitzender-des-CDU-Ortsverbandes-Boerger-1.jpg\"><img loading=\"lazy\" decoding=\"async\" width=\"1024\" height=\"683\" data-id=\"32469\" src=\"https:\/\/www.forum-soegel.de\/information\/wp-content\/uploads\/2022\/07\/Andreas-Jansen-bleibt-Vorsitzender-des-CDU-Ortsverbandes-Boerger-1-1024x683.jpg\" alt=\"\" class=\"wp-image-32469\" srcset=\"https:\/\/www.forum-soegel.de\/information\/wp-content\/uploads\/2022\/07\/Andreas-Jansen-bleibt-Vorsitzender-des-CDU-Ortsverbandes-Boerger-1-1024x683.jpg 1024w, https:\/\/www.forum-soegel.de\/information\/wp-content\/uploads\/2022\/07\/Andreas-Jansen-bleibt-Vorsitzender-des-CDU-Ortsverbandes-Boerger-1-300x200.jpg 300w, https:\/\/www.forum-soegel.de\/information\/wp-content\/uploads\/2022\/07\/Andreas-Jansen-bleibt-Vorsitzender-des-CDU-Ortsverbandes-Boerger-1-768x512.jpg 768w, https:\/\/www.forum-soegel.de\/information\/wp-content\/uploads\/2022\/07\/Andreas-Jansen-bleibt-Vorsitzender-des-CDU-Ortsverbandes-Boerger-1-1536x1024.jpg 1536w, https:\/\/www.forum-soegel.de\/information\/wp-content\/uploads\/2022\/07\/Andreas-Jansen-bleibt-Vorsitzender-des-CDU-Ortsverbandes-Boerger-1.jpg 1620w\" sizes=\"auto, (max-width: 1024px) 100vw, 1024px\" \/><\/a><\/figure>\n<\/figure>\n","protected":false},"excerpt":{"rendered":"B\u00f6rger &#8211; Auf ihrer Mitgliederhauptversammlung best\u00e4tigten die Christdemokraten aus B\u00f6rger ihren Vorsitzenden Andreas Jansen in seinem Amt. Zu seinen beiden Stellvertretern wurden Stefan Wilkens und Hermann Ubbenjans gew\u00e4hlt. Kerstin Schomakers bekleidet auch weiterhin das Amt der Mitgliederbeauftragten. Robert Kla\u00dfen fungiert weiterhin als Schriftf\u00fchrer. Folgende Beisitzer geh\u00f6ren ebenfalls dem Vorstand an: Hermann Geers, Helmut Ulrich Robben, [&hellip;]\n","protected":false},"author":2,"featured_media":0,"comment_status":"closed","ping_status":"closed","sticky":false,"template":"","format":"standard","meta":{"ngg_post_thumbnail":0,"footnotes":""},"categories":[3],"tags":[],"class_list":["post-32468","post","type-post","status-publish","format-standard","hentry","category-aktuelles-aus-der-region"],"_links":{"self":[{"href":"https:\/\/www.forum-soegel.de\/information\/wp-json\/wp\/v2\/posts\/32468","targetHints":{"allow":["GET"]}}],"collection":[{"href":"https:\/\/www.forum-soegel.de\/information\/wp-json\/wp\/v2\/posts"}],"about":[{"href":"https:\/\/www.forum-soegel.de\/information\/wp-json\/wp\/v2\/types\/post"}],"author":[{"embeddable":true,"href":"https:\/\/www.forum-soegel.de\/information\/wp-json\/wp\/v2\/users\/2"}],"replies":[{"embeddable":true,"href":"https:\/\/www.forum-soegel.de\/information\/wp-json\/wp\/v2\/comments?post=32468"}],"version-history":[{"count":1,"href":"https:\/\/www.forum-soegel.de\/information\/wp-json\/wp\/v2\/posts\/32468\/revisions"}],"predecessor-version":[{"id":32471,"href":"https:\/\/www.forum-soegel.de\/information\/wp-json\/wp\/v2\/posts\/32468\/revisions\/32471"}],"wp:attachment":[{"href":"https:\/\/www.forum-soegel.de\/information\/wp-json\/wp\/v2\/media?parent=32468"}],"wp:term":[{"taxonomy":"category","embeddable":true,"href":"https:\/\/www.forum-soegel.de\/information\/wp-json\/wp\/v2\/categories?post=32468"},{"taxonomy":"post_tag","embeddable":true,"href":"https:\/\/www.forum-soegel.de\/information\/wp-json\/wp\/v2\/tags?post=32468"}],"curies":[{"name":"wp","href":"https:\/\/api.w.org\/{rel}","templated":true}]}}