{"id":32454,"date":"2022-06-12T14:43:07","date_gmt":"2022-06-12T12:43:07","guid":{"rendered":"https:\/\/www.forum-soegel.de\/information\/?p=32454"},"modified":"2022-06-12T14:43:07","modified_gmt":"2022-06-12T12:43:07","slug":"polizeimeldungen-6","status":"publish","type":"post","link":"https:\/\/www.forum-soegel.de\/information\/2022\/06\/polizeimeldungen-6\/","title":{"rendered":"Polizeimeldungen"},"content":{"rendered":"\n<p><strong>Warnhinweis &#8211; Polizei warnt vor Betrugsmasche \u00fcber Messenger-Dienste &#8211; Vollendete Taten in D\u00f6rpen, Papenburg und S\u00f6gel<\/strong><\/p>\n\n\n\n<p>Im Zust\u00e4ndigkeitsbereich der Polizeiinspektion Emsland\/Grafschaft Bentheim kam es in den vergangenen Wochen vermehrt zu falschen Nachrichten \u00fcber Messenger-Dienste wie beispielsweise &#8222;WhatsApp&#8220;. In den Bereichen D\u00f6rpen, Papenburg und S\u00f6gel erbeuteten die unbekannten T\u00e4ter durch diese Betrugsmasche mehrere Tausend Euro bei insgesamt drei Opern. Dabei geben sich die T\u00e4ter oftmals als Tochter bzw. Sohn des Opfers aus und suggerieren ihnen in einer harmlos wirkenden Nachricht, dass diese eine neue Handynummer h\u00e4tten. Im Anschluss folgen dann meist unverf\u00e4ngliche Fragen wie beispielsweise \u201eWie geht&#8217;s?&#8220; und \u201eBist Du zuhause?&#8220;. Letztendlich t\u00e4uschen die T\u00e4ter eine falsche Notsituation vor, bei der die Opfer gebeten werden, eine \u00dcberweisung f\u00fcr das vermeidliche Kind zu \u00fcbernehmen. Angeblich w\u00fcrde das Online-Banking mit der neuen Handynummer noch nicht funktioniere. \u201eMit dieser oder \u00e4hnlich fingierten Geschichten gelingt es Betr\u00fcgern, \u00fcber den Messenger Geld von besorgten Eltern zu erlangen&#8220;, erkl\u00e4rt Polizeihauptkommissar Dieter Rothl\u00fcbbers vom Pr\u00e4ventionsteam der Polizei in Lingen. Die T\u00e4ter nennen dann meist ein im Ausland befindliches Konto, auf das die Opfer h\u00e4ufig nur kleinere Betr\u00e4ge im dreistelligen Bereich \u00fcberweisen sollen. Damit l\u00e4sst sich die Betrugsmasche nur schwer erkennen. Eine R\u00fcckerstattung ist in den meisten F\u00e4llen nicht m\u00f6glich, da man die \u00dcberweisung selbst veranlasst hat.<\/p>\n\n\n\n<p>Damit die Betr\u00fcger kein leichtes Spiel haben, empfiehlt die Polizei:<\/p>\n\n\n\n<p><strong>Werden Sie misstrauisch, wenn Sie \u00fcber Messenger-Dienste zu<\/strong><\/p>\n\n\n\n<p><strong>Geldzahlungen aufgefordert werden.<\/strong><\/p>\n\n\n\n<p>Nehmen Sie unbekannte Rufnummern nicht einfach als Kontakte auf &#8211; Sollten Sie Bedenken haben, wenn Sie von einer bis dato unbekannten Rufnummer \u00fcber Messenger-Dienste wie WhatsApp kontaktiert werden, rufen Sie die Nummer an oder stellen Sie der Person Fragen, die nur sie beantworten kann. Wenn es doch zum Betrug gekommen ist, wenden Sie sich &nbsp;&nbsp;&nbsp;&nbsp; umgehend an die \u00f6rtliche Polizeidienststelle.<\/p>\n\n\n\n<p><strong>&#8222;Uns reicht&#8217;s!&#8220; &#8211; neues Verkehrsprojekt geht an den Start<\/strong><\/p>\n\n\n\n<p>Die Polizeiinspektion Emsland \/ Grafschaft Bentheim startete am 26.04.2022 ihr neues Verkehrsprojekt &#8222;Uns reicht&#8217;s!&#8220;. Der Titel des Projektes &#8222;Uns reicht&#8217;s!&#8220; ist dabei abgeleitet von den Erfahrungen und den schlimmen Bildern, mit denen vor Ort Beteiligte belastet werden. Au\u00dferdem soll es auf die schweren Situationen aufmerksam machen, mit denen Beamtinnen und Beamte sowie die Einsatzkr\u00e4fte der Feuerwehr und der Rettungsdienste an Unfallorten und in der Folgezeit konfrontiert werden. &#8222;Uns reicht \u0301s!&#8220;, steht zudem f\u00fcr die schwierige und kr\u00e4ftezehrende Aufgabe, Todesbenachrichtigungen an die Familien zu \u00fcberbringen. So gab es im Jahr 2021 32 Verkehrsunf\u00e4lle mit 34 t\u00f6dlich verletzten Personen im Inspektionsbereich. Das sind sechs Personen mehr als noch im Vorjahr. Zudem stieg auch die Zahl der Personen, die bei Unf\u00e4llen schwer verletzt wurden um 15 an. Anl\u00e4sslich dieser Zahlen f\u00fchrt die Polizeiinspektion im Rahmen des neuen Projektes schwerpunktm\u00e4\u00dfig Kontrollen an Ungl\u00fccksorten t\u00f6dlicher oder schwerer Verkehrsunf\u00e4lle in den beiden Landkreisen durch. Unterst\u00fctzung erh\u00e4lt die Polizei dabei insbesondere vom Landkreis Emsland und der nieders\u00e4chsischen Landesverkehrswacht, aber auch vom Landkreis Grafschaft Bentheim bei der Durchf\u00fchrung der Ma\u00dfnahmen. Zum Auftakt des Projekts am 26. April besuchten Landrat Marc-Andr\u00e9 Burgdorf und die Inspektionsleiterin Nicola Simon eine der speziell ausgestatteten Kontrollstellen. Die Beamtinnen und Beamten f\u00fchrten hier nicht nur Geschwindigkeitsmessungen durch. Die Verkehrss\u00fcnder wurden zudem angehalten und direkt an Ort und Stelle im Rahmen von Aufkl\u00e4rungsgespr\u00e4chen mit den Beamtinnen und Beamten sowie durch Plakate (siehe Fotos) mit den dort geschehenen t\u00f6dlichen oder schweren Verkehrsunf\u00e4llen konfrontiert. Wie schnell es zu einem Unfall kommen kann, konnten die Verkehrsteilnehmerinnen und Verkehrsteilnehmer zudem an der Kontrollstelle an dem sogenannten Aufprall-Simulator der Verkehrswacht Lingen testen. \u201eWir m\u00f6chten mit diesem Projekt nicht nur die B\u00fcrgerinnen und B\u00fcrger sensibilisieren, sondern auch allen Einsatzkr\u00e4ften eine Stimme geben. Ob Polizei, Feuerwehr oder Rettungsdienst &#8211; die Kr\u00e4fte werden regelm\u00e4\u00dfig bei Unf\u00e4llen mit belastenden Situationen konfrontiert, die sie zu verarbeiten haben. \u201eMit &#8218;Uns reicht&#8217;s!\u201c wollen wir darauf aufmerksam machen und somit dem Trend der steigenden Zahl der schweren Verkehrsunf\u00e4lle entgegenwirken. Es liegt in der Hand jedes Einzelnen, durch das eigene vorausschauende und r\u00fccksichtsvolle Verhalten im Stra\u00dfenverkehr dazu beizutragen&#8220;, erkl\u00e4rt Nicola Simon. Auch Landrat Marc- Andr\u00e9 Burgdorf best\u00e4tigt: \u201eUns reicht \u0301s wirklich! Jeder schwere Verkehrsunfall ist einer zu viel. Dieses Projekt geht \u00fcber die klassischen Geschwindigkeitskontrollen hinaus. Durch die Gespr\u00e4che mit den Verkehrsteilnehmerinnen und Verkehrsteilnehmern direkt an den Kontrollstellen, erhoffen wir uns, dass bei den Leuten ein Umdenken stattfindet.&#8220; Im Jahr 2021 war \u00fcberh\u00f6hte Geschwindigkeit weiterhin die Hauptunfallursache bei t\u00f6dlichen und schweren Verkehrsunf\u00e4llen. Und auch viele der am Dienstag in beiden Landkreisen kontrollierten Fahrzeuge waren deutlich zu schnell unterwegs. So wurden in den Koordinierungsbereichen Meppen, Lingen und Papenburg und Nordhorn insgesamt rund 3933 Fahrzeuge \u00fcberpr\u00fcft, bei denen in 172 F\u00e4llen ein Geschwindigkeitsversto\u00df festgestellt wurde. Zu den Spitzenreitern geh\u00f6rten im Nordhorner Bereich ein Fahrzeug, dass bei erlaubten 70 km\/h mit 103 km\/h und im Raum Papenburg ein Pkw, der bei erlaubten 100 km\/h mit 145 km\/h unterwegs waren. \u201eEin Gro\u00dfteil der kontrollierten Verkehrsteilnehmerinnen und Verkehrsteilnehmer zeigten sich sehr verst\u00e4ndnisvoll und waren sehr offen f\u00fcr die Gespr\u00e4che an den Kontrollstellen. Besonders bei der Konfrontation mit den Zahlen der t\u00f6dlich und schwer verletzten Personen war Einsicht zu erkennen&#8220;, berichtet Sabine Dickebohm vom Pr\u00e4ventionsteam der Polizeiinspektion Emsland\/Grafschaft Bentheim. Bis zum Ende des Jahres sind weitere, regelm\u00e4\u00dfige Kontrollen im gesamten Inspektionsbereich geplant.<\/p>\n\n\n\n<figure class=\"wp-block-image size-large\"><img loading=\"lazy\" decoding=\"async\" width=\"752\" height=\"1024\" src=\"https:\/\/www.forum-soegel.de\/information\/wp-content\/uploads\/2022\/06\/Blaulichtmeldungen-Juni-Ausgabe_Polizei-001-752x1024.jpg\" alt=\"\" class=\"wp-image-32455\" srcset=\"https:\/\/www.forum-soegel.de\/information\/wp-content\/uploads\/2022\/06\/Blaulichtmeldungen-Juni-Ausgabe_Polizei-001-752x1024.jpg 752w, https:\/\/www.forum-soegel.de\/information\/wp-content\/uploads\/2022\/06\/Blaulichtmeldungen-Juni-Ausgabe_Polizei-001-220x300.jpg 220w, https:\/\/www.forum-soegel.de\/information\/wp-content\/uploads\/2022\/06\/Blaulichtmeldungen-Juni-Ausgabe_Polizei-001-768x1046.jpg 768w, https:\/\/www.forum-soegel.de\/information\/wp-content\/uploads\/2022\/06\/Blaulichtmeldungen-Juni-Ausgabe_Polizei-001.jpg 881w\" sizes=\"auto, (max-width: 752px) 100vw, 752px\" \/><figcaption>Karte mit den 32 t\u00f6dlichen Verkehrsunf\u00e4llen, wobei 34 Menschen verstorben sind (Ouelle: PI Emsland\/Grafschaft Bentheim)<\/figcaption><\/figure>\n\n\n\n<p><strong>Zeugen nach versuchtem Raubmord gesucht &#8211; Belohnung in H\u00f6he von 10.000 Euro<\/strong><\/p>\n\n\n\n<p>In den Jahren 2020 bis 2021 kam es zu einer Reihe schwerer Raub\u00fcberf\u00e4lle in den Landkreisen Cloppenburg, Vechta, Osnabr\u00fcck und im Emsland. Die Polizei konnte mehrere Beweismittel sicherstellen und ist nun auf der Suche nach Zeugen, die Hinweise zu diesen geben k\u00f6nnen. Die Staatsanwaltschaft Osnabr\u00fcck hat eine Belohnung ausgesetzt. Die \u00dcberf\u00e4lle wurden \u00fcber einen Zeitraum von zwei Jahren in Vestrup (03.05.2020) Menslage (14.06.2020), Cloppenburg (26.10.2020), Badbergen (01.11.2020), L\u00f6ningen\/Evenkamp (23.11.2020), <strong>H\u00fcven (23.11.2021)<\/strong> und in Holte-Lastrup (01.12.2021) begangen. Hierzu wurden in der Vergangenheit auch bereits Pressemitteilungen durch die Polizei ver\u00f6ffentlicht. Die Polizei schlie\u00dft einen Zusammenhang zwischen den Taten nicht aus. Nach den letzten Taten im Emsland wurde bei der Polizeiispektion Emsland\/Grafschaft Bentheim eine Ermittlungsgruppe eingerichtet. In Bezug auf den \u00dcberfall in L\u00f6ningen\/Evenkamp (23.11.2021) wurden am 12. April 2022 mehrere Personen festgenommen. Ob sie auch als Tatverd\u00e4chtige f\u00fcr die weiteren vorgenannten Taten infrage kommen, ist Gegenstand der derzeit noch andauernden, intensiven Ermittlungen.<\/p>\n\n\n\n<p>Bei dem versuchten Raubmord in H\u00fcven drangen mindestens zwei bislang unbekannte maskierte T\u00e4ter in das l\u00e4ndlich gelegene Wohnhaus der beiden Opfer ein und \u00fcberraschten diese im Schlaf. Die T\u00e4ter fesselten ihre Opfer und schlugen mit einem dicken Holzast, \u00e4hnlich einem Baseballschl\u00e4ger, so massiv auf den Kopf des m\u00e4nnlichen Opfers ein, dass in der Folge lebensbedrohliche Verletzungen eintraten. Beide Opfer wurden erst in den Mittagsstunden des Folgetages aufgefunden. Die vermutlich mit osteurop\u00e4ischem Akzent sprechenden T\u00e4ter erbeuteten Bargeld und Schmuck. W\u00e4hrend der noch andauernden Ermittlungen im Fall H\u00fcven konnten unter anderem Reifenspuren, eine Uhr und ein massiver Ast, der vermutlich als Tatwerkzeug diente, gesichert werden (siehe Fotos).<\/p>\n\n\n\n<p>Die Polizei ist nun auf der Suche nach Zeugen, die sachdienliche Hinweise zur Herkunft oder dem Besitzer dieses mutma\u00dflichen Tatwerkzeuges geben k\u00f6nnen. Zudem werden Zeugen gesucht, die Angaben zum Verbleib der erbeuteten Herrenuhr der Marke Breitling Chronomat Longitude mit Metallarmband machen k\u00f6nne. Bei der erbeuteten Uhr handelt es sich um ein Plagiat.<\/p>\n\n\n\n<p>F\u00fcr Hinweise, die zur Aufkl\u00e4rung und Ergreifung der T\u00e4ter des versuchten Raubmordes in H\u00fcven f\u00fchren, hat die Staatsanwaltschaft Osnabr\u00fcck eine Belohnung in H\u00f6he von 10.000 Euro ausgesetzt.<\/p>\n\n\n\n<p>Hinweise nimmt die Ermittlungsgruppe bei der PI Emsland\/Grafschaft Bentheim unter der Rufnummer 0591\/87-400 sowie jede andere Polizeidienststelle entgegen.&#8220;<\/p>\n\n\n\n<figure class=\"wp-block-image size-full\"><img loading=\"lazy\" decoding=\"async\" width=\"766\" height=\"803\" src=\"https:\/\/www.forum-soegel.de\/information\/wp-content\/uploads\/2022\/06\/Blaulichtmeldungen-Juni-Ausgabe_Polizei-002.jpg\" alt=\"\" class=\"wp-image-32456\" srcset=\"https:\/\/www.forum-soegel.de\/information\/wp-content\/uploads\/2022\/06\/Blaulichtmeldungen-Juni-Ausgabe_Polizei-002.jpg 766w, https:\/\/www.forum-soegel.de\/information\/wp-content\/uploads\/2022\/06\/Blaulichtmeldungen-Juni-Ausgabe_Polizei-002-286x300.jpg 286w\" sizes=\"auto, (max-width: 766px) 100vw, 766px\" \/><figcaption>Erbeutete Herrenuhr der Marke Breitling Chronomat Longitude mit Metallarmband Bei der erbeuteten Uhr handelt es sich um ein Plagiat (Ouelle: PI Emsland\/Grafschaft Bentheim).<\/figcaption><\/figure>\n\n\n\n<p><strong>S\u00f6gel &#8211; Eigent\u00fcmer*in eines Mountainbike gesucht<\/strong><\/p>\n\n\n\n<p>Am Mittwoch, dem 04.05.2022, f\u00fchrten Beamte der Polizeistation H\u00fcmmling-S\u00f6gel eine Verkehrskontrolle in der Industriestra\u00dfe in S\u00f6gel durch. Im Rahmen dieser Kontrolle wurden ein Fahrradfahrer sowie das mitgef\u00fchrte Fahrrad kontrolliert. Bei dem kontrollierten Fahrrad handelte es sich um ein Mountainbike der Marke &#8222;Bulls&#8220;. Eine Abfrage der Rahmennummer ergab, dass dieses Fahrrad im letzten Jahr entwendet wurde. Der Eigent\u00fcmer wurde anschlie\u00dfend ermittelt und erh\u00e4lt sein Mountainbike zur\u00fcck. An der Wohnanschrift der kontrollierten Person wurde zudem ein zweites Mountainbike der Marke &#8222;Bulls&#8220; (27,5 Zoll) in den Farben Schwarz\/Neon Gr\u00fcn kontrolliert. (siehe Bild) Vermutlich wurde dieses Fahrrad ebenfalls entwendet. Die Polizei ist nun auf der Suche nach der Eigent\u00fcmerin bzw. dem Eigent\u00fcmer. Sie werden gebeten, sich mit der Polizeidienststelle in S\u00f6gel unter der Rufnummer 05952\/93450 zu melden.<\/p>\n\n\n\n<figure class=\"wp-block-image size-large\"><img loading=\"lazy\" decoding=\"async\" width=\"1024\" height=\"768\" src=\"https:\/\/www.forum-soegel.de\/information\/wp-content\/uploads\/2022\/06\/Blaulichtmeldungen-Juni-Ausgabe_Polizei-003-1024x768.jpg\" alt=\"\" class=\"wp-image-32457\" srcset=\"https:\/\/www.forum-soegel.de\/information\/wp-content\/uploads\/2022\/06\/Blaulichtmeldungen-Juni-Ausgabe_Polizei-003-1024x768.jpg 1024w, https:\/\/www.forum-soegel.de\/information\/wp-content\/uploads\/2022\/06\/Blaulichtmeldungen-Juni-Ausgabe_Polizei-003-300x225.jpg 300w, https:\/\/www.forum-soegel.de\/information\/wp-content\/uploads\/2022\/06\/Blaulichtmeldungen-Juni-Ausgabe_Polizei-003-768x576.jpg 768w, https:\/\/www.forum-soegel.de\/information\/wp-content\/uploads\/2022\/06\/Blaulichtmeldungen-Juni-Ausgabe_Polizei-003.jpg 1200w\" sizes=\"auto, (max-width: 1024px) 100vw, 1024px\" \/><figcaption>Mountainbike der Marke &#8222;Bulls&#8220; (27,5 Zoll) in den Farben Schwarz\/Neon Gr\u00fcn (Ouelle: Polizei S\u00f6gel)<\/figcaption><\/figure>\n\n\n\n<p><strong>Zeugenaufrufe<\/strong><\/p>\n\n\n\n<p><strong>S\u00f6gel \u2013 GPS-Antenne gestohlen<\/strong><\/p>\n\n\n\n<p>Bislang unbekannte T\u00e4ter haben zwischen dem 8. und dem 11. April an der Stra\u00dfe Waldh\u00f6fe in S\u00f6gel eine GPS-Antenne von einem Trecker entwendet. Es entstand ein Sachschaden in H\u00f6he von etwa 6230 Euro.<\/p>\n\n\n\n<p><strong>Einbruch in Einfamilienhaus in B\u00f6rger<\/strong><\/p>\n\n\n\n<p>Zwischen dem 18. und 25. April kam es in B\u00f6rger in der Stra\u00dfe Marienweg zu einem Einbruch. Die bislang unbekannten T\u00e4ter verschafften sich gewaltsam Zutritt zu einem Einfamilienhaus. Dabei wurde die T\u00fcr besch\u00e4digt. Die T\u00e4ter entwendeten diversen wertlosen Schmuck. Die Schadensh\u00f6he steht bislang noch nicht fest.<\/p>\n\n\n\n<p><strong>H\u00fcven \u2013 Einbruch in Werkshalle<\/strong><\/p>\n\n\n\n<p>Zwischen Freitag und Mittwoch, dem 04.05.2022, verschafften sich bislang unbekannte T\u00e4ter Zugang zu einem Unternehmensgel\u00e4nde an der Stra\u00dfe Westsiedlung in H\u00fcven. Dort brachen sie in eine Halle ein und brachen gewaltsam einen Schrank auf. Nach ersten Erkenntnissen machten sie keine Beute. Es entstand ein Sachschaden in H\u00f6he von etwa 2000 Euro.<\/p>\n\n\n\n<p><strong>S\u00f6gel \u2013 Unfallflucht<\/strong><\/p>\n\n\n\n<p>Am 29. April zwischen 7.50 Uhr und 10.00 Uhr kam es in S\u00f6gel in der Clemens-August-Stra\u00dfe zu einem Verkehrsunfall. Dabei wurde ein blauer Skoda Octavia am Sto\u00dff\u00e4nger und Kotfl\u00fcgel vorne links besch\u00e4digt. Die Schadensh\u00f6he steht bislang noch nicht fest. Der Unfallverursacher entfernte sich von der Unfallstelle, ohne sich um den entstandenen Sachschaden zu k\u00fcmmern.<\/p>\n\n\n\n<p><strong>In allen F\u00e4llen werden Zeugen gebeten, sich bei der Polizei in S\u00f6gel unter der Rufnummer 05952\/93450 zu melden.<\/strong><\/p>\n\n\n\n<p><strong>Verkehrsunf\u00e4lle \/ Ungl\u00fccksf\u00e4lle<\/strong><\/p>\n\n\n\n<p><strong>S\u00f6gel &#8211; 60-J\u00e4hriger verstirbt nach Motorradunfall<\/strong><\/p>\n\n\n\n<p>Am Samstagabend kam es auf der Wahner Stra\u00dfe zu einem t\u00f6dlichen Verkehrsunfall. Kurz vor Mitternacht befuhr ein 24-j\u00e4hriger Mann mit einem Kleintransporter die Landstra\u00dfe in Richtung S\u00f6gel. Aus bislang unbekannten Gr\u00fcnden befand sich ein Motorrad mit einem 60-j\u00e4hrigen Fahrer aus M\u00f6nchengladbach stehend auf der Fahrbahn. Der 24-j\u00e4hrige Fahrer aus S\u00f6gel fuhr auf das Motorrad auf, sodass der Motorradfahrer von seiner Honda geschleudert wurde. Trotz versuchter Reanimation verstarb der 60- j\u00e4hrige Mann aus M\u00f6nchengladbach noch an der Unfallstelle. Die Wahner Stra\u00dfe war f\u00fcr die Zeit der Bergungs- und Rettungsma\u00dfnahmen bis 3.30 Uhr voll gesperrt. Der Schaden ist bislang noch nicht bekannt. Die Polizei hat die Ermittlungen zur Unfallursache aufgenommen.<\/p>\n\n\n\n<p><strong>S\u00f6gel \u2013 56-j\u00e4hriger Mann mit Rollstuhl in Teich gest\u00fcrzt<\/strong><\/p>\n\n\n\n<p>Am Dienstag, dem 26. April 2022, gegen 18.34 Uhr, meldeten Zeugen in S\u00f6gel in der Stra\u00dfe Johann-Bernhard-Hensen Weg eine Person in einem Ententeich. Die Feuerwehr barg die leblose m\u00e4nnliche Person aus dem Wasser im Uferbereich des flachen Gew\u00e4ssers. Der kurze Zeit sp\u00e4ter eintreffende Rettungsdienst und der Notarzt stellten den Tod der Person fest. Nach polizeilichen Ermittlungen st\u00fcrzte der 56-J\u00e4hrige mit seinem Rollstuhl in den Teich am Heimathof und ertrank. Nach bisherigen polizeilichen Ermittlungen liegen keine Hinweise auf ein Fremdverschulden vor.<\/p>\n\n\n\n<p><strong>Feuerwehrmeldungen<\/strong><\/p>\n\n\n\n<p><strong>Gro\u00df Ber\u00dfen &#8211; Brand in einem Waldst\u00fcck<\/strong><\/p>\n\n\n\n<p>Am 23. April gegen 15.45 Uhr geriet ein 30 x 100 Meter gro\u00dfes Waldst\u00fcck in Gro\u00df Ber\u00dfen an der L\u00e4hdener Stra\u00dfe in Brand. Die Brandursache ist bislang noch unklar. Mit f\u00fcnf Fahrzeugen und 30 Einsatzkr\u00e4ften konnte die Feuerwehr Ber\u00dfen mit Unterst\u00fctzung der Feuerwehr S\u00f6gel und Hasel\u00fcnne den Brand schnell unter Kontrolle bringen. Die Schadensh\u00f6he steht bislang noch nicht fest.<\/p>\n\n\n\n<figure class=\"wp-block-image size-large\"><img loading=\"lazy\" decoding=\"async\" width=\"1024\" height=\"641\" src=\"https:\/\/www.forum-soegel.de\/information\/wp-content\/uploads\/2022\/06\/Blaulichtmeldungen-Juni-Ausgabe_Feuerwehr-001-1024x641.png\" alt=\"\" class=\"wp-image-32458\" srcset=\"https:\/\/www.forum-soegel.de\/information\/wp-content\/uploads\/2022\/06\/Blaulichtmeldungen-Juni-Ausgabe_Feuerwehr-001-1024x641.png 1024w, https:\/\/www.forum-soegel.de\/information\/wp-content\/uploads\/2022\/06\/Blaulichtmeldungen-Juni-Ausgabe_Feuerwehr-001-300x188.png 300w, https:\/\/www.forum-soegel.de\/information\/wp-content\/uploads\/2022\/06\/Blaulichtmeldungen-Juni-Ausgabe_Feuerwehr-001-768x481.png 768w, https:\/\/www.forum-soegel.de\/information\/wp-content\/uploads\/2022\/06\/Blaulichtmeldungen-Juni-Ausgabe_Feuerwehr-001-1536x962.png 1536w, https:\/\/www.forum-soegel.de\/information\/wp-content\/uploads\/2022\/06\/Blaulichtmeldungen-Juni-Ausgabe_Feuerwehr-001.png 2028w\" sizes=\"auto, (max-width: 1024px) 100vw, 1024px\" \/><figcaption>Feuerwehr bei der Brandbek\u00e4mpfung in Gro\u00df Ber\u00dfen (Ouelle: SG S\u00f6gel \/ Feuerwehr)<\/figcaption><\/figure>\n\n\n\n<p><strong>Der Feuerwehrpressesprecher der Samtgemeinde S\u00f6gel weist auf die hohe Brandgefahr aufgrund der Trockenheit auf Wald- und Moorfl\u00e4chen hin. Durch den starken Wind besteht die Gefahr, dass sich offenes Feuer schnell ausbreiten kann.<\/strong><\/p>\n\n\n\n<p><strong>S\u00f6gel &#8211; Brand im Garagenanbau verlief glimpflich<\/strong><\/p>\n\n\n\n<p>\u201eGaragenbrand am Mehrfamilienhaus\u201c, so lautete das Alarmstichwort f\u00fcr einen Einsatz der Freiwilligen Feuerwehr S\u00f6gel am Dienstagnachmittag, dem 03.05.2022, gegen 14.53 Uhr. Beim Eintreffen der ersten Kr\u00e4fte konnte Entwarnung gegeben werden, denn ein Hausbewohner hatte die Flammen bereits erfolgreich mit einem Gartenschlauch bek\u00e4mpft. In einem Anbau hinter der Garage war zuvor eine h\u00f6lzerne Bretterwand in Brand geraten. Da sich in unmittelbarer N\u00e4he weitere brennbare Bauteile und der \u00dcbergang zu der trockenen Vegetation befanden, hatte der Brand durchaus das Potential zu einem gr\u00f6\u00dferen Feuer. Mit einer W\u00e4rmebildkamera \u00fcberpr\u00fcften die Feuerwehrleute den Brandort, um verdeckte Glutnester auszuschlie\u00dfen. Im Einsatz war die Feuerwehr mit 15 Kameraden und vier Fahrzeugen. Weitere Kr\u00e4fte konnten im Feuerwehrhaus verbleiben und brauchten nicht mehr auszur\u00fccken.<\/p>\n\n\n\n<p><strong>Eisten &#8211; Abendlicher Fl\u00e4chenbrand &nbsp;<\/strong><\/p>\n\n\n\n<p>Am Montagabend brannte im S\u00f6geler Ortsteil Eisten eine rund 300 Quadratmeter gro\u00dfe Schonung mit Baum- und Buschbest\u00e4nden, auf der vor Jahren Baumstubben zusammengefahren worden waren. Feuerwehrleute aus Ber\u00dfen waren bei einem \u00dcbungseinsatz in Gro\u00df Ber\u00dfen auf die Rauchentwicklung in nord\u00f6stlicher Richtung aufmerksam geworden. In Absprache mit der Feuerwehreinsatzleitstelle machte sich die Feuerwehr auf die Suche und wurde schlie\u00dflich in Eisten in den Raddewiesen in der N\u00e4he der Nordradde f\u00fcndig. Zus\u00e4tzlich wurde dann die Feuerwehr S\u00f6gel alarmiert, so dass binnen kurzer Zeit sechs Einsatzfahrzeuge mit 35 Feuerwehrleuten zur Verf\u00fcgung standen. Ein Landwirt hatte bereits damit begonnen, mit einem G\u00fcllefass das Feuer zu bek\u00e4mpften. Die Feuerwehren setzten zus\u00e4tzlich mehrere Strahlrohre ein, um den Brand, der sich bereits in den Baumstubben auf dem moorigen Unterboden festgesetzt hatte, zu l\u00f6schen. Mit einem Trecker wurden die Stubben auseinandergefahren und der moorhaltige Boden mit Dunghaken ge\u00f6ffnet, so dass auch die letzten Glutnester erfasst werden konnten. Das L\u00f6schwasser wurde mit Tankl\u00f6schfahrzeugen im Pendelverkehr herangefahren. Die Wasserentnahme aus der Radde war wegen der unwegsamen Zufahrt nicht m\u00f6glich. Nach gut zweist\u00fcndigem Einsatz war das Feuer gel\u00f6scht. Die Ursache des Fl\u00e4chenbrandes konnte nicht ermittelt werden.<\/p>\n\n\n\n<figure class=\"wp-block-image size-large\"><img loading=\"lazy\" decoding=\"async\" width=\"1024\" height=\"576\" src=\"https:\/\/www.forum-soegel.de\/information\/wp-content\/uploads\/2022\/06\/Blaulichtmeldungen-Juni-Ausgabe_Feuerwehr-002-1024x576.jpg\" alt=\"\" class=\"wp-image-32459\" srcset=\"https:\/\/www.forum-soegel.de\/information\/wp-content\/uploads\/2022\/06\/Blaulichtmeldungen-Juni-Ausgabe_Feuerwehr-002-1024x576.jpg 1024w, https:\/\/www.forum-soegel.de\/information\/wp-content\/uploads\/2022\/06\/Blaulichtmeldungen-Juni-Ausgabe_Feuerwehr-002-300x169.jpg 300w, https:\/\/www.forum-soegel.de\/information\/wp-content\/uploads\/2022\/06\/Blaulichtmeldungen-Juni-Ausgabe_Feuerwehr-002-768x432.jpg 768w, https:\/\/www.forum-soegel.de\/information\/wp-content\/uploads\/2022\/06\/Blaulichtmeldungen-Juni-Ausgabe_Feuerwehr-002-1536x864.jpg 1536w, https:\/\/www.forum-soegel.de\/information\/wp-content\/uploads\/2022\/06\/Blaulichtmeldungen-Juni-Ausgabe_Feuerwehr-002-2048x1152.jpg 2048w\" sizes=\"auto, (max-width: 1024px) 100vw, 1024px\" \/><figcaption>Zu einem Fl\u00e4chenbrand in einer Schonung in Eisten r\u00fcckten am Montagabend die Feuerwehren Ber\u00dfen und S\u00f6gel aus. Nach zweist\u00fcndigem Einsatz konnte das Feuer gel\u00f6scht werden (Ouelle: SG S\u00f6gel \/ Feuerwehr).<\/figcaption><\/figure>\n\n\n\n<p>Zusammengestellt von Gerd Rode<\/p>\n","protected":false},"excerpt":{"rendered":"Warnhinweis &#8211; Polizei warnt vor Betrugsmasche \u00fcber Messenger-Dienste &#8211; Vollendete Taten in D\u00f6rpen, Papenburg und S\u00f6gel Im Zust\u00e4ndigkeitsbereich der Polizeiinspektion Emsland\/Grafschaft Bentheim kam es in den vergangenen Wochen vermehrt zu falschen Nachrichten \u00fcber Messenger-Dienste wie beispielsweise &#8222;WhatsApp&#8220;. In den Bereichen D\u00f6rpen, Papenburg und S\u00f6gel erbeuteten die unbekannten T\u00e4ter durch diese Betrugsmasche mehrere Tausend Euro bei [&hellip;]\n","protected":false},"author":2,"featured_media":0,"comment_status":"closed","ping_status":"closed","sticky":false,"template":"","format":"standard","meta":{"ngg_post_thumbnail":0,"footnotes":""},"categories":[931],"tags":[],"class_list":["post-32454","post","type-post","status-publish","format-standard","hentry","category-blaulichtreport"],"_links":{"self":[{"href":"https:\/\/www.forum-soegel.de\/information\/wp-json\/wp\/v2\/posts\/32454","targetHints":{"allow":["GET"]}}],"collection":[{"href":"https:\/\/www.forum-soegel.de\/information\/wp-json\/wp\/v2\/posts"}],"about":[{"href":"https:\/\/www.forum-soegel.de\/information\/wp-json\/wp\/v2\/types\/post"}],"author":[{"embeddable":true,"href":"https:\/\/www.forum-soegel.de\/information\/wp-json\/wp\/v2\/users\/2"}],"replies":[{"embeddable":true,"href":"https:\/\/www.forum-soegel.de\/information\/wp-json\/wp\/v2\/comments?post=32454"}],"version-history":[{"count":1,"href":"https:\/\/www.forum-soegel.de\/information\/wp-json\/wp\/v2\/posts\/32454\/revisions"}],"predecessor-version":[{"id":32460,"href":"https:\/\/www.forum-soegel.de\/information\/wp-json\/wp\/v2\/posts\/32454\/revisions\/32460"}],"wp:attachment":[{"href":"https:\/\/www.forum-soegel.de\/information\/wp-json\/wp\/v2\/media?parent=32454"}],"wp:term":[{"taxonomy":"category","embeddable":true,"href":"https:\/\/www.forum-soegel.de\/information\/wp-json\/wp\/v2\/categories?post=32454"},{"taxonomy":"post_tag","embeddable":true,"href":"https:\/\/www.forum-soegel.de\/information\/wp-json\/wp\/v2\/tags?post=32454"}],"curies":[{"name":"wp","href":"https:\/\/api.w.org\/{rel}","templated":true}]}}