{"id":3207,"date":"2010-09-01T00:32:14","date_gmt":"2010-08-31T22:32:14","guid":{"rendered":"https:\/\/www.forum-soegel.de\/information\/?p=3207"},"modified":"2010-08-30T18:53:29","modified_gmt":"2010-08-30T16:53:29","slug":"ein-bericht-uber-das-hummling-krankenhaus-in-sogel-von-den-druckerpatronen","status":"publish","type":"post","link":"https:\/\/www.forum-soegel.de\/information\/2010\/09\/ein-bericht-uber-das-hummling-krankenhaus-in-sogel-von-den-druckerpatronen\/","title":{"rendered":"Ein Bericht \u00fcber das H\u00fcmmling Krankenhaus in S\u00f6gel von den Druckerpatronen."},"content":{"rendered":"<div id=\"_mcePaste\">Der Krei\u00dfsaal<\/div>\n<div id=\"_mcePaste\">&#8222;Am Mittwoch, dem 11.8.10 waren wir im H\u00fcmmling Krankenhaus S\u00f6gel. Dort hatten wir eine sehr interessante F\u00fchrung durch das ganze Geb\u00e4ude mit der Krankenschwester Ria Voss. Besonders gut hat es uns dort gefallen, wo das Leben beginnt, im Krei\u00dfsaal!!! Im Krei\u00dfsaal vom S\u00f6geler Krankenhaus gibt es \u00a0zwei Geburtszimmer, mit jeweils einem Geburtsbett. F\u00fcr Babys, die mit einem Kaiserschnitt auf die Welt kommen, gibt es ein beheiztes Bett. Da den Babys unmittelbar nach der Geburt kalt ist, gibt es auch beheizte Kleidung f\u00fcr alle.<\/div>\n<div id=\"_mcePaste\">PS: Sehr empfehlenswert sind solche Gruppenf\u00fchrungen, weil man ganz viel Wissenswertes \u00fcber das H\u00fcmmling Krankenhaus lernt und sieht.<\/div>\n<div id=\"_mcePaste\">Lea Koldemeyer und Sophia Schr\u00f6er<\/div>\n<div id=\"_mcePaste\">Die Kinderstation<\/div>\n<div id=\"_mcePaste\">Auf der Kinderstation werden die Neugeborenen versorgt. Hier werden sie von u.a. Schwester Marianne gepflegt und gef\u00fcttert, wenn beispielsweise ihre M\u00fctter nach der Geburt noch nicht wieder so fit sind. Es gibt einen Schlafraum f\u00fcr die Baby\u00b4s und einen Stillraum, wo die M\u00fctter ihre Kinder stillen k\u00f6nnen wenn sie noch Hilfe ben\u00f6tigen. Normalerweise bleiben die Baby\u00b4s immer zwischen drei und sechs Tagen im Krankenhaus. Im Jahr gibt es ca. 300 Geburten dort.<\/div>\n<div id=\"_mcePaste\">Ann-Christin Sandmann und Jolina Dierkes<\/div>\n<div id=\"_mcePaste\">Die B\u00e4derabteilung<\/div>\n<div id=\"_mcePaste\">In der B\u00e4derabteilung (auch genannt: physikalische Abteilung) \u00a0zeigte uns Ria Voss viele interessante R\u00e4ume. Unter anderem gab es den Gymnastikraum, den Behandlungsraum und das Schwimmbad. Wir erfuhren, dass im Behandlungsraum Fu\u00dfpflege gemacht wird. Au\u00dferdem erz\u00e4hlte sie uns, dass oft Diabeteker Fu\u00dfpflege brauchen, da ihre Fu\u00df oft schlecht durchblutet sind. Im Schwimmbad wird Wassergymnastik veranstaltet und im Gymnastikraum wird der K\u00f6rper durch Sportger\u00e4te wieder aufgebaut. Es war sehr lehrreich.<\/div>\n<div id=\"_mcePaste\">Judith Robbers, Hanna Cloppenburg und Theresa Cloppenburg<\/div>\n<div id=\"_mcePaste\">Der OP-Saal<\/div>\n<div id=\"_mcePaste\">Der Raum befindet sich im S\u00f6geler Krankenhaus im zweiten Stock. Dort werden kranke Menschen bzw. Notf\u00e4lle operiert. Der Chirurg arbeitet mit vielen Helfern dort zusammen. Alles muss sauber und steril sein. Die Chirurgen die dort<\/div>\n<div id=\"_mcePaste\">arbeiten, benutzen viele Operationsinstrumente. Auch viele<\/div>\n<div id=\"_mcePaste\">elektrische Ger\u00e4te sind dort. Die W\u00e4nde sind gr\u00fcn angemalt.<\/div>\n<div id=\"_mcePaste\">Luis Hinrichs und Philip Dierkes<\/div>\n<div id=\"_mcePaste\">Der Verabschiedungsraum im Krankenhaus<\/div>\n<div id=\"_mcePaste\">Am 11. August waren wir mit der gesamten Jugendredaktion im H\u00fcmmling Krankenhaus. Im Verabschiedungsraum k\u00f6nnen sich die Angeh\u00f6rigen von \u00a0Verstorbenen verabschieden. Der Verstorbene wird dann auf einer Bahre aufbewahrt und der Raum ist entsprechend gestaltet.<\/div>\n<div id=\"_mcePaste\">Sebastian Schulte und Stefan Wigbers<\/div>\n<div id=\"_mcePaste\">Unsere neuen Redakteure dazu:<\/div>\n<div id=\"_mcePaste\">Mein \u00a0erster Tag bei der Jugendredaktion war sehr interessant. Wir besuchten das H\u00fcmmling- Krankenhaus S\u00f6gel. Als erstes waren wir in der chirurgischen Abteilung. Dort wurde uns der OP-Bereich genau erkl\u00e4rt und gezeigt. Das war f\u00fcr mich besonders spannend, weil ich mir im Sommer den Arm gebrochen hatte und nun den OP, in dem ich operiert wurde, ohne Schmerzen und auch ohne Narkose ansehen konnte. Anschlie\u00dfend gingen wir in den Kreissaal und in die Neugeborenenabteilung. Wir sahen ein 23 Stunden altes Baby. Leider musste ich etwas eher gehen als die Anderen. Ich freue mich schon auf die n\u00e4chste Sitzung der Jugendredaktion.<\/div>\n<div id=\"_mcePaste\">Malte Wagener<\/div>\n<div id=\"_mcePaste\">Nachdem wir uns beim Krankenhaus getroffen hatten, wurden wir durch viele Abteilungen gef\u00fchrt. Unsere Gruppenleiterin konnte \u00a0uns zu jedem Raum interessante Informationen geben. In den OP-R\u00e4umen war mir ein wenig mulmig, denn dort lagen Spritzen und andere Instrumente. \u00a0Auf der Neugeborenenstation war es freundlicher, dort konnten wir sogar zwei Babys sehen. \u00a0Ich fand meinen ersten Tag in der Jugendredaktion spannend und informativ.<\/div>\n<div id=\"_mcePaste\">Marc Joel Schmitt<\/div>\n<div><a href=\"https:\/\/www.forum-soegel.de\/information\/wp-content\/uploads\/2010\/09\/H\u00fcmmlingkrankenhaus-Abschiedsraum1.jpg\"><img loading=\"lazy\" decoding=\"async\" class=\"alignnone size-thumbnail wp-image-3212\" title=\"H\u00fcmmlingkrankenhaus Abschiedsraum\" src=\"https:\/\/www.forum-soegel.de\/information\/wp-content\/uploads\/2010\/09\/H\u00fcmmlingkrankenhaus-Abschiedsraum1-150x150.jpg\" alt=\"\" width=\"150\" height=\"150\" \/><\/a> <a href=\"https:\/\/www.forum-soegel.de\/information\/wp-content\/uploads\/2010\/09\/H\u00fcmmlingkrankenhaus-B\u00e4derabteilung-I.jpg\"><img loading=\"lazy\" decoding=\"async\" class=\"alignnone size-thumbnail wp-image-3213\" title=\"H\u00fcmmlingkrankenhaus B\u00e4derabteilung I\" src=\"https:\/\/www.forum-soegel.de\/information\/wp-content\/uploads\/2010\/09\/H\u00fcmmlingkrankenhaus-B\u00e4derabteilung-I-150x150.jpg\" alt=\"\" width=\"150\" height=\"150\" \/><\/a> <a href=\"https:\/\/www.forum-soegel.de\/information\/wp-content\/uploads\/2010\/09\/H\u00fcmmlingkrankenhaus-B\u00e4derabteilung-II.jpg\"><img loading=\"lazy\" decoding=\"async\" class=\"alignnone size-thumbnail wp-image-3214\" title=\"H\u00fcmmlingkrankenhaus B\u00e4derabteilung II\" src=\"https:\/\/www.forum-soegel.de\/information\/wp-content\/uploads\/2010\/09\/H\u00fcmmlingkrankenhaus-B\u00e4derabteilung-II-150x150.jpg\" alt=\"\" width=\"150\" height=\"150\" \/><\/a><\/div>\n<div><a href=\"https:\/\/www.forum-soegel.de\/information\/wp-content\/uploads\/2010\/09\/H\u00fcmmlingkrankenhaus-Krei\u00dfsaal.jpg\"><img loading=\"lazy\" decoding=\"async\" class=\"alignnone size-thumbnail wp-image-3215\" title=\"H\u00fcmmlingkrankenhaus Krei\u00dfsaal\" src=\"https:\/\/www.forum-soegel.de\/information\/wp-content\/uploads\/2010\/09\/H\u00fcmmlingkrankenhaus-Krei\u00dfsaal-150x150.jpg\" alt=\"\" width=\"150\" height=\"150\" \/><\/a><\/div>\n","protected":false},"excerpt":{"rendered":"Der Krei\u00dfsaal &#8222;Am Mittwoch, dem 11.8.10 waren wir im H\u00fcmmling Krankenhaus S\u00f6gel. Dort hatten wir eine sehr interessante F\u00fchrung durch das ganze Geb\u00e4ude mit der Krankenschwester Ria Voss. Besonders gut hat es uns dort gefallen, wo das Leben beginnt, im Krei\u00dfsaal!!! Im Krei\u00dfsaal vom S\u00f6geler Krankenhaus gibt es \u00a0zwei Geburtszimmer, mit jeweils einem Geburtsbett. F\u00fcr [&hellip;]\n","protected":false},"author":2,"featured_media":0,"comment_status":"closed","ping_status":"closed","sticky":false,"template":"","format":"standard","meta":{"ngg_post_thumbnail":0,"footnotes":""},"categories":[276],"tags":[],"class_list":["post-3207","post","type-post","status-publish","format-standard","hentry","category-jugend-schreibt"],"_links":{"self":[{"href":"https:\/\/www.forum-soegel.de\/information\/wp-json\/wp\/v2\/posts\/3207","targetHints":{"allow":["GET"]}}],"collection":[{"href":"https:\/\/www.forum-soegel.de\/information\/wp-json\/wp\/v2\/posts"}],"about":[{"href":"https:\/\/www.forum-soegel.de\/information\/wp-json\/wp\/v2\/types\/post"}],"author":[{"embeddable":true,"href":"https:\/\/www.forum-soegel.de\/information\/wp-json\/wp\/v2\/users\/2"}],"replies":[{"embeddable":true,"href":"https:\/\/www.forum-soegel.de\/information\/wp-json\/wp\/v2\/comments?post=3207"}],"version-history":[{"count":6,"href":"https:\/\/www.forum-soegel.de\/information\/wp-json\/wp\/v2\/posts\/3207\/revisions"}],"predecessor-version":[{"id":3211,"href":"https:\/\/www.forum-soegel.de\/information\/wp-json\/wp\/v2\/posts\/3207\/revisions\/3211"}],"wp:attachment":[{"href":"https:\/\/www.forum-soegel.de\/information\/wp-json\/wp\/v2\/media?parent=3207"}],"wp:term":[{"taxonomy":"category","embeddable":true,"href":"https:\/\/www.forum-soegel.de\/information\/wp-json\/wp\/v2\/categories?post=3207"},{"taxonomy":"post_tag","embeddable":true,"href":"https:\/\/www.forum-soegel.de\/information\/wp-json\/wp\/v2\/tags?post=3207"}],"curies":[{"name":"wp","href":"https:\/\/api.w.org\/{rel}","templated":true}]}}