{"id":32030,"date":"2022-03-07T13:45:06","date_gmt":"2022-03-07T12:45:06","guid":{"rendered":"https:\/\/www.forum-soegel.de\/information\/?p=32030"},"modified":"2022-03-07T13:45:30","modified_gmt":"2022-03-07T12:45:30","slug":"reinhard-kurlemann-wiedergewaehlt","status":"publish","type":"post","link":"https:\/\/www.forum-soegel.de\/information\/2022\/03\/reinhard-kurlemann-wiedergewaehlt\/","title":{"rendered":"Reinhard Kurlemann wiedergew\u00e4hlt"},"content":{"rendered":"\n<p><strong>B\u00fcrgermeister freut sich \u00fcber viele Frauen im neuen Rat<\/strong><\/p>\n\n\n\n<div class=\"wp-block-image\"><figure class=\"alignleft size-large is-resized\"><a href=\"https:\/\/www.forum-soegel.de\/information\/wp-content\/uploads\/2022\/03\/Reinhard-Kurlemann-wiedergewaehlt.jpg\"><img loading=\"lazy\" decoding=\"async\" src=\"https:\/\/www.forum-soegel.de\/information\/wp-content\/uploads\/2022\/03\/Reinhard-Kurlemann-wiedergewaehlt-1024x768.jpg\" alt=\"\" class=\"wp-image-32031\" width=\"379\" height=\"284\" srcset=\"https:\/\/www.forum-soegel.de\/information\/wp-content\/uploads\/2022\/03\/Reinhard-Kurlemann-wiedergewaehlt-1024x768.jpg 1024w, https:\/\/www.forum-soegel.de\/information\/wp-content\/uploads\/2022\/03\/Reinhard-Kurlemann-wiedergewaehlt-300x225.jpg 300w, https:\/\/www.forum-soegel.de\/information\/wp-content\/uploads\/2022\/03\/Reinhard-Kurlemann-wiedergewaehlt-768x576.jpg 768w, https:\/\/www.forum-soegel.de\/information\/wp-content\/uploads\/2022\/03\/Reinhard-Kurlemann-wiedergewaehlt-1536x1152.jpg 1536w, https:\/\/www.forum-soegel.de\/information\/wp-content\/uploads\/2022\/03\/Reinhard-Kurlemann-wiedergewaehlt.jpg 2016w\" sizes=\"auto, (max-width: 379px) 100vw, 379px\" \/><\/a><\/figure><\/div>\n\n\n\n<p>Gro\u00df Ber\u00dfen &#8211; Diese Quote kann sich wahrlich sehen lassen: Im neuen Gemeinderat in Gro\u00df Ber\u00dfen stellen Frauen fast die H\u00e4lfte aller Ratsmitglieder. Nach der konstituierenden Sitzung sind vier der insgesamt neun Sitze im Rat der H\u00fcmmlinggemeinde weiblich besetzt. Der wiedergew\u00e4hlte B\u00fcrgermeister Reinhard Kurlemann (CDU) vermutet, dass Gro\u00df Ber\u00dfen die Gemeinde mit dem gr\u00f6\u00dften Frauenanteil im Rat im Landkreis Emsland und sogar \u00fcber die Kreisgrenze hinaus sein k\u00f6nnte.<\/p>\n\n\n\n<p>Insgesamt hat sich der Rat fast runderneuert.&nbsp;So&nbsp;sind nur noch zwei der bisherigen Ratsmitglieder im neuen Gremium vertreten. Dazu z\u00e4hlen der in seiner Funktion wiedergew\u00e4hlte B\u00fcrgermeister Kurlemann sowie J\u00fcrgen L\u00fccken, der die Aufgabe des Gemeindedirektors \u00fcbernimmt. Hannelore Buschen wurde zur ersten stellvertretenden B\u00fcrgermeisterin gew\u00e4hlt. Melanie B\u00fcter fungiert als zweite Stellvertreterin. Zweiter Gemeindedirektor ist Daniel Deimann.<\/p>\n\n\n\n<p>Kurlemann freut sich auf die Zusammenarbeit mit dem neuen Team. Zum ersten Mal besteht der Rat der Gemeinde nicht ausschlie\u00dflich aus CDU-Mitgliedern. Anke Stevens ist als parteiloses Mitglied hinzugekommen. \u201eNichtsdestotrotz werden wir die Parteipolitik nicht in den Vordergrund stellen, sondern die anstehenden Themen gleich partei\u00fcbergreifend im Gemeinderat er\u00f6rtern, ohne vorab Fraktionssitzungen durchzuf\u00fchren&#8220;, betont der B\u00fcrgermeister.<\/p>\n\n\n\n<p>Kurlemann tritt seine mittlerweile f\u00fcnfte Amtszeit als B\u00fcrgermeister an. Sein Ziel, in jeder Wahlperiode mindestens ein neues Baugebiet in Gro\u00df Ber\u00dfen zu erschlie\u00dfen, habe er bisher durchsetzen k\u00f6nnen. Nun st\u00fcnden die Planungen f\u00fcr ein weiteres Baugebiet an, da nach seinen Worten Baupl\u00e4tze weiterhin dringend ben\u00f6tigt werden. Als weitere Themen habe der Gemeinderat die Flurbereinigung und die Realisierung der Naturerlebnisfl\u00e4che auf seiner Agenda. \u201eAuf unserem Wunschzettel stehen weiterhin die energetische Sanierung des Dorfgemeinschaftshauses und die Umstellung der Stra\u00dfenbeleuchtung auf LED-Technik&#8220;, so Kurlemann.<\/p>\n\n\n\n<p>Der neue Gemeinderat in Gro\u00df Ber\u00dfen setzt sich wie folgt zusammen: B\u00fcrgermeister Reinhard Kurlemann, Stephanie Behnen, Daniel Deimann, Hannelore Buschen, Florian Schlangen, Melanie B\u00fcter, Alexander Kanna\u00df, Anke Stevens und Gemeindedirektor J\u00fcrgen L\u00fcken.<br><br><\/p>\n\n\n\n<p>Text\/Foto: Gemeinde Gro\u00df Ber\u00dfen<\/p>\n","protected":false},"excerpt":{"rendered":"B\u00fcrgermeister freut sich \u00fcber viele Frauen im neuen Rat Gro\u00df Ber\u00dfen &#8211; Diese Quote kann sich wahrlich sehen lassen: Im neuen Gemeinderat in Gro\u00df Ber\u00dfen stellen Frauen fast die H\u00e4lfte aller Ratsmitglieder. Nach der konstituierenden Sitzung sind vier der insgesamt neun Sitze im Rat der H\u00fcmmlinggemeinde weiblich besetzt. Der wiedergew\u00e4hlte B\u00fcrgermeister Reinhard Kurlemann (CDU) vermutet, [&hellip;]\n","protected":false},"author":2,"featured_media":0,"comment_status":"closed","ping_status":"closed","sticky":false,"template":"","format":"standard","meta":{"ngg_post_thumbnail":0,"footnotes":""},"categories":[3],"tags":[],"class_list":["post-32030","post","type-post","status-publish","format-standard","hentry","category-aktuelles-aus-der-region"],"_links":{"self":[{"href":"https:\/\/www.forum-soegel.de\/information\/wp-json\/wp\/v2\/posts\/32030","targetHints":{"allow":["GET"]}}],"collection":[{"href":"https:\/\/www.forum-soegel.de\/information\/wp-json\/wp\/v2\/posts"}],"about":[{"href":"https:\/\/www.forum-soegel.de\/information\/wp-json\/wp\/v2\/types\/post"}],"author":[{"embeddable":true,"href":"https:\/\/www.forum-soegel.de\/information\/wp-json\/wp\/v2\/users\/2"}],"replies":[{"embeddable":true,"href":"https:\/\/www.forum-soegel.de\/information\/wp-json\/wp\/v2\/comments?post=32030"}],"version-history":[{"count":2,"href":"https:\/\/www.forum-soegel.de\/information\/wp-json\/wp\/v2\/posts\/32030\/revisions"}],"predecessor-version":[{"id":32033,"href":"https:\/\/www.forum-soegel.de\/information\/wp-json\/wp\/v2\/posts\/32030\/revisions\/32033"}],"wp:attachment":[{"href":"https:\/\/www.forum-soegel.de\/information\/wp-json\/wp\/v2\/media?parent=32030"}],"wp:term":[{"taxonomy":"category","embeddable":true,"href":"https:\/\/www.forum-soegel.de\/information\/wp-json\/wp\/v2\/categories?post=32030"},{"taxonomy":"post_tag","embeddable":true,"href":"https:\/\/www.forum-soegel.de\/information\/wp-json\/wp\/v2\/tags?post=32030"}],"curies":[{"name":"wp","href":"https:\/\/api.w.org\/{rel}","templated":true}]}}