{"id":32027,"date":"2022-03-07T13:43:33","date_gmt":"2022-03-07T12:43:33","guid":{"rendered":"https:\/\/www.forum-soegel.de\/information\/?p=32027"},"modified":"2022-03-07T13:43:33","modified_gmt":"2022-03-07T12:43:33","slug":"nistkaesten-aktion-spd-soegel-setzt-sich-auch-in-diesem-jahr-fuer-heimische-singvoegel-und-die-natuerliche-bekaempfung-des-eichenprozessionsspinners-ein","status":"publish","type":"post","link":"https:\/\/www.forum-soegel.de\/information\/2022\/03\/nistkaesten-aktion-spd-soegel-setzt-sich-auch-in-diesem-jahr-fuer-heimische-singvoegel-und-die-natuerliche-bekaempfung-des-eichenprozessionsspinners-ein\/","title":{"rendered":"Nistk\u00e4sten-Aktion: SPD S\u00f6gel setzt sich auch in diesem Jahr f\u00fcr heimische Singv\u00f6gel und die nat\u00fcrliche Bek\u00e4mpfung des Eichenprozessionsspinners ein"},"content":{"rendered":"\n<p>S\u00f6gel &#8211; Der SPD-Ortsverein macht sich auch in diesem Jahr stark f\u00fcr die F\u00f6rderung des Vogelbestands und die Bek\u00e4mpfung des Eichenprozessionsspinners: So bietet die Partei der S\u00f6geler Bev\u00f6lkerung Nistk\u00e4sten gegen eine Spende an, um vor allem Meisen ein Heim zu bieten. Interessierte k\u00f6nnen sich direkt bei dem Ortsverein per Mail unter <a href=\"mailto:info@spd-soegel.de\">info@spd-soegel.de<\/a> oder \u00fcber das Kontaktformular auf <a href=\"https:\/\/www.spd-soegel.de\/kontakt\/\">https:\/\/www.spd-soegel.de\/kontakt\/<\/a> melden.<\/p>\n\n\n\n<p>Im Kampf gegen den Eichenprozessionsspinner sieht die SPD S\u00f6gel den Einsatz von Bioziden &#8211; also von Sch\u00e4dlingsbek\u00e4mpfungsmittel &#8211; sehr kritisch. \u201eBiozide greifen leider nicht nur den Eichenprozessionsspinner, sondern auch andere Insekten und die umliegende Natur an. Hier m\u00fcssen wir nach Alternativen suchen\u201c, so der Ortsvereinsvorsitzende Lars Bollmann.<\/p>\n\n\n\n<p>Dabei setzen sich die Sozialdemokraten f\u00fcr eine v\u00f6llig nat\u00fcrliche L\u00f6sung ein: die heimischen Singv\u00f6gel. \u201eDurch das Anbringen von Nistk\u00e4sten bringen wir den nat\u00fcrlichen Fressfeind in die Nachbarschaft des Eichenprozessionsspinners und k\u00f6nnen so seine Population verringern\u201d, erkl\u00e4rt die Co-Vorsitzende Silke Helbich.<\/p>\n\n\n\n<p>Beim Aufh\u00e4ngen der Nistk\u00e4sten ist folgendes zu ber\u00fccksichtigen. \u201eDie K\u00e4sten sollten in drei bis vier Metern H\u00f6he mit S\u00fcd-Ost-Ausrichtung aufgeh\u00e4ngt werden\u201c, erkl\u00e4rt Bollmann. Wichtig sei au\u00dferdem, dass dabei Alu-N\u00e4gel benutzt werden. \u201eEisenn\u00e4gel rosten und verf\u00e4rben das Holz.\u201c<\/p>\n\n\n\n<p>Nat\u00fcrlich kann jede und jeder die K\u00e4sten in seinem Garten aufh\u00e4ngen. \u201eWer sie in \u00f6ffentlichen B\u00e4umen aufh\u00e4ngen m\u00f6chte, sollte dies vorab mit der Gemeindeverwaltung kl\u00e4ren\u201c, so Helbich.<\/p>\n\n\n\n<p>Bereits im letzten Jahr hatte der SPD-Ortsverein diese Aktion initiiert. Damals wurden gegen eine kleine Spende ca. 60 Nistk\u00e4sten an die B\u00fcrgerinnen und B\u00fcrger verteilt.<\/p>\n\n\n\n<p>\u201eWir haben noch weitere 40 Nistk\u00e4sten-Baus\u00e4tze zur Verf\u00fcgung, die wir nun gerne an Interessierte vergeben m\u00f6chten\u201d, erl\u00e4utert Ronald Br\u00e4utigam, Vorstandsmitglied des SPD-Ortsvereins, Mitinitiator und Sponsor der Nistk\u00e4sten. Die Baus\u00e4tze stammen laut Br\u00e4utigam von den Caritas Werkst\u00e4tten in B\u00f6rger.<\/p>\n\n\n\n<p>Weiterer Anreiz zum Mitmachen: Die Teilnehmenden der Aktion haben die Chance auf einen Gewinn: Wer ein Bild des fertiggestellten Nistkastens an info@spd-soegel.de schickt, nimmt an der Pr\u00e4mierung des sch\u00f6nsten Nistkastens teil. Die Gewinnerin bzw. der Gewinner erh\u00e4lt einen S\u00f6gel-Gutschein in H\u00f6he von 30 \u20ac. Der Reinerl\u00f6s der Aktion wird auch in diesem Jahr dem Verein \u201eBauchgef\u00fchl&#8220; sowie dem Gnadenhof \u201eMelief\u201c zu Gute kommen.<\/p>\n\n\n\n<p>Text: Ronald Br\u00e4utigam \/ Silke Helbich \/ Foto: SPD S\u00f6gel<\/p>\n\n\n\n<figure class=\"wp-block-image size-large\"><a href=\"https:\/\/www.forum-soegel.de\/information\/wp-content\/uploads\/2022\/03\/Nistkaesten-Aktion-SPD-scaled.jpg\"><img loading=\"lazy\" decoding=\"async\" width=\"1024\" height=\"819\" src=\"https:\/\/www.forum-soegel.de\/information\/wp-content\/uploads\/2022\/03\/Nistkaesten-Aktion-SPD-1024x819.jpg\" alt=\"\" class=\"wp-image-32028\" srcset=\"https:\/\/www.forum-soegel.de\/information\/wp-content\/uploads\/2022\/03\/Nistkaesten-Aktion-SPD-1024x819.jpg 1024w, https:\/\/www.forum-soegel.de\/information\/wp-content\/uploads\/2022\/03\/Nistkaesten-Aktion-SPD-300x240.jpg 300w, https:\/\/www.forum-soegel.de\/information\/wp-content\/uploads\/2022\/03\/Nistkaesten-Aktion-SPD-768x614.jpg 768w, https:\/\/www.forum-soegel.de\/information\/wp-content\/uploads\/2022\/03\/Nistkaesten-Aktion-SPD-1536x1229.jpg 1536w, https:\/\/www.forum-soegel.de\/information\/wp-content\/uploads\/2022\/03\/Nistkaesten-Aktion-SPD-2048x1638.jpg 2048w\" sizes=\"auto, (max-width: 1024px) 100vw, 1024px\" \/><\/a><figcaption>: Die SPD-Ortsvereinsvorsitzenden Silke Helbich und Lars Bollmann freuen sich auf viele Teilnehmerinnen und Teilnehmer bei der diesj\u00e4hrigen Nistk\u00e4sten-Aktion.<\/figcaption><\/figure>\n","protected":false},"excerpt":{"rendered":"S\u00f6gel &#8211; Der SPD-Ortsverein macht sich auch in diesem Jahr stark f\u00fcr die F\u00f6rderung des Vogelbestands und die Bek\u00e4mpfung des Eichenprozessionsspinners: So bietet die Partei der S\u00f6geler Bev\u00f6lkerung Nistk\u00e4sten gegen eine Spende an, um vor allem Meisen ein Heim zu bieten. Interessierte k\u00f6nnen sich direkt bei dem Ortsverein per Mail unter info@spd-soegel.de oder \u00fcber das [&hellip;]\n","protected":false},"author":2,"featured_media":0,"comment_status":"closed","ping_status":"closed","sticky":false,"template":"","format":"standard","meta":{"ngg_post_thumbnail":0,"footnotes":""},"categories":[3],"tags":[],"class_list":["post-32027","post","type-post","status-publish","format-standard","hentry","category-aktuelles-aus-der-region"],"_links":{"self":[{"href":"https:\/\/www.forum-soegel.de\/information\/wp-json\/wp\/v2\/posts\/32027","targetHints":{"allow":["GET"]}}],"collection":[{"href":"https:\/\/www.forum-soegel.de\/information\/wp-json\/wp\/v2\/posts"}],"about":[{"href":"https:\/\/www.forum-soegel.de\/information\/wp-json\/wp\/v2\/types\/post"}],"author":[{"embeddable":true,"href":"https:\/\/www.forum-soegel.de\/information\/wp-json\/wp\/v2\/users\/2"}],"replies":[{"embeddable":true,"href":"https:\/\/www.forum-soegel.de\/information\/wp-json\/wp\/v2\/comments?post=32027"}],"version-history":[{"count":1,"href":"https:\/\/www.forum-soegel.de\/information\/wp-json\/wp\/v2\/posts\/32027\/revisions"}],"predecessor-version":[{"id":32029,"href":"https:\/\/www.forum-soegel.de\/information\/wp-json\/wp\/v2\/posts\/32027\/revisions\/32029"}],"wp:attachment":[{"href":"https:\/\/www.forum-soegel.de\/information\/wp-json\/wp\/v2\/media?parent=32027"}],"wp:term":[{"taxonomy":"category","embeddable":true,"href":"https:\/\/www.forum-soegel.de\/information\/wp-json\/wp\/v2\/categories?post=32027"},{"taxonomy":"post_tag","embeddable":true,"href":"https:\/\/www.forum-soegel.de\/information\/wp-json\/wp\/v2\/tags?post=32027"}],"curies":[{"name":"wp","href":"https:\/\/api.w.org\/{rel}","templated":true}]}}