{"id":32024,"date":"2022-03-07T13:41:37","date_gmt":"2022-03-07T12:41:37","guid":{"rendered":"https:\/\/www.forum-soegel.de\/information\/?p=32024"},"modified":"2022-03-07T13:41:37","modified_gmt":"2022-03-07T12:41:37","slug":"nach-restaurierung-clemens-august-gemaelde-zurueck-am-schloss","status":"publish","type":"post","link":"https:\/\/www.forum-soegel.de\/information\/2022\/03\/nach-restaurierung-clemens-august-gemaelde-zurueck-am-schloss\/","title":{"rendered":"Nach Restaurierung: Clemens-August-Gem\u00e4lde zur\u00fcck am Schloss"},"content":{"rendered":"\n<div class=\"wp-block-image\"><figure class=\"alignleft size-full\"><img loading=\"lazy\" decoding=\"async\" width=\"201\" height=\"130\" src=\"https:\/\/www.forum-soegel.de\/information\/wp-content\/uploads\/2015\/09\/Schloss-Clemenswerth.jpg\" alt=\"\" class=\"wp-image-17258\"\/><\/figure><\/div>\n\n\n\n<p>S\u00f6gel &#8211; Bereits im letzten Jahr konnte das Emslandmuseum Schloss Clemenswerth ein Gem\u00e4lde erwerben, das den noch jungen Clemens August (1700 \u2013 1761) Anfang der 1720er Jahre abbildet. \u201eSolche Angebote sind recht selten. Nach Begutachtung und Recherche haben wir uns relativ schnell daf\u00fcr entschieden, dass in seiner malerischen Qualit\u00e4t hochwertige, jedoch in seinem Zustand eher bedenkliche Bild anzukaufen\u201c, berichtet Museumsdirektor Oliver Fok. Um das Gem\u00e4lde ausstellungsw\u00fcrdig zu machen und vor weiteren Sch\u00e4den zu sch\u00fctzen, war es einige Monate in der Werkstatt der Restauratorin Stefanie Nagel bei Buchholz. Nach restauratorischen Anspr\u00fcchen achtete Stefanie Nagel bei allen Ma\u00dfnahmen sehr genau auf ihren Nutzen f\u00fcr das rund 300 Jahre alte Bild: \u201eDenn Restaurieren hei\u00dft nicht neu machen, sondern sich dem Originalzustand wieder anzun\u00e4hern und zugleich die Geschichte des Bildes sichtbar zu erhalten\u201c, sagt Nagel.<\/p>\n\n\n\n<p>Das Gem\u00e4lde hing wohl \u00fcber viele Generationen auf Gut Altenkamp. Eine alte Schwarz-Wei\u00df-Fotografie best\u00e4tigt diese Annahme. Es zeigt einen Raumzustand des sp\u00e4ten 19. Jahrhunderts, in dem das Bild \u00fcber einem Kamin im Gartensaal h\u00e4ngt. 1981 verkaufte die Familie Behnes das seit 1856 in ihrem Besitz befindliche Gut an die Stadt Papenburg. Das Bildnis von Clemens August ging in diesem Zuge als Nachlass an Hedwig Morhenn (geb. Behnes). Und so schlie\u00dft sich der Kreis: Nach ihrem Tod hat die Tochter Annette Gieling das Gem\u00e4lde dem Emslandmuseum zum Kauf angeboten. \u201eDamit konnte ich meiner Mutter den Wunsch erf\u00fcllen, dass das Bild vom Niederrhein in das Emsland zur\u00fcckkehrt\u201c, sagt Gieling mit Freude und Stolz. Und damit es auch ausgestellt werden kann, \u00fcbernahm sie die Kosten f\u00fcr die Restaurierung. \u201eDas Gem\u00e4lde kommt auf Schloss Clemenswerth nicht nur an einen passenden und unikalen Ort, sondern kann hier auch von vielen Menschen betrachtet werden \u2013 und das ist es doch, was Kunst und Kultur letztlich braucht: Die Begegnung mit den Menschen!\u201c, betont Landrat Marc-Andr\u00e9 Burgdorf.<\/p>\n\n\n\n<p>Auch wenn der Maler des 107 x 97 cm gro\u00dfen Gem\u00e4ldes nicht bekannt ist, so kann das Bild in der Werkstatt oder aus dem Umfeld des franz\u00f6sischen Malers Joseph Vivien (1657 \u2013 1734) entstanden sein, der um 1700 zu einem der f\u00fchrenden Portr\u00e4tisten von Paris aufstieg. Hierf\u00fcr sprechen nach Ansicht von Museumsdirektor Oliver Fok zwei wichtige Indizien. Dies ist zum einen die k\u00fcnstlerische Pr\u00e4sens Viviens im famili\u00e4ren Umkreis von Clemens Augst. So war der K\u00fcnstler f\u00fcr den Vater, dann auch f\u00fcr dessen Bruder Joseph Clemens als auch f\u00fcr Clemens August selbst t\u00e4tig. Zum anderen sprechen kompositorische \u00dcbereinstimmungen f\u00fcr die Entstehung des Gem\u00e4ldes im Umfeld von Vivien. Denn das von Vivien 1713 gemalte Gem\u00e4lde des Joseph Clemens, das diesen prunkvoll im h\u00f6fischen Bischofsgewand auf einen Sessel sitzend darstellt und das mehrfach von anderen K\u00fcnstlern kopiert und als Vorlage f\u00fcr Kupferstiche verwendet wurde, gleicht dem Gem\u00e4lde in der K\u00f6rperhaltung und des Faltenwurfes des Bischofsgewandes von Clemens August in erstaunlichster Weise.<\/p>\n\n\n\n<p>Gelegenheit die Neuerwerbung im Original in Augenschein zu nehmen, haben interessierte Einzelbesucher seit diesem Jahr. Am 1. M\u00e4rz startet das Emslandmuseum Schloss Clemenswerth in die Saison und hat wieder von Dienstag bis Freitag seine T\u00fcren f\u00fcr interessierte Einzelbesucher ge\u00f6ffnet (M\u00e4rz 11 \u2013 16 Uhr, April bis Oktober 10 \u2013 18 Uhr). Weitere Informationen: www.clemenswerth.de<\/p>\n\n\n\n<p>Text: Ramona Krons \/ Foto: Emslandmuseum Schloss Clemenswerth<\/p>\n\n\n\n<figure class=\"wp-block-image size-large\"><a href=\"https:\/\/www.forum-soegel.de\/information\/wp-content\/uploads\/2022\/03\/Nach-Restaurierung-Clemens-August-Gemaelde-zurueck-am-Schloss-scaled.jpg\"><img loading=\"lazy\" decoding=\"async\" width=\"1024\" height=\"768\" src=\"https:\/\/www.forum-soegel.de\/information\/wp-content\/uploads\/2022\/03\/Nach-Restaurierung-Clemens-August-Gemaelde-zurueck-am-Schloss-1024x768.jpg\" alt=\"\" class=\"wp-image-32025\" srcset=\"https:\/\/www.forum-soegel.de\/information\/wp-content\/uploads\/2022\/03\/Nach-Restaurierung-Clemens-August-Gemaelde-zurueck-am-Schloss-1024x768.jpg 1024w, https:\/\/www.forum-soegel.de\/information\/wp-content\/uploads\/2022\/03\/Nach-Restaurierung-Clemens-August-Gemaelde-zurueck-am-Schloss-300x225.jpg 300w, https:\/\/www.forum-soegel.de\/information\/wp-content\/uploads\/2022\/03\/Nach-Restaurierung-Clemens-August-Gemaelde-zurueck-am-Schloss-768x576.jpg 768w, https:\/\/www.forum-soegel.de\/information\/wp-content\/uploads\/2022\/03\/Nach-Restaurierung-Clemens-August-Gemaelde-zurueck-am-Schloss-1536x1152.jpg 1536w, https:\/\/www.forum-soegel.de\/information\/wp-content\/uploads\/2022\/03\/Nach-Restaurierung-Clemens-August-Gemaelde-zurueck-am-Schloss-2048x1536.jpg 2048w\" sizes=\"auto, (max-width: 1024px) 100vw, 1024px\" \/><\/a><figcaption>Oliver Fok (li.) und Marc-Andr\u00e9 Burgdorf mit Annette Gieling.<\/figcaption><\/figure>\n","protected":false},"excerpt":{"rendered":"S\u00f6gel &#8211; Bereits im letzten Jahr konnte das Emslandmuseum Schloss Clemenswerth ein Gem\u00e4lde erwerben, das den noch jungen Clemens August (1700 \u2013 1761) Anfang der 1720er Jahre abbildet. \u201eSolche Angebote sind recht selten. Nach Begutachtung und Recherche haben wir uns relativ schnell daf\u00fcr entschieden, dass in seiner malerischen Qualit\u00e4t hochwertige, jedoch in seinem Zustand eher [&hellip;]\n","protected":false},"author":2,"featured_media":0,"comment_status":"closed","ping_status":"closed","sticky":false,"template":"","format":"standard","meta":{"ngg_post_thumbnail":0,"footnotes":""},"categories":[3],"tags":[],"class_list":["post-32024","post","type-post","status-publish","format-standard","hentry","category-aktuelles-aus-der-region"],"_links":{"self":[{"href":"https:\/\/www.forum-soegel.de\/information\/wp-json\/wp\/v2\/posts\/32024","targetHints":{"allow":["GET"]}}],"collection":[{"href":"https:\/\/www.forum-soegel.de\/information\/wp-json\/wp\/v2\/posts"}],"about":[{"href":"https:\/\/www.forum-soegel.de\/information\/wp-json\/wp\/v2\/types\/post"}],"author":[{"embeddable":true,"href":"https:\/\/www.forum-soegel.de\/information\/wp-json\/wp\/v2\/users\/2"}],"replies":[{"embeddable":true,"href":"https:\/\/www.forum-soegel.de\/information\/wp-json\/wp\/v2\/comments?post=32024"}],"version-history":[{"count":1,"href":"https:\/\/www.forum-soegel.de\/information\/wp-json\/wp\/v2\/posts\/32024\/revisions"}],"predecessor-version":[{"id":32026,"href":"https:\/\/www.forum-soegel.de\/information\/wp-json\/wp\/v2\/posts\/32024\/revisions\/32026"}],"wp:attachment":[{"href":"https:\/\/www.forum-soegel.de\/information\/wp-json\/wp\/v2\/media?parent=32024"}],"wp:term":[{"taxonomy":"category","embeddable":true,"href":"https:\/\/www.forum-soegel.de\/information\/wp-json\/wp\/v2\/categories?post=32024"},{"taxonomy":"post_tag","embeddable":true,"href":"https:\/\/www.forum-soegel.de\/information\/wp-json\/wp\/v2\/tags?post=32024"}],"curies":[{"name":"wp","href":"https:\/\/api.w.org\/{rel}","templated":true}]}}