{"id":32013,"date":"2022-03-07T13:30:08","date_gmt":"2022-03-07T12:30:08","guid":{"rendered":"https:\/\/www.forum-soegel.de\/information\/?p=32013"},"modified":"2022-03-07T13:30:08","modified_gmt":"2022-03-07T12:30:08","slug":"johannes-cordes-plant-ausstellung-in-stavern","status":"publish","type":"post","link":"https:\/\/www.forum-soegel.de\/information\/2022\/03\/johannes-cordes-plant-ausstellung-in-stavern\/","title":{"rendered":"<strong><em>Johannes Cordes plant Ausstellung in Stavern<\/em><\/strong><em><\/em>"},"content":{"rendered":"\n<p>Stavern &#8211; Der in Stavern wohnhafte K\u00fcnstler Johannes Cordes, der sein Atelier in Meppen hat, ist zwischenzeitlich weit \u00fcber die Grenzen des Emslandes und auch Deutschlands bekannt. Vor der Pandemie hatte er seine Werke u.a. in Palma de Mallorca ausgestellt.<\/p>\n\n\n\n<p><strong>Was sind das f\u00fcr Kunstwerke?<\/strong><\/p>\n\n\n\n<p>Die Bilder von Johannes Cordes Bilder bestehen aus Gummib\u00e4rchen! Weltweit einzigartig ist die Technik, die er \u00fcber Jahre entwickelt hat. Wenn man die gro\u00dfen Kunstwerke, die er auch in seinem Atelier in Meppen ausgestellt hat, betrachtet, kann man erahnen, welche Arbeit in so einem Bild steckt. Tausende, je nach Gr\u00f6\u00dfe des Bildes auch Zehntausende Gummib\u00e4rchen werden verarbeitet. Die Gummib\u00e4rchen werden in mehreren Arbeitsg\u00e4ngen mit Farbe bestrichen, bis sie schlie\u00dflich die richtige, f\u00fcr das jeweilige Bild passende Schattierung haben. Anschlie\u00dfend werden sie Reihe f\u00fcr Reihe auf einer vorgefertigten Platte aufgeklebt werden. Danach folgen mehrere Arbeitsg\u00e4nge, in denen die Gummib\u00e4rchen mit einer besonderen L\u00f6sung \u00fcberstrichen werden. Hier hat Johannes Cordes in den vergangenen Jahren eine entsprechende Technik entwickelt und immer wieder verbessert. Das Bild ist nach seiner Fertigstellung \u00fcber Jahrzehnte im gleichbleibenden Zustand. Die Gummib\u00e4rchen bleiben in ihrer urspr\u00fcnglichen Gr\u00f6\u00dfe erhalten und wichtig ist f\u00fcr den K\u00fcnstler, dass auch die Farben entsprechend sichtbar bleiben.<\/p>\n\n\n\n<p>Neben diesen Kunstwerken stellt Johannes Cordes auch Objektk\u00e4sten in verschiedenen Gr\u00f6\u00dfen und Formen her. Um die Vielfalt seiner Arbeiten zu sehen lohnt sich immer ein Besuch in seinem Atelier.<\/p>\n\n\n\n<p><strong>Ausstellung im Gasthof Gerdes in Stavern<\/strong><\/p>\n\n\n\n<p>Derzeit plant der K\u00fcnstler eine gro\u00dfe Ausstellung im Saal des Gasthofes Gerdes in Stavern. Mit vielen zus\u00e4tzlichen Attraktionen soll dieses f\u00fcr Juni 2022 geplante Event ein Highlight der besonderen Art werden.<\/p>\n\n\n\n<p>Das erste Fernsehteam hatte sich im Januar 2022 bereits bei Johannes Cordes gemeldet. Mitarbeiter des Senders RTL Nord drehten in Meppen und in Stavern. Ein entsprechender Bericht wurde kurz danach \u00fcber den Sender ausgestrahlt. Der sehenswerte Bericht ist weiterhin auf der Mediathek von RTL-Nord abrufbar.<\/p>\n\n\n\n<p>Weitere Fernsehsender haben sich f\u00fcr die n\u00e4chsten Monate angemeldet.<\/p>\n\n\n\n<p>Wir werden in den n\u00e4chsten Ausgaben der IFS weiter \u00fcber die geplante Ausstellung in Stavern informieren.<\/p>\n\n\n\n<p>Text\/Foto: Gerd Rode<\/p>\n\n\n\n<figure class=\"wp-block-image size-large\"><a href=\"https:\/\/www.forum-soegel.de\/information\/wp-content\/uploads\/2022\/03\/Johannes-Cordes-plan-Ausstellung-in-Stavern_RTL-Nord-002-scaled.jpg\"><img loading=\"lazy\" decoding=\"async\" width=\"1024\" height=\"683\" src=\"https:\/\/www.forum-soegel.de\/information\/wp-content\/uploads\/2022\/03\/Johannes-Cordes-plan-Ausstellung-in-Stavern_RTL-Nord-002-1024x683.jpg\" alt=\"\" class=\"wp-image-32014\" srcset=\"https:\/\/www.forum-soegel.de\/information\/wp-content\/uploads\/2022\/03\/Johannes-Cordes-plan-Ausstellung-in-Stavern_RTL-Nord-002-1024x683.jpg 1024w, https:\/\/www.forum-soegel.de\/information\/wp-content\/uploads\/2022\/03\/Johannes-Cordes-plan-Ausstellung-in-Stavern_RTL-Nord-002-300x200.jpg 300w, https:\/\/www.forum-soegel.de\/information\/wp-content\/uploads\/2022\/03\/Johannes-Cordes-plan-Ausstellung-in-Stavern_RTL-Nord-002-768x512.jpg 768w, https:\/\/www.forum-soegel.de\/information\/wp-content\/uploads\/2022\/03\/Johannes-Cordes-plan-Ausstellung-in-Stavern_RTL-Nord-002-1536x1024.jpg 1536w, https:\/\/www.forum-soegel.de\/information\/wp-content\/uploads\/2022\/03\/Johannes-Cordes-plan-Ausstellung-in-Stavern_RTL-Nord-002-2048x1365.jpg 2048w\" sizes=\"auto, (max-width: 1024px) 100vw, 1024px\" \/><\/a><figcaption>Besprechung mit dem Team vom Sender RTL-Nord<\/figcaption><\/figure>\n\n\n\n<figure class=\"wp-block-image size-large\"><a href=\"https:\/\/www.forum-soegel.de\/information\/wp-content\/uploads\/2022\/03\/Johannes-Cordes-plan-Ausstellung-in-Stavern_RTL-Nord-001-scaled.jpg\"><img loading=\"lazy\" decoding=\"async\" width=\"1024\" height=\"740\" src=\"https:\/\/www.forum-soegel.de\/information\/wp-content\/uploads\/2022\/03\/Johannes-Cordes-plan-Ausstellung-in-Stavern_RTL-Nord-001-1024x740.jpg\" alt=\"\" class=\"wp-image-32015\" srcset=\"https:\/\/www.forum-soegel.de\/information\/wp-content\/uploads\/2022\/03\/Johannes-Cordes-plan-Ausstellung-in-Stavern_RTL-Nord-001-1024x740.jpg 1024w, https:\/\/www.forum-soegel.de\/information\/wp-content\/uploads\/2022\/03\/Johannes-Cordes-plan-Ausstellung-in-Stavern_RTL-Nord-001-300x217.jpg 300w, https:\/\/www.forum-soegel.de\/information\/wp-content\/uploads\/2022\/03\/Johannes-Cordes-plan-Ausstellung-in-Stavern_RTL-Nord-001-768x555.jpg 768w, https:\/\/www.forum-soegel.de\/information\/wp-content\/uploads\/2022\/03\/Johannes-Cordes-plan-Ausstellung-in-Stavern_RTL-Nord-001-1536x1110.jpg 1536w, https:\/\/www.forum-soegel.de\/information\/wp-content\/uploads\/2022\/03\/Johannes-Cordes-plan-Ausstellung-in-Stavern_RTL-Nord-001-2048x1480.jpg 2048w\" sizes=\"auto, (max-width: 1024px) 100vw, 1024px\" \/><\/a><figcaption>Markus Kubath, Inh. des Gasthofes Gerdes, Johannes Cordes und das Team vom Sender RTL-Nord beim Interview in Stavern<\/figcaption><\/figure>\n","protected":false},"excerpt":{"rendered":"Stavern &#8211; Der in Stavern wohnhafte K\u00fcnstler Johannes Cordes, der sein Atelier in Meppen hat, ist zwischenzeitlich weit \u00fcber die Grenzen des Emslandes und auch Deutschlands bekannt. Vor der Pandemie hatte er seine Werke u.a. in Palma de Mallorca ausgestellt. Was sind das f\u00fcr Kunstwerke? Die Bilder von Johannes Cordes Bilder bestehen aus Gummib\u00e4rchen! Weltweit [&hellip;]\n","protected":false},"author":2,"featured_media":0,"comment_status":"closed","ping_status":"closed","sticky":false,"template":"","format":"standard","meta":{"ngg_post_thumbnail":0,"footnotes":""},"categories":[3],"tags":[],"class_list":["post-32013","post","type-post","status-publish","format-standard","hentry","category-aktuelles-aus-der-region"],"_links":{"self":[{"href":"https:\/\/www.forum-soegel.de\/information\/wp-json\/wp\/v2\/posts\/32013","targetHints":{"allow":["GET"]}}],"collection":[{"href":"https:\/\/www.forum-soegel.de\/information\/wp-json\/wp\/v2\/posts"}],"about":[{"href":"https:\/\/www.forum-soegel.de\/information\/wp-json\/wp\/v2\/types\/post"}],"author":[{"embeddable":true,"href":"https:\/\/www.forum-soegel.de\/information\/wp-json\/wp\/v2\/users\/2"}],"replies":[{"embeddable":true,"href":"https:\/\/www.forum-soegel.de\/information\/wp-json\/wp\/v2\/comments?post=32013"}],"version-history":[{"count":1,"href":"https:\/\/www.forum-soegel.de\/information\/wp-json\/wp\/v2\/posts\/32013\/revisions"}],"predecessor-version":[{"id":32016,"href":"https:\/\/www.forum-soegel.de\/information\/wp-json\/wp\/v2\/posts\/32013\/revisions\/32016"}],"wp:attachment":[{"href":"https:\/\/www.forum-soegel.de\/information\/wp-json\/wp\/v2\/media?parent=32013"}],"wp:term":[{"taxonomy":"category","embeddable":true,"href":"https:\/\/www.forum-soegel.de\/information\/wp-json\/wp\/v2\/categories?post=32013"},{"taxonomy":"post_tag","embeddable":true,"href":"https:\/\/www.forum-soegel.de\/information\/wp-json\/wp\/v2\/tags?post=32013"}],"curies":[{"name":"wp","href":"https:\/\/api.w.org\/{rel}","templated":true}]}}