{"id":32006,"date":"2022-03-07T13:25:22","date_gmt":"2022-03-07T12:25:22","guid":{"rendered":"https:\/\/www.forum-soegel.de\/information\/?p=32006"},"modified":"2022-03-07T13:25:22","modified_gmt":"2022-03-07T12:25:22","slug":"der-drk-tagestreff-in-soegel-bringt-farbe-ins-spiel","status":"publish","type":"post","link":"https:\/\/www.forum-soegel.de\/information\/2022\/03\/der-drk-tagestreff-in-soegel-bringt-farbe-ins-spiel\/","title":{"rendered":"Der DRK-Tagestreff in S\u00f6gel bringt Farbe ins Spiel"},"content":{"rendered":"\n<p>S\u00f6gel &#8211; Ganz dem Motto: \u201eManchmal muss man sich selbst Konfetti in das Leben werfen\u201c haben die DRK-Tagesg\u00e4ste in S\u00f6gel aus alten Kn\u00f6pfen bunte Schl\u00fcsselanh\u00e4nger gefertigt, die sie dann mit nach Hause nahmen.<\/p>\n\n\n\n<p>Ganz nebenbei wurden hierbei Geschicklichkeit und Koordination ge\u00fcbt.<\/p>\n\n\n\n<p>Nat\u00fcrlich vielen dem ein oder anderen DRK-Tagesgast auch Geschichten zu den alten Kn\u00f6pfen ein &#8211; wie zum Beispiel das getragene Kost\u00fcm bei der eigenen Verlobungsfeier oder des Lieblingsmantels.<\/p>\n\n\n\n<p>M\u00f6chten Sie auch Konfetti in Ihr Leben werfen?<\/p>\n\n\n\n<p>Gerne k\u00f6nnen Sie im DRK-Tagestreff in S\u00f6gel auch einen Schnuppertag erleben.<\/p>\n\n\n\n<p>Das Team vom DRK-Tagestreff S\u00f6gel freut sich auf Sie.<\/p>\n\n\n\n<p>Tel.: 05952 423980<br><br>Text\/Foto: Ira Wilmes<\/p>\n\n\n\n<figure class=\"wp-block-gallery has-nested-images columns-default is-cropped wp-block-gallery-1 is-layout-flex wp-block-gallery-is-layout-flex\">\n<figure class=\"wp-block-image size-large\"><a href=\"https:\/\/www.forum-soegel.de\/information\/wp-content\/uploads\/2022\/03\/Der-DRK-Tagestreff-in-Soegel-bringt-Farbe-ins-Spiel.png\"><img loading=\"lazy\" decoding=\"async\" width=\"461\" height=\"1024\" data-id=\"32008\" src=\"https:\/\/www.forum-soegel.de\/information\/wp-content\/uploads\/2022\/03\/Der-DRK-Tagestreff-in-Soegel-bringt-Farbe-ins-Spiel-461x1024.png\" alt=\"\" class=\"wp-image-32008\" srcset=\"https:\/\/www.forum-soegel.de\/information\/wp-content\/uploads\/2022\/03\/Der-DRK-Tagestreff-in-Soegel-bringt-Farbe-ins-Spiel-461x1024.png 461w, https:\/\/www.forum-soegel.de\/information\/wp-content\/uploads\/2022\/03\/Der-DRK-Tagestreff-in-Soegel-bringt-Farbe-ins-Spiel-135x300.png 135w, https:\/\/www.forum-soegel.de\/information\/wp-content\/uploads\/2022\/03\/Der-DRK-Tagestreff-in-Soegel-bringt-Farbe-ins-Spiel-691x1536.png 691w, https:\/\/www.forum-soegel.de\/information\/wp-content\/uploads\/2022\/03\/Der-DRK-Tagestreff-in-Soegel-bringt-Farbe-ins-Spiel.png 720w\" sizes=\"auto, (max-width: 461px) 100vw, 461px\" \/><\/a><\/figure>\n\n\n\n<figure class=\"wp-block-image size-large\"><a href=\"https:\/\/www.forum-soegel.de\/information\/wp-content\/uploads\/2022\/03\/Der-DRK-Tagestreff-in-Soegel-bringt-Farbe-ins-Spiel.jpg\"><img loading=\"lazy\" decoding=\"async\" width=\"461\" height=\"1024\" data-id=\"32007\" src=\"https:\/\/www.forum-soegel.de\/information\/wp-content\/uploads\/2022\/03\/Der-DRK-Tagestreff-in-Soegel-bringt-Farbe-ins-Spiel-461x1024.jpg\" alt=\"\" class=\"wp-image-32007\" srcset=\"https:\/\/www.forum-soegel.de\/information\/wp-content\/uploads\/2022\/03\/Der-DRK-Tagestreff-in-Soegel-bringt-Farbe-ins-Spiel-461x1024.jpg 461w, https:\/\/www.forum-soegel.de\/information\/wp-content\/uploads\/2022\/03\/Der-DRK-Tagestreff-in-Soegel-bringt-Farbe-ins-Spiel-135x300.jpg 135w, https:\/\/www.forum-soegel.de\/information\/wp-content\/uploads\/2022\/03\/Der-DRK-Tagestreff-in-Soegel-bringt-Farbe-ins-Spiel-691x1536.jpg 691w, https:\/\/www.forum-soegel.de\/information\/wp-content\/uploads\/2022\/03\/Der-DRK-Tagestreff-in-Soegel-bringt-Farbe-ins-Spiel.jpg 720w\" sizes=\"auto, (max-width: 461px) 100vw, 461px\" \/><\/a><\/figure>\n<\/figure>\n","protected":false},"excerpt":{"rendered":"S\u00f6gel &#8211; Ganz dem Motto: \u201eManchmal muss man sich selbst Konfetti in das Leben werfen\u201c haben die DRK-Tagesg\u00e4ste in S\u00f6gel aus alten Kn\u00f6pfen bunte Schl\u00fcsselanh\u00e4nger gefertigt, die sie dann mit nach Hause nahmen. Ganz nebenbei wurden hierbei Geschicklichkeit und Koordination ge\u00fcbt. Nat\u00fcrlich vielen dem ein oder anderen DRK-Tagesgast auch Geschichten zu den alten Kn\u00f6pfen ein [&hellip;]\n","protected":false},"author":2,"featured_media":0,"comment_status":"closed","ping_status":"closed","sticky":false,"template":"","format":"standard","meta":{"ngg_post_thumbnail":0,"footnotes":""},"categories":[3],"tags":[],"class_list":["post-32006","post","type-post","status-publish","format-standard","hentry","category-aktuelles-aus-der-region"],"_links":{"self":[{"href":"https:\/\/www.forum-soegel.de\/information\/wp-json\/wp\/v2\/posts\/32006","targetHints":{"allow":["GET"]}}],"collection":[{"href":"https:\/\/www.forum-soegel.de\/information\/wp-json\/wp\/v2\/posts"}],"about":[{"href":"https:\/\/www.forum-soegel.de\/information\/wp-json\/wp\/v2\/types\/post"}],"author":[{"embeddable":true,"href":"https:\/\/www.forum-soegel.de\/information\/wp-json\/wp\/v2\/users\/2"}],"replies":[{"embeddable":true,"href":"https:\/\/www.forum-soegel.de\/information\/wp-json\/wp\/v2\/comments?post=32006"}],"version-history":[{"count":1,"href":"https:\/\/www.forum-soegel.de\/information\/wp-json\/wp\/v2\/posts\/32006\/revisions"}],"predecessor-version":[{"id":32009,"href":"https:\/\/www.forum-soegel.de\/information\/wp-json\/wp\/v2\/posts\/32006\/revisions\/32009"}],"wp:attachment":[{"href":"https:\/\/www.forum-soegel.de\/information\/wp-json\/wp\/v2\/media?parent=32006"}],"wp:term":[{"taxonomy":"category","embeddable":true,"href":"https:\/\/www.forum-soegel.de\/information\/wp-json\/wp\/v2\/categories?post=32006"},{"taxonomy":"post_tag","embeddable":true,"href":"https:\/\/www.forum-soegel.de\/information\/wp-json\/wp\/v2\/tags?post=32006"}],"curies":[{"name":"wp","href":"https:\/\/api.w.org\/{rel}","templated":true}]}}