{"id":32003,"date":"2022-03-07T13:23:33","date_gmt":"2022-03-07T12:23:33","guid":{"rendered":"https:\/\/www.forum-soegel.de\/information\/?p=32003"},"modified":"2022-03-07T13:23:33","modified_gmt":"2022-03-07T12:23:33","slug":"brinkmann-und-arling-in-den-ruhestand-verabschiedet","status":"publish","type":"post","link":"https:\/\/www.forum-soegel.de\/information\/2022\/03\/brinkmann-und-arling-in-den-ruhestand-verabschiedet\/","title":{"rendered":"Brinkmann und Arling in den Ruhestand verabschiedet"},"content":{"rendered":"\n<p>S\u00f6gel &#8211; Gleich von zwei langj\u00e4hrigen Kolleginnen hatte sich die Samtgemeinde S\u00f6gel in diesen Tagen offiziell zu verabschieden. Gerda Brinkmann und Gisela Arling haben mehrere Jahrzehnte ihren Beruf im Rathaus der Samtgemeinde S\u00f6gel bzw. auch bei der Schule am Schloss ausge\u00fcbt. Im vergangenen Jahr durften sie in den Ruhestand eintreten. Cornelia Willigmann-Kassner, Allgemeine Stellvertreterin des Samtgemeindeb\u00fcrgermeisters, sprach den beiden nun in einer kleinen nachtr\u00e4glichen Feierstunde anerkennende Dankesworte aus und \u00fcberreichte jeweils ein Pr\u00e4sent. Beide haben sich nach den Worten von Willigmann-Kassner \u00fcber viele Jahre f\u00fcr die Belange der Samtgemeinde S\u00f6gel verdient gemacht und seien auch von der Bev\u00f6lkerung als kompetente Ansprechpartnerinnen in ihrer beruflichen Aus\u00fcbung \u00e4u\u00dferst gesch\u00e4tzt worden. Die Kollegen und die Vertretung des Personalrates schlossen sich diesen Dankesworten gerne an.<\/p>\n\n\n\n<p><br>Text\/Foto: Samtgemeinde S\u00f6gel<\/p>\n\n\n\n<figure class=\"wp-block-image size-large\"><a href=\"https:\/\/www.forum-soegel.de\/information\/wp-content\/uploads\/2022\/03\/Brinkmann-und-Arling-in-den-Ruhestand-verabschiedet.jpg\"><img loading=\"lazy\" decoding=\"async\" width=\"1024\" height=\"768\" src=\"https:\/\/www.forum-soegel.de\/information\/wp-content\/uploads\/2022\/03\/Brinkmann-und-Arling-in-den-Ruhestand-verabschiedet-1024x768.jpg\" alt=\"\" class=\"wp-image-32004\" srcset=\"https:\/\/www.forum-soegel.de\/information\/wp-content\/uploads\/2022\/03\/Brinkmann-und-Arling-in-den-Ruhestand-verabschiedet-1024x768.jpg 1024w, https:\/\/www.forum-soegel.de\/information\/wp-content\/uploads\/2022\/03\/Brinkmann-und-Arling-in-den-Ruhestand-verabschiedet-300x225.jpg 300w, https:\/\/www.forum-soegel.de\/information\/wp-content\/uploads\/2022\/03\/Brinkmann-und-Arling-in-den-Ruhestand-verabschiedet-768x576.jpg 768w, https:\/\/www.forum-soegel.de\/information\/wp-content\/uploads\/2022\/03\/Brinkmann-und-Arling-in-den-Ruhestand-verabschiedet-1536x1152.jpg 1536w, https:\/\/www.forum-soegel.de\/information\/wp-content\/uploads\/2022\/03\/Brinkmann-und-Arling-in-den-Ruhestand-verabschiedet.jpg 2016w\" sizes=\"auto, (max-width: 1024px) 100vw, 1024px\" \/><\/a><figcaption>v.l.n.r.: Cornelia Willigmann-Kassner, Maria Lau (Schulleiterin der Oberschule S\u00f6gel), Gisela und Alfons Arling, Gerda und Werner Brinkmann, Arnold Welling (Fachbereichsleiter Schulen), Frank Tholen (Personalrat) und Petra Nieters (Fachdienst Personal).<\/figcaption><\/figure>\n","protected":false},"excerpt":{"rendered":"S\u00f6gel &#8211; Gleich von zwei langj\u00e4hrigen Kolleginnen hatte sich die Samtgemeinde S\u00f6gel in diesen Tagen offiziell zu verabschieden. Gerda Brinkmann und Gisela Arling haben mehrere Jahrzehnte ihren Beruf im Rathaus der Samtgemeinde S\u00f6gel bzw. auch bei der Schule am Schloss ausge\u00fcbt. Im vergangenen Jahr durften sie in den Ruhestand eintreten. Cornelia Willigmann-Kassner, Allgemeine Stellvertreterin des [&hellip;]\n","protected":false},"author":2,"featured_media":0,"comment_status":"closed","ping_status":"closed","sticky":false,"template":"","format":"standard","meta":{"ngg_post_thumbnail":0,"footnotes":""},"categories":[3],"tags":[],"class_list":["post-32003","post","type-post","status-publish","format-standard","hentry","category-aktuelles-aus-der-region"],"_links":{"self":[{"href":"https:\/\/www.forum-soegel.de\/information\/wp-json\/wp\/v2\/posts\/32003","targetHints":{"allow":["GET"]}}],"collection":[{"href":"https:\/\/www.forum-soegel.de\/information\/wp-json\/wp\/v2\/posts"}],"about":[{"href":"https:\/\/www.forum-soegel.de\/information\/wp-json\/wp\/v2\/types\/post"}],"author":[{"embeddable":true,"href":"https:\/\/www.forum-soegel.de\/information\/wp-json\/wp\/v2\/users\/2"}],"replies":[{"embeddable":true,"href":"https:\/\/www.forum-soegel.de\/information\/wp-json\/wp\/v2\/comments?post=32003"}],"version-history":[{"count":1,"href":"https:\/\/www.forum-soegel.de\/information\/wp-json\/wp\/v2\/posts\/32003\/revisions"}],"predecessor-version":[{"id":32005,"href":"https:\/\/www.forum-soegel.de\/information\/wp-json\/wp\/v2\/posts\/32003\/revisions\/32005"}],"wp:attachment":[{"href":"https:\/\/www.forum-soegel.de\/information\/wp-json\/wp\/v2\/media?parent=32003"}],"wp:term":[{"taxonomy":"category","embeddable":true,"href":"https:\/\/www.forum-soegel.de\/information\/wp-json\/wp\/v2\/categories?post=32003"},{"taxonomy":"post_tag","embeddable":true,"href":"https:\/\/www.forum-soegel.de\/information\/wp-json\/wp\/v2\/tags?post=32003"}],"curies":[{"name":"wp","href":"https:\/\/api.w.org\/{rel}","templated":true}]}}